{"id":19880,"date":"2026-04-30T14:32:13","date_gmt":"2026-04-30T17:32:13","guid":{"rendered":"https:\/\/www.jirauenergia.com.br\/?p=19880"},"modified":"2026-04-30T14:32:14","modified_gmt":"2026-04-30T17:32:14","slug":"jirau-energia-anuncia-novo-presidente","status":"publish","type":"post","link":"https:\/\/www.jirauenergia.com.br\/en\/jirau-energia-anuncia-novo-presidente\/","title":{"rendered":"JIRAU ENERGIA ANUNCIA NOVO PRESIDENTE"},"content":{"rendered":"<p class=\"has-text-align-center\"><em>Diego Collet assume a presid\u00eancia da Jirau Energia no lugar do Executivo Edson Silva e ter\u00e1 foco em efici\u00eancia e sustentabilidade.<\/em><\/p>\n\n\n\n<p>A Jirau Energia anuncia a nomea\u00e7\u00e3o de Diego Collet como novo Diretor-presidente da companhia, com in\u00edcio da gest\u00e3o em 1\u00ba de maio de 2026. Ele substituir\u00e1 Edson Silva, que deixa o cargo ap\u00f3s sete anos \u00e0 frente da companhia.<\/p>\n\n\n\n<p>Formado em Engenharia Mec\u00e2nica, Diego acumula 23 anos de experi\u00eancia no setor el\u00e9trico e assume o cargo com a miss\u00e3o de manter a excel\u00eancia operacional, fortalecer a agenda de sustentabilidade e consolidar boas pr\u00e1ticas em sa\u00fade, seguran\u00e7a e gest\u00e3o de pessoas.<\/p>\n\n\n\n<p>\u201cNos \u00faltimos anos, lideramos agendas estruturantes que refor\u00e7aram a confiabilidade operacional, a governan\u00e7a e o relacionamento institucional. Seguiremos comprometidos com seguran\u00e7a, \u00e9tica, disciplina operacional e resultados sustent\u00e1veis, ampliando o legado da companhia para as pr\u00f3ximas gera\u00e7\u00f5es atrav\u00e9s das nossas a\u00e7\u00f5es socioambientais\u201d, afirma.<\/p>\n\n\n\n<p>Sua trajet\u00f3ria profissional teve in\u00edcio em 2003, na Usina Termel\u00e9trica de Charqueadas, na ENGIE Brasil Energia. Tr\u00eas anos depois, assumiu Ger\u00eancia de Opera\u00e7\u00e3o das Usinas Hidrel\u00e9tricas It\u00e1, Machadinho e Passo Fundo. Em 2013, passou a gerenciar a Regional do Rio Uruguai, onde permaneceu at\u00e9 fevereiro de 2021, quando assumiu a Diretoria de Opera\u00e7\u00e3o da Jirau Energia.<\/p>\n\n\n\n<p>Desde que ingressou na Jirau Energia, em 2021, o executivo liderou projetos de infraestrutura e opera\u00e7\u00e3o, como a implanta\u00e7\u00e3o de sistemas de prote\u00e7\u00e3o das casas de for\u00e7a da usina e melhorias log\u00edsticas, incluindo o alteamento de trechos da BR-364. Sob sua gest\u00e3o, a usina atingiu 99,97% de disponibilidade, o melhor resultado de sua hist\u00f3ria.<\/p>\n\n\n\n<p>Tamb\u00e9m participou de articula\u00e7\u00f5es institucionais que resultaram em acordo entre Brasil e Bol\u00edvia para opera\u00e7\u00e3o em cota 90 ampliada, al\u00e9m de iniciativas de moderniza\u00e7\u00e3o dos ambientes de trabalho e programas de capacita\u00e7\u00e3o t\u00e9cnica para comunidade em parceria com o SENAI. No per\u00edodo, a empresa conquistou certifica\u00e7\u00f5es como ISO 14001 e ISO 45001, al\u00e9m do selo Gold <em>da International Hydropower Association<\/em> (IHA), e recebeu reconhecimentos do Ibama por boas pr\u00e1ticas ambientais.<\/p>\n\n\n\n<p>Diego \u00e9 formado em Engenharia Mec\u00e2nica pela Universidade Federal do Rio Grande do Sul, com MBA em Gest\u00e3o Empresarial pela Funda\u00e7\u00e3o Get\u00falio Vargas e Executivo pela Funda\u00e7\u00e3o Dom Cabral, al\u00e9m de ser certificado pelo programa de Gest\u00e3o Executiva Avan\u00e7ada da IESE <em>Business School<\/em>.<\/p>\n\n\n\n<p><strong><em>Sobre&nbsp;a&nbsp;Jirau Energia<\/em><\/strong><\/p>\n\n\n\n<p>A Jirau Energia \u00e9 uma das principais geradoras privadas do pa\u00eds e respons\u00e1vel pela opera\u00e7\u00e3o da Usina Hidrel\u00e9trica Jirau, no rio Madeira (RO). A usina desempenha papel estrat\u00e9gico na matriz el\u00e9trica brasileira ao fornecer energia limpa e renov\u00e1vel para mais de 40 milh\u00f5es de pessoas. Em 2025, registrou gera\u00e7\u00e3o de 15,9 milh\u00f5es de MWh. Desde o in\u00edcio da opera\u00e7\u00e3o, em 2013, j\u00e1 soma mais de 159 milh\u00f5es de MWh gerados, contribuindo para a seguran\u00e7a energ\u00e9tica nacional.<\/p>\n\n\n\n<p><\/p>","protected":false},"excerpt":{"rendered":"<p>Diego Collet assume a presid\u00eancia da Jirau Energia no lugar do Executivo Edson Silva e ter\u00e1 foco em efici\u00eancia e sustentabilidade. A Jirau Energia anuncia a nomea\u00e7\u00e3o de Diego Collet como novo Diretor-presidente da companhia, com in\u00edcio da gest\u00e3o em 1\u00ba de maio de 2026. Ele substituir\u00e1 Edson Silva, que deixa o cargo ap\u00f3s sete [&hellip;]<\/p>","protected":false},"author":85,"featured_media":19881,"comment_status":"open","ping_status":"open","sticky":false,"template":"","format":"standard","meta":{"_acf_changed":false,"footnotes":""},"categories":[37],"tags":[],"tipo_de_noticias":[15],"tipos_de_inovacao":[],"categoria_episodios":[],"categorias_de_vaga":[],"categoria_de_programas":[],"alfabeto_glossario":[],"categorias_de_pdf":[],"projetos_pdi":[],"class_list":["post-19880","post","type-post","status-publish","format-standard","has-post-thumbnail","hentry","category-noticias","tipo_de_noticias-noticias"],"acf":[],"yoast_head":"<!-- This site is optimized with the Yoast SEO plugin v25.9 - https:\/\/yoast.com\/wordpress\/plugins\/seo\/ -->\n<title>JIRAU ENERGIA ANUNCIA NOVO PRESIDENTE - Jirau Energia<\/title>\n<meta name=\"robots\" content=\"index, follow, max-snippet:-1, max-image-preview:large, max-video-preview:-1\" \/>\n<link rel=\"canonical\" href=\"https:\/\/www.jirauenergia.com.br\/en\/jirau-energia-anuncia-novo-presidente\/\" \/>\n<meta property=\"og:locale\" content=\"en_US\" \/>\n<meta property=\"og:type\" content=\"article\" \/>\n<meta property=\"og:title\" content=\"JIRAU ENERGIA ANUNCIA NOVO PRESIDENTE - Jirau Energia\" \/>\n<meta property=\"og:description\" content=\"Diego Collet assume a presid\u00eancia da Jirau Energia no lugar do Executivo Edson Silva e ter\u00e1 foco em efici\u00eancia e sustentabilidade. A Jirau Energia anuncia a nomea\u00e7\u00e3o de Diego Collet como novo Diretor-presidente da companhia, com in\u00edcio da gest\u00e3o em 1\u00ba de maio de 2026. Ele substituir\u00e1 Edson Silva, que deixa o cargo ap\u00f3s sete [&hellip;]\" \/>\n<meta property=\"og:url\" content=\"https:\/\/www.jirauenergia.com.br\/en\/jirau-energia-anuncia-novo-presidente\/\" \/>\n<meta property=\"og:site_name\" content=\"Jirau Energia\" \/>\n<meta property=\"article:published_time\" content=\"2026-04-30T17:32:13+00:00\" \/>\n<meta property=\"article:modified_time\" content=\"2026-04-30T17:32:14+00:00\" \/>\n<meta property=\"og:image\" content=\"https:\/\/www.jirauenergia.com.br\/wp-content\/uploads\/2026\/04\/Diretor-presidente-da-Jirau-Energia_Diego-Collet-scaled.jpg\" \/>\n\t<meta property=\"og:image:width\" content=\"1707\" \/>\n\t<meta property=\"og:image:height\" content=\"2560\" \/>\n\t<meta property=\"og:image:type\" content=\"image\/jpeg\" \/>\n<meta name=\"author\" content=\"Luan Moura\" \/>\n<meta name=\"twitter:card\" content=\"summary_large_image\" \/>\n<meta name=\"twitter:label1\" content=\"Written by\" \/>\n\t<meta name=\"twitter:data1\" content=\"Luan Moura\" \/>\n\t<meta name=\"twitter:label2\" content=\"Est. reading time\" \/>\n\t<meta name=\"twitter:data2\" content=\"3 minutes\" \/>\n<script type=\"application\/ld+json\" class=\"yoast-schema-graph\">{\"@context\":\"https:\/\/schema.org\",\"@graph\":[{\"@type\":\"Article\",\"@id\":\"https:\/\/www.jirauenergia.com.br\/jirau-energia-anuncia-novo-presidente\/#article\",\"isPartOf\":{\"@id\":\"https:\/\/www.jirauenergia.com.br\/jirau-energia-anuncia-novo-presidente\/\"},\"author\":{\"name\":\"Luan Moura\",\"@id\":\"https:\/\/www.jirauenergia.com.br\/#\/schema\/person\/58029cf7ee8500cc847d8b5a0c3c026e\"},\"headline\":\"JIRAU ENERGIA ANUNCIA NOVO PRESIDENTE\",\"datePublished\":\"2026-04-30T17:32:13+00:00\",\"dateModified\":\"2026-04-30T17:32:14+00:00\",\"mainEntityOfPage\":{\"@id\":\"https:\/\/www.jirauenergia.com.br\/jirau-energia-anuncia-novo-presidente\/\"},\"wordCount\":507,\"commentCount\":0,\"publisher\":{\"@id\":\"https:\/\/www.jirauenergia.com.br\/#organization\"},\"image\":{\"@id\":\"https:\/\/www.jirauenergia.com.br\/jirau-energia-anuncia-novo-presidente\/#primaryimage\"},\"thumbnailUrl\":\"https:\/\/www.jirauenergia.com.br\/wp-content\/uploads\/2026\/04\/Diretor-presidente-da-Jirau-Energia_Diego-Collet-scaled.jpg\",\"articleSection\":[\"Not\u00edcias\"],\"inLanguage\":\"en-US\",\"potentialAction\":[{\"@type\":\"CommentAction\",\"name\":\"Comment\",\"target\":[\"https:\/\/www.jirauenergia.com.br\/jirau-energia-anuncia-novo-presidente\/#respond\"]}]},{\"@type\":\"WebPage\",\"@id\":\"https:\/\/www.jirauenergia.com.br\/jirau-energia-anuncia-novo-presidente\/\",\"url\":\"https:\/\/www.jirauenergia.com.br\/jirau-energia-anuncia-novo-presidente\/\",\"name\":\"JIRAU ENERGIA ANUNCIA NOVO PRESIDENTE - Jirau Energia\",\"isPartOf\":{\"@id\":\"https:\/\/www.jirauenergia.com.br\/#website\"},\"primaryImageOfPage\":{\"@id\":\"https:\/\/www.jirauenergia.com.br\/jirau-energia-anuncia-novo-presidente\/#primaryimage\"},\"image\":{\"@id\":\"https:\/\/www.jirauenergia.com.br\/jirau-energia-anuncia-novo-presidente\/#primaryimage\"},\"thumbnailUrl\":\"https:\/\/www.jirauenergia.com.br\/wp-content\/uploads\/2026\/04\/Diretor-presidente-da-Jirau-Energia_Diego-Collet-scaled.jpg\",\"datePublished\":\"2026-04-30T17:32:13+00:00\",\"dateModified\":\"2026-04-30T17:32:14+00:00\",\"breadcrumb\":{\"@id\":\"https:\/\/www.jirauenergia.com.br\/jirau-energia-anuncia-novo-presidente\/#breadcrumb\"},\"inLanguage\":\"en-US\",\"potentialAction\":[{\"@type\":\"ReadAction\",\"target\":[\"https:\/\/www.jirauenergia.com.br\/jirau-energia-anuncia-novo-presidente\/\"]}]},{\"@type\":\"ImageObject\",\"inLanguage\":\"en-US\",\"@id\":\"https:\/\/www.jirauenergia.com.br\/jirau-energia-anuncia-novo-presidente\/#primaryimage\",\"url\":\"https:\/\/www.jirauenergia.com.br\/wp-content\/uploads\/2026\/04\/Diretor-presidente-da-Jirau-Energia_Diego-Collet-scaled.jpg\",\"contentUrl\":\"https:\/\/www.jirauenergia.com.br\/wp-content\/uploads\/2026\/04\/Diretor-presidente-da-Jirau-Energia_Diego-Collet-scaled.jpg\",\"width\":1707,\"height\":2560},{\"@type\":\"BreadcrumbList\",\"@id\":\"https:\/\/www.jirauenergia.com.br\/jirau-energia-anuncia-novo-presidente\/#breadcrumb\",\"itemListElement\":[{\"@type\":\"ListItem\",\"position\":1,\"name\":\"In\u00edcio\",\"item\":\"https:\/\/www.jirauenergia.com.br\/\"},{\"@type\":\"ListItem\",\"position\":2,\"name\":\"JIRAU ENERGIA ANUNCIA NOVO PRESIDENTE\"}]},{\"@type\":\"WebSite\",\"@id\":\"https:\/\/www.jirauenergia.com.br\/#website\",\"url\":\"https:\/\/www.jirauenergia.com.br\/\",\"name\":\"Jirau Energia\",\"description\":\"\",\"publisher\":{\"@id\":\"https:\/\/www.jirauenergia.com.br\/#organization\"},\"potentialAction\":[{\"@type\":\"SearchAction\",\"target\":{\"@type\":\"EntryPoint\",\"urlTemplate\":\"https:\/\/www.jirauenergia.com.br\/?s={search_term_string}\"},\"query-input\":{\"@type\":\"PropertyValueSpecification\",\"valueRequired\":true,\"valueName\":\"search_term_string\"}}],\"inLanguage\":\"en-US\"},{\"@type\":\"Organization\",\"@id\":\"https:\/\/www.jirauenergia.com.br\/#organization\",\"name\":\"Jirau Energia\",\"url\":\"https:\/\/www.jirauenergia.com.br\/\",\"logo\":{\"@type\":\"ImageObject\",\"inLanguage\":\"en-US\",\"@id\":\"https:\/\/www.jirauenergia.com.br\/#\/schema\/logo\/image\/\",\"url\":\"https:\/\/www.jirauenergia.com.br\/wp-content\/uploads\/2021\/06\/cropped-logo-jirau-energia-1-1.png\",\"contentUrl\":\"https:\/\/www.jirauenergia.com.br\/wp-content\/uploads\/2021\/06\/cropped-logo-jirau-energia-1-1.png\",\"width\":300,\"height\":86,\"caption\":\"Jirau Energia\"},\"image\":{\"@id\":\"https:\/\/www.jirauenergia.com.br\/#\/schema\/logo\/image\/\"}},{\"@type\":\"Person\",\"@id\":\"https:\/\/www.jirauenergia.com.br\/#\/schema\/person\/58029cf7ee8500cc847d8b5a0c3c026e\",\"name\":\"Luan Moura\",\"image\":{\"@type\":\"ImageObject\",\"inLanguage\":\"en-US\",\"@id\":\"https:\/\/www.jirauenergia.com.br\/#\/schema\/person\/image\/\",\"url\":\"https:\/\/secure.gravatar.com\/avatar\/53829106ec1551655270f39e9e3a9f216a17c24a0966f011cda9a98b3a63b7be?s=96&d=mm&r=g\",\"contentUrl\":\"https:\/\/secure.gravatar.com\/avatar\/53829106ec1551655270f39e9e3a9f216a17c24a0966f011cda9a98b3a63b7be?s=96&d=mm&r=g\",\"caption\":\"Luan Moura\"},\"url\":\"https:\/\/www.jirauenergia.com.br\/en\/author\/luan\/\"}]}<\/script>\n<!-- \/ Yoast SEO plugin. -->","yoast_head_json":{"title":"JIRAU ENERGIA ANUNCIA NOVO PRESIDENTE - Jirau Energia","robots":{"index":"index","follow":"follow","max-snippet":"max-snippet:-1","max-image-preview":"max-image-preview:large","max-video-preview":"max-video-preview:-1"},"canonical":"https:\/\/www.jirauenergia.com.br\/en\/jirau-energia-anuncia-novo-presidente\/","og_locale":"en_US","og_type":"article","og_title":"JIRAU ENERGIA ANUNCIA NOVO PRESIDENTE - Jirau Energia","og_description":"Diego Collet assume a presid\u00eancia da Jirau Energia no lugar do Executivo Edson Silva e ter\u00e1 foco em efici\u00eancia e sustentabilidade. A Jirau Energia anuncia a nomea\u00e7\u00e3o de Diego Collet como novo Diretor-presidente da companhia, com in\u00edcio da gest\u00e3o em 1\u00ba de maio de 2026. Ele substituir\u00e1 Edson Silva, que deixa o cargo ap\u00f3s sete [&hellip;]","og_url":"https:\/\/www.jirauenergia.com.br\/en\/jirau-energia-anuncia-novo-presidente\/","og_site_name":"Jirau Energia","article_published_time":"2026-04-30T17:32:13+00:00","article_modified_time":"2026-04-30T17:32:14+00:00","og_image":[{"width":1707,"height":2560,"url":"https:\/\/www.jirauenergia.com.br\/wp-content\/uploads\/2026\/04\/Diretor-presidente-da-Jirau-Energia_Diego-Collet-scaled.jpg","type":"image\/jpeg"}],"author":"Luan Moura","twitter_card":"summary_large_image","twitter_misc":{"Written by":"Luan Moura","Est. reading time":"3 minutes"},"schema":{"@context":"https:\/\/schema.org","@graph":[{"@type":"Article","@id":"https:\/\/www.jirauenergia.com.br\/jirau-energia-anuncia-novo-presidente\/#article","isPartOf":{"@id":"https:\/\/www.jirauenergia.com.br\/jirau-energia-anuncia-novo-presidente\/"},"author":{"name":"Luan Moura","@id":"https:\/\/www.jirauenergia.com.br\/#\/schema\/person\/58029cf7ee8500cc847d8b5a0c3c026e"},"headline":"JIRAU ENERGIA ANUNCIA NOVO PRESIDENTE","datePublished":"2026-04-30T17:32:13+00:00","dateModified":"2026-04-30T17:32:14+00:00","mainEntityOfPage":{"@id":"https:\/\/www.jirauenergia.com.br\/jirau-energia-anuncia-novo-presidente\/"},"wordCount":507,"commentCount":0,"publisher":{"@id":"https:\/\/www.jirauenergia.com.br\/#organization"},"image":{"@id":"https:\/\/www.jirauenergia.com.br\/jirau-energia-anuncia-novo-presidente\/#primaryimage"},"thumbnailUrl":"https:\/\/www.jirauenergia.com.br\/wp-content\/uploads\/2026\/04\/Diretor-presidente-da-Jirau-Energia_Diego-Collet-scaled.jpg","articleSection":["Not\u00edcias"],"inLanguage":"en-US","potentialAction":[{"@type":"CommentAction","name":"Comment","target":["https:\/\/www.jirauenergia.com.br\/jirau-energia-anuncia-novo-presidente\/#respond"]}]},{"@type":"WebPage","@id":"https:\/\/www.jirauenergia.com.br\/jirau-energia-anuncia-novo-presidente\/","url":"https:\/\/www.jirauenergia.com.br\/jirau-energia-anuncia-novo-presidente\/","name":"JIRAU ENERGIA ANUNCIA NOVO PRESIDENTE - Jirau Energia","isPartOf":{"@id":"https:\/\/www.jirauenergia.com.br\/#website"},"primaryImageOfPage":{"@id":"https:\/\/www.jirauenergia.com.br\/jirau-energia-anuncia-novo-presidente\/#primaryimage"},"image":{"@id":"https:\/\/www.jirauenergia.com.br\/jirau-energia-anuncia-novo-presidente\/#primaryimage"},"thumbnailUrl":"https:\/\/www.jirauenergia.com.br\/wp-content\/uploads\/2026\/04\/Diretor-presidente-da-Jirau-Energia_Diego-Collet-scaled.jpg","datePublished":"2026-04-30T17:32:13+00:00","dateModified":"2026-04-30T17:32:14+00:00","breadcrumb":{"@id":"https:\/\/www.jirauenergia.com.br\/jirau-energia-anuncia-novo-presidente\/#breadcrumb"},"inLanguage":"en-US","potentialAction":[{"@type":"ReadAction","target":["https:\/\/www.jirauenergia.com.br\/jirau-energia-anuncia-novo-presidente\/"]}]},{"@type":"ImageObject","inLanguage":"en-US","@id":"https:\/\/www.jirauenergia.com.br\/jirau-energia-anuncia-novo-presidente\/#primaryimage","url":"https:\/\/www.jirauenergia.com.br\/wp-content\/uploads\/2026\/04\/Diretor-presidente-da-Jirau-Energia_Diego-Collet-scaled.jpg","contentUrl":"https:\/\/www.jirauenergia.com.br\/wp-content\/uploads\/2026\/04\/Diretor-presidente-da-Jirau-Energia_Diego-Collet-scaled.jpg","width":1707,"height":2560},{"@type":"BreadcrumbList","@id":"https:\/\/www.jirauenergia.com.br\/jirau-energia-anuncia-novo-presidente\/#breadcrumb","itemListElement":[{"@type":"ListItem","position":1,"name":"In\u00edcio","item":"https:\/\/www.jirauenergia.com.br\/"},{"@type":"ListItem","position":2,"name":"JIRAU ENERGIA ANUNCIA NOVO PRESIDENTE"}]},{"@type":"WebSite","@id":"https:\/\/www.jirauenergia.com.br\/#website","url":"https:\/\/www.jirauenergia.com.br\/","name":"JIRAU ENERGY","description":"","publisher":{"@id":"https:\/\/www.jirauenergia.com.br\/#organization"},"potentialAction":[{"@type":"SearchAction","target":{"@type":"EntryPoint","urlTemplate":"https:\/\/www.jirauenergia.com.br\/?s={search_term_string}"},"query-input":{"@type":"PropertyValueSpecification","valueRequired":true,"valueName":"search_term_string"}}],"inLanguage":"en-US"},{"@type":"Organization","@id":"https:\/\/www.jirauenergia.com.br\/#organization","name":"JIRAU ENERGY","url":"https:\/\/www.jirauenergia.com.br\/","logo":{"@type":"ImageObject","inLanguage":"en-US","@id":"https:\/\/www.jirauenergia.com.br\/#\/schema\/logo\/image\/","url":"https:\/\/www.jirauenergia.com.br\/wp-content\/uploads\/2021\/06\/cropped-logo-jirau-energia-1-1.png","contentUrl":"https:\/\/www.jirauenergia.com.br\/wp-content\/uploads\/2021\/06\/cropped-logo-jirau-energia-1-1.png","width":300,"height":86,"caption":"Jirau Energia"},"image":{"@id":"https:\/\/www.jirauenergia.com.br\/#\/schema\/logo\/image\/"}},{"@type":"Person","@id":"https:\/\/www.jirauenergia.com.br\/#\/schema\/person\/58029cf7ee8500cc847d8b5a0c3c026e","name":"Luan Moura","image":{"@type":"ImageObject","inLanguage":"en-US","@id":"https:\/\/www.jirauenergia.com.br\/#\/schema\/person\/image\/","url":"https:\/\/secure.gravatar.com\/avatar\/53829106ec1551655270f39e9e3a9f216a17c24a0966f011cda9a98b3a63b7be?s=96&d=mm&r=g","contentUrl":"https:\/\/secure.gravatar.com\/avatar\/53829106ec1551655270f39e9e3a9f216a17c24a0966f011cda9a98b3a63b7be?s=96&d=mm&r=g","caption":"Luan Moura"},"url":"https:\/\/www.jirauenergia.com.br\/en\/author\/luan\/"}]}},"_links":{"self":[{"href":"https:\/\/www.jirauenergia.com.br\/en\/wp-json\/wp\/v2\/posts\/19880","targetHints":{"allow":["GET"]}}],"collection":[{"href":"https:\/\/www.jirauenergia.com.br\/en\/wp-json\/wp\/v2\/posts"}],"about":[{"href":"https:\/\/www.jirauenergia.com.br\/en\/wp-json\/wp\/v2\/types\/post"}],"author":[{"embeddable":true,"href":"https:\/\/www.jirauenergia.com.br\/en\/wp-json\/wp\/v2\/users\/85"}],"replies":[{"embeddable":true,"href":"https:\/\/www.jirauenergia.com.br\/en\/wp-json\/wp\/v2\/comments?post=19880"}],"version-history":[{"count":1,"href":"https:\/\/www.jirauenergia.com.br\/en\/wp-json\/wp\/v2\/posts\/19880\/revisions"}],"predecessor-version":[{"id":19882,"href":"https:\/\/www.jirauenergia.com.br\/en\/wp-json\/wp\/v2\/posts\/19880\/revisions\/19882"}],"wp:featuredmedia":[{"embeddable":true,"href":"https:\/\/www.jirauenergia.com.br\/en\/wp-json\/wp\/v2\/media\/19881"}],"wp:attachment":[{"href":"https:\/\/www.jirauenergia.com.br\/en\/wp-json\/wp\/v2\/media?parent=19880"}],"wp:term":[{"taxonomy":"category","embeddable":true,"href":"https:\/\/www.jirauenergia.com.br\/en\/wp-json\/wp\/v2\/categories?post=19880"},{"taxonomy":"post_tag","embeddable":true,"href":"https:\/\/www.jirauenergia.com.br\/en\/wp-json\/wp\/v2\/tags?post=19880"},{"taxonomy":"tipo_de_noticias","embeddable":true,"href":"https:\/\/www.jirauenergia.com.br\/en\/wp-json\/wp\/v2\/tipo_de_noticias?post=19880"},{"taxonomy":"tipos_de_inovacao","embeddable":true,"href":"https:\/\/www.jirauenergia.com.br\/en\/wp-json\/wp\/v2\/tipos_de_inovacao?post=19880"},{"taxonomy":"categoria_episodios","embeddable":true,"href":"https:\/\/www.jirauenergia.com.br\/en\/wp-json\/wp\/v2\/categoria_episodios?post=19880"},{"taxonomy":"categorias_de_vaga","embeddable":true,"href":"https:\/\/www.jirauenergia.com.br\/en\/wp-json\/wp\/v2\/categorias_de_vaga?post=19880"},{"taxonomy":"categoria_de_programas","embeddable":true,"href":"https:\/\/www.jirauenergia.com.br\/en\/wp-json\/wp\/v2\/categoria_de_programas?post=19880"},{"taxonomy":"alfabeto_glossario","embeddable":true,"href":"https:\/\/www.jirauenergia.com.br\/en\/wp-json\/wp\/v2\/alfabeto_glossario?post=19880"},{"taxonomy":"categorias_de_pdf","embeddable":true,"href":"https:\/\/www.jirauenergia.com.br\/en\/wp-json\/wp\/v2\/categorias_de_pdf?post=19880"},{"taxonomy":"projetos_pdi","embeddable":true,"href":"https:\/\/www.jirauenergia.com.br\/en\/wp-json\/wp\/v2\/projetos_pdi?post=19880"}],"curies":[{"name":"wp","href":"https:\/\/api.w.org\/{rel}","templated":true}]}}