{"id":19737,"date":"2026-03-11T12:28:20","date_gmt":"2026-03-11T15:28:20","guid":{"rendered":"https:\/\/www.jirauenergia.com.br\/?p=19737"},"modified":"2026-03-12T12:31:59","modified_gmt":"2026-03-12T15:31:59","slug":"jirau-energia-lanca-livro-sobre-trajetoria-da-usina-e-reune-autoridades-do-setor-eletrico-em-brasilia","status":"publish","type":"post","link":"https:\/\/www.jirauenergia.com.br\/en\/jirau-energia-lanca-livro-sobre-trajetoria-da-usina-e-reune-autoridades-do-setor-eletrico-em-brasilia\/","title":{"rendered":"JIRAU ENERGIA LAN\u00c7A LIVRO SOBRE TRAJET\u00d3RIA DA USINA E RE\u00daNE AUTORIDADES DO SETOR EL\u00c9TRICO EM BRAS\u00cdLIA"},"content":{"rendered":"<p><em>A obra \u201cJirau, muito al\u00e9m da energia\u201d narra a trajet\u00f3ria da usina e os seus principais marcos do empreendimento desde o leil\u00e3o de concess\u00e3o at\u00e9 a opera\u00e7\u00e3o atual.<\/em><\/p>\n\n\n\n<p>A Jirau Energia lan\u00e7ou, na noite da ter\u00e7a-feira (10), em Bras\u00edlia, o livro \u201cJirau, muito al\u00e9m da energia: uma hist\u00f3ria de sonhos e transforma\u00e7\u00e3o\u201d, que registra a trajet\u00f3ria da Usina Hidrel\u00e9trica Jirau e os principais marcos do empreendimento desde o leil\u00e3o de concess\u00e3o at\u00e9 a opera\u00e7\u00e3o atual. O evento foi realizado na sede da Ag\u00eancia Brasileira de Promo\u00e7\u00e3o de Exporta\u00e7\u00f5es e Investimentos (ApexBrasil).<\/p>\n\n\n\n<p>A solenidade contou com a presen\u00e7a de autoridades e representantes de institui\u00e7\u00f5es estrat\u00e9gicas do setor el\u00e9trico, entre elas o Minist\u00e9rio de Minas e Energia (MME), a Ag\u00eancia Nacional de Energia El\u00e9trica (ANEEL), a Empresa de Pesquisa Energ\u00e9tica (EPE), o Operador Nacional do Sistema El\u00e9trico (ONS) e a Ag\u00eancia Nacional de \u00c1guas e Saneamento B\u00e1sico (ANA), al\u00e9m de parlamentares e executivos de entidades ligadas ao setor.<\/p>\n\n\n\n<p>Entre as autoridades presentes estiveram o secret\u00e1rio-executivo do MME, Gustavo Ata\u00edde, o presidente da EPE, Thiago Prado, e o diretor-geral do ONS, Marcio Rea, al\u00e9m de representantes da ANEEL e da ANA. Representantes das acionistas ENGIE, Axia Energia e Mitsui tamb\u00e9m marcaram presen\u00e7a na cerim\u00f4nia, juntamente com integrantes do Conselho de Administra\u00e7\u00e3o da Jirau Energia.<\/p>\n\n\n\n<p>\u201cUm momento especial para todos n\u00f3s porque coroa um projeto que faz t\u00e3o bem ao Brasil e traz economia de recurso, evita seis milh\u00f5es de toneladas de g\u00e1s carbono por ano e traz um legado espetacular para as pr\u00f3ximas gera\u00e7\u00f5es. \u00c9 poss\u00edvel desenvolver projetos dessa magnitude na regi\u00e3o amaz\u00f4nica com impactos positivos, aproveitando energia renov\u00e1vel e cuidando bem do meio ambiente\u201d, destaca Maur\u00edcio Bahr, presidente do Conselho de Administra\u00e7\u00e3o da Jirau Energia.<\/p>\n\n\n\n<p><strong>Sobre o livro<\/strong><\/p>\n\n\n\n<p>Escrito pelo jornalista Roberto Rockmann, o livro tem 223 p\u00e1ginas e \u00e9 dividido em sete cap\u00edtulos: Leil\u00e3o, Constru\u00e7\u00e3o, Resili\u00eancia, Nova Mutum Paran\u00e1, Respeito ao Meio Ambiente e Social, Novo ciclo e Opera\u00e7\u00e3o cota 90. Para a elabora\u00e7\u00e3o da obra, foram ouvidas mais de 60 pessoas que participaram da hist\u00f3ria do empreendimento, entre funcion\u00e1rios, ex-funcion\u00e1rios, diretores e ex-diretores.<\/p>\n\n\n\n<p>A publica\u00e7\u00e3o apresenta um panorama da hist\u00f3ria da usina e da atua\u00e7\u00e3o da empresa, raio x com informa\u00e7\u00f5es sobre a cronologia do empreendimento, pr\u00e1ticas de governan\u00e7a corporativa, certifica\u00e7\u00f5es e projetos socioambientais desenvolvidos ao longo de sua trajet\u00f3ria. Ao registrar diferentes momentos da evolu\u00e7\u00e3o da usina, o livro apresenta uma narrativa que ultrapassa a gera\u00e7\u00e3o de energia e evidencia hist\u00f3rias de desafios superados, inova\u00e7\u00e3o e transforma\u00e7\u00e3o. A publica\u00e7\u00e3o tamb\u00e9m destaca o compromisso com a preserva\u00e7\u00e3o da mem\u00f3ria institucional e com a contribui\u00e7\u00e3o da Jirau Energia para o desenvolvimento sustent\u00e1vel e para o avan\u00e7o do setor el\u00e9trico brasileiro.<\/p>\n\n\n\n<p>Para o presidente da Jirau Energia, Edson Silva, a trajet\u00f3ria da usina representa um projeto marcado por vis\u00e3o estrat\u00e9gica e gera\u00e7\u00e3o de valor para a sociedade. \u201cEste livro tem um significado muito especial porque resgata a hist\u00f3ria das pessoas que acreditaram no projeto de Jirau e que vivenciaram momentos marcantes ao longo dessa jornada. Mesmo diante de desafios que, em muitos momentos, pareciam intranspon\u00edveis, eles foram superados com determina\u00e7\u00e3o, colabora\u00e7\u00e3o e muito trabalho. Tenho certeza de que esta obra se tornar\u00e1 um legado capaz de inspirar futuras gera\u00e7\u00f5es e incentivar novos profissionais a contribuir com o desenvolvimento do setor el\u00e9trico\u201d, afirma.<\/p>\n\n\n\n<p>O livro <strong>Jirau Energia \u2013 uma hist\u00f3ria de sonhos e transforma\u00e7\u00e3o<\/strong> tamb\u00e9m est\u00e1 dispon\u00edvel ao p\u00fablico em vers\u00e3o digital. A obra re\u00fane relatos, mem\u00f3rias e marcos importantes da trajet\u00f3ria da usina e pode ser acessada no site da empresa, por meio do link: <a href=\"https:\/\/www.jirauenergia.com.br\/en\/livro-jirau\/\">Clique aqui<\/a>.<\/p>","protected":false},"excerpt":{"rendered":"<p>A obra \u201cJirau, muito al\u00e9m da energia\u201d narra a trajet\u00f3ria da usina e os seus principais marcos do empreendimento desde o leil\u00e3o de concess\u00e3o at\u00e9 a opera\u00e7\u00e3o atual. A Jirau Energia lan\u00e7ou, na noite da ter\u00e7a-feira (10), em Bras\u00edlia, o livro \u201cJirau, muito al\u00e9m da energia: uma hist\u00f3ria de sonhos e transforma\u00e7\u00e3o\u201d, que registra a [&hellip;]<\/p>","protected":false},"author":85,"featured_media":19738,"comment_status":"open","ping_status":"open","sticky":false,"template":"","format":"standard","meta":{"_acf_changed":false,"footnotes":""},"categories":[37],"tags":[],"tipo_de_noticias":[15],"tipos_de_inovacao":[],"categoria_episodios":[],"categorias_de_vaga":[],"categoria_de_programas":[],"alfabeto_glossario":[],"categorias_de_pdf":[],"projetos_pdi":[],"class_list":["post-19737","post","type-post","status-publish","format-standard","has-post-thumbnail","hentry","category-noticias","tipo_de_noticias-noticias"],"acf":[],"yoast_head":"<!-- This site is optimized with the Yoast SEO plugin v25.9 - https:\/\/yoast.com\/wordpress\/plugins\/seo\/ -->\n<title>JIRAU ENERGIA LAN\u00c7A LIVRO SOBRE TRAJET\u00d3RIA DA USINA E RE\u00daNE AUTORIDADES DO SETOR EL\u00c9TRICO EM BRAS\u00cdLIA - Jirau Energia<\/title>\n<meta name=\"robots\" content=\"index, follow, max-snippet:-1, max-image-preview:large, max-video-preview:-1\" \/>\n<link rel=\"canonical\" href=\"https:\/\/www.jirauenergia.com.br\/en\/jirau-energia-lanca-livro-sobre-trajetoria-da-usina-e-reune-autoridades-do-setor-eletrico-em-brasilia\/\" \/>\n<meta property=\"og:locale\" content=\"en_US\" \/>\n<meta property=\"og:type\" content=\"article\" \/>\n<meta property=\"og:title\" content=\"JIRAU ENERGIA LAN\u00c7A LIVRO SOBRE TRAJET\u00d3RIA DA USINA E RE\u00daNE AUTORIDADES DO SETOR EL\u00c9TRICO EM BRAS\u00cdLIA - Jirau Energia\" \/>\n<meta property=\"og:description\" content=\"A obra \u201cJirau, muito al\u00e9m da energia\u201d narra a trajet\u00f3ria da usina e os seus principais marcos do empreendimento desde o leil\u00e3o de concess\u00e3o at\u00e9 a opera\u00e7\u00e3o atual. A Jirau Energia lan\u00e7ou, na noite da ter\u00e7a-feira (10), em Bras\u00edlia, o livro \u201cJirau, muito al\u00e9m da energia: uma hist\u00f3ria de sonhos e transforma\u00e7\u00e3o\u201d, que registra a [&hellip;]\" \/>\n<meta property=\"og:url\" content=\"https:\/\/www.jirauenergia.com.br\/en\/jirau-energia-lanca-livro-sobre-trajetoria-da-usina-e-reune-autoridades-do-setor-eletrico-em-brasilia\/\" \/>\n<meta property=\"og:site_name\" content=\"Jirau Energia\" \/>\n<meta property=\"article:published_time\" content=\"2026-03-11T15:28:20+00:00\" \/>\n<meta property=\"article:modified_time\" content=\"2026-03-12T15:31:59+00:00\" \/>\n<meta property=\"og:image\" content=\"https:\/\/www.jirauenergia.com.br\/wp-content\/uploads\/2026\/03\/Representantes-do-setor-eletrico-recebem-livro-do-Diretor-Presidente-da-Jirau-Energia-Edson-Silva.jpg\" \/>\n\t<meta property=\"og:image:width\" content=\"1920\" \/>\n\t<meta property=\"og:image:height\" content=\"1280\" \/>\n\t<meta property=\"og:image:type\" content=\"image\/jpeg\" \/>\n<meta name=\"author\" content=\"Luan Moura\" \/>\n<meta name=\"twitter:card\" content=\"summary_large_image\" \/>\n<meta name=\"twitter:label1\" content=\"Written by\" \/>\n\t<meta name=\"twitter:data1\" content=\"Luan Moura\" \/>\n\t<meta name=\"twitter:label2\" content=\"Est. reading time\" \/>\n\t<meta name=\"twitter:data2\" content=\"4 minutes\" \/>\n<script type=\"application\/ld+json\" class=\"yoast-schema-graph\">{\"@context\":\"https:\/\/schema.org\",\"@graph\":[{\"@type\":\"Article\",\"@id\":\"https:\/\/www.jirauenergia.com.br\/jirau-energia-lanca-livro-sobre-trajetoria-da-usina-e-reune-autoridades-do-setor-eletrico-em-brasilia\/#article\",\"isPartOf\":{\"@id\":\"https:\/\/www.jirauenergia.com.br\/jirau-energia-lanca-livro-sobre-trajetoria-da-usina-e-reune-autoridades-do-setor-eletrico-em-brasilia\/\"},\"author\":{\"name\":\"Luan Moura\",\"@id\":\"https:\/\/www.jirauenergia.com.br\/#\/schema\/person\/58029cf7ee8500cc847d8b5a0c3c026e\"},\"headline\":\"JIRAU ENERGIA LAN\u00c7A LIVRO SOBRE TRAJET\u00d3RIA DA USINA E RE\u00daNE AUTORIDADES DO SETOR EL\u00c9TRICO EM BRAS\u00cdLIA\",\"datePublished\":\"2026-03-11T15:28:20+00:00\",\"dateModified\":\"2026-03-12T15:31:59+00:00\",\"mainEntityOfPage\":{\"@id\":\"https:\/\/www.jirauenergia.com.br\/jirau-energia-lanca-livro-sobre-trajetoria-da-usina-e-reune-autoridades-do-setor-eletrico-em-brasilia\/\"},\"wordCount\":699,\"commentCount\":0,\"publisher\":{\"@id\":\"https:\/\/www.jirauenergia.com.br\/#organization\"},\"image\":{\"@id\":\"https:\/\/www.jirauenergia.com.br\/jirau-energia-lanca-livro-sobre-trajetoria-da-usina-e-reune-autoridades-do-setor-eletrico-em-brasilia\/#primaryimage\"},\"thumbnailUrl\":\"https:\/\/www.jirauenergia.com.br\/wp-content\/uploads\/2026\/03\/Representantes-do-setor-eletrico-recebem-livro-do-Diretor-Presidente-da-Jirau-Energia-Edson-Silva.jpg\",\"articleSection\":[\"Not\u00edcias\"],\"inLanguage\":\"en-US\",\"potentialAction\":[{\"@type\":\"CommentAction\",\"name\":\"Comment\",\"target\":[\"https:\/\/www.jirauenergia.com.br\/jirau-energia-lanca-livro-sobre-trajetoria-da-usina-e-reune-autoridades-do-setor-eletrico-em-brasilia\/#respond\"]}]},{\"@type\":\"WebPage\",\"@id\":\"https:\/\/www.jirauenergia.com.br\/jirau-energia-lanca-livro-sobre-trajetoria-da-usina-e-reune-autoridades-do-setor-eletrico-em-brasilia\/\",\"url\":\"https:\/\/www.jirauenergia.com.br\/jirau-energia-lanca-livro-sobre-trajetoria-da-usina-e-reune-autoridades-do-setor-eletrico-em-brasilia\/\",\"name\":\"JIRAU ENERGIA LAN\u00c7A LIVRO SOBRE TRAJET\u00d3RIA DA USINA E RE\u00daNE AUTORIDADES DO SETOR EL\u00c9TRICO EM BRAS\u00cdLIA - Jirau Energia\",\"isPartOf\":{\"@id\":\"https:\/\/www.jirauenergia.com.br\/#website\"},\"primaryImageOfPage\":{\"@id\":\"https:\/\/www.jirauenergia.com.br\/jirau-energia-lanca-livro-sobre-trajetoria-da-usina-e-reune-autoridades-do-setor-eletrico-em-brasilia\/#primaryimage\"},\"image\":{\"@id\":\"https:\/\/www.jirauenergia.com.br\/jirau-energia-lanca-livro-sobre-trajetoria-da-usina-e-reune-autoridades-do-setor-eletrico-em-brasilia\/#primaryimage\"},\"thumbnailUrl\":\"https:\/\/www.jirauenergia.com.br\/wp-content\/uploads\/2026\/03\/Representantes-do-setor-eletrico-recebem-livro-do-Diretor-Presidente-da-Jirau-Energia-Edson-Silva.jpg\",\"datePublished\":\"2026-03-11T15:28:20+00:00\",\"dateModified\":\"2026-03-12T15:31:59+00:00\",\"breadcrumb\":{\"@id\":\"https:\/\/www.jirauenergia.com.br\/jirau-energia-lanca-livro-sobre-trajetoria-da-usina-e-reune-autoridades-do-setor-eletrico-em-brasilia\/#breadcrumb\"},\"inLanguage\":\"en-US\",\"potentialAction\":[{\"@type\":\"ReadAction\",\"target\":[\"https:\/\/www.jirauenergia.com.br\/jirau-energia-lanca-livro-sobre-trajetoria-da-usina-e-reune-autoridades-do-setor-eletrico-em-brasilia\/\"]}]},{\"@type\":\"ImageObject\",\"inLanguage\":\"en-US\",\"@id\":\"https:\/\/www.jirauenergia.com.br\/jirau-energia-lanca-livro-sobre-trajetoria-da-usina-e-reune-autoridades-do-setor-eletrico-em-brasilia\/#primaryimage\",\"url\":\"https:\/\/www.jirauenergia.com.br\/wp-content\/uploads\/2026\/03\/Representantes-do-setor-eletrico-recebem-livro-do-Diretor-Presidente-da-Jirau-Energia-Edson-Silva.jpg\",\"contentUrl\":\"https:\/\/www.jirauenergia.com.br\/wp-content\/uploads\/2026\/03\/Representantes-do-setor-eletrico-recebem-livro-do-Diretor-Presidente-da-Jirau-Energia-Edson-Silva.jpg\",\"width\":1920,\"height\":1280},{\"@type\":\"BreadcrumbList\",\"@id\":\"https:\/\/www.jirauenergia.com.br\/jirau-energia-lanca-livro-sobre-trajetoria-da-usina-e-reune-autoridades-do-setor-eletrico-em-brasilia\/#breadcrumb\",\"itemListElement\":[{\"@type\":\"ListItem\",\"position\":1,\"name\":\"In\u00edcio\",\"item\":\"https:\/\/www.jirauenergia.com.br\/\"},{\"@type\":\"ListItem\",\"position\":2,\"name\":\"JIRAU ENERGIA LAN\u00c7A LIVRO SOBRE TRAJET\u00d3RIA DA USINA E RE\u00daNE AUTORIDADES DO SETOR EL\u00c9TRICO EM BRAS\u00cdLIA\"}]},{\"@type\":\"WebSite\",\"@id\":\"https:\/\/www.jirauenergia.com.br\/#website\",\"url\":\"https:\/\/www.jirauenergia.com.br\/\",\"name\":\"Jirau Energia\",\"description\":\"\",\"publisher\":{\"@id\":\"https:\/\/www.jirauenergia.com.br\/#organization\"},\"potentialAction\":[{\"@type\":\"SearchAction\",\"target\":{\"@type\":\"EntryPoint\",\"urlTemplate\":\"https:\/\/www.jirauenergia.com.br\/?s={search_term_string}\"},\"query-input\":{\"@type\":\"PropertyValueSpecification\",\"valueRequired\":true,\"valueName\":\"search_term_string\"}}],\"inLanguage\":\"en-US\"},{\"@type\":\"Organization\",\"@id\":\"https:\/\/www.jirauenergia.com.br\/#organization\",\"name\":\"Jirau Energia\",\"url\":\"https:\/\/www.jirauenergia.com.br\/\",\"logo\":{\"@type\":\"ImageObject\",\"inLanguage\":\"en-US\",\"@id\":\"https:\/\/www.jirauenergia.com.br\/#\/schema\/logo\/image\/\",\"url\":\"https:\/\/www.jirauenergia.com.br\/wp-content\/uploads\/2021\/06\/cropped-logo-jirau-energia-1-1.png\",\"contentUrl\":\"https:\/\/www.jirauenergia.com.br\/wp-content\/uploads\/2021\/06\/cropped-logo-jirau-energia-1-1.png\",\"width\":300,\"height\":86,\"caption\":\"Jirau Energia\"},\"image\":{\"@id\":\"https:\/\/www.jirauenergia.com.br\/#\/schema\/logo\/image\/\"}},{\"@type\":\"Person\",\"@id\":\"https:\/\/www.jirauenergia.com.br\/#\/schema\/person\/58029cf7ee8500cc847d8b5a0c3c026e\",\"name\":\"Luan Moura\",\"image\":{\"@type\":\"ImageObject\",\"inLanguage\":\"en-US\",\"@id\":\"https:\/\/www.jirauenergia.com.br\/#\/schema\/person\/image\/\",\"url\":\"https:\/\/secure.gravatar.com\/avatar\/53829106ec1551655270f39e9e3a9f216a17c24a0966f011cda9a98b3a63b7be?s=96&d=mm&r=g\",\"contentUrl\":\"https:\/\/secure.gravatar.com\/avatar\/53829106ec1551655270f39e9e3a9f216a17c24a0966f011cda9a98b3a63b7be?s=96&d=mm&r=g\",\"caption\":\"Luan Moura\"},\"url\":\"https:\/\/www.jirauenergia.com.br\/en\/author\/luan\/\"}]}<\/script>\n<!-- \/ Yoast SEO plugin. -->","yoast_head_json":{"title":"JIRAU ENERGIA LAN\u00c7A LIVRO SOBRE TRAJET\u00d3RIA DA USINA E RE\u00daNE AUTORIDADES DO SETOR EL\u00c9TRICO EM BRAS\u00cdLIA - Jirau Energia","robots":{"index":"index","follow":"follow","max-snippet":"max-snippet:-1","max-image-preview":"max-image-preview:large","max-video-preview":"max-video-preview:-1"},"canonical":"https:\/\/www.jirauenergia.com.br\/en\/jirau-energia-lanca-livro-sobre-trajetoria-da-usina-e-reune-autoridades-do-setor-eletrico-em-brasilia\/","og_locale":"en_US","og_type":"article","og_title":"JIRAU ENERGIA LAN\u00c7A LIVRO SOBRE TRAJET\u00d3RIA DA USINA E RE\u00daNE AUTORIDADES DO SETOR EL\u00c9TRICO EM BRAS\u00cdLIA - Jirau Energia","og_description":"A obra \u201cJirau, muito al\u00e9m da energia\u201d narra a trajet\u00f3ria da usina e os seus principais marcos do empreendimento desde o leil\u00e3o de concess\u00e3o at\u00e9 a opera\u00e7\u00e3o atual. A Jirau Energia lan\u00e7ou, na noite da ter\u00e7a-feira (10), em Bras\u00edlia, o livro \u201cJirau, muito al\u00e9m da energia: uma hist\u00f3ria de sonhos e transforma\u00e7\u00e3o\u201d, que registra a [&hellip;]","og_url":"https:\/\/www.jirauenergia.com.br\/en\/jirau-energia-lanca-livro-sobre-trajetoria-da-usina-e-reune-autoridades-do-setor-eletrico-em-brasilia\/","og_site_name":"Jirau Energia","article_published_time":"2026-03-11T15:28:20+00:00","article_modified_time":"2026-03-12T15:31:59+00:00","og_image":[{"width":1920,"height":1280,"url":"https:\/\/www.jirauenergia.com.br\/wp-content\/uploads\/2026\/03\/Representantes-do-setor-eletrico-recebem-livro-do-Diretor-Presidente-da-Jirau-Energia-Edson-Silva.jpg","type":"image\/jpeg"}],"author":"Luan Moura","twitter_card":"summary_large_image","twitter_misc":{"Written by":"Luan Moura","Est. reading time":"4 minutes"},"schema":{"@context":"https:\/\/schema.org","@graph":[{"@type":"Article","@id":"https:\/\/www.jirauenergia.com.br\/jirau-energia-lanca-livro-sobre-trajetoria-da-usina-e-reune-autoridades-do-setor-eletrico-em-brasilia\/#article","isPartOf":{"@id":"https:\/\/www.jirauenergia.com.br\/jirau-energia-lanca-livro-sobre-trajetoria-da-usina-e-reune-autoridades-do-setor-eletrico-em-brasilia\/"},"author":{"name":"Luan Moura","@id":"https:\/\/www.jirauenergia.com.br\/#\/schema\/person\/58029cf7ee8500cc847d8b5a0c3c026e"},"headline":"JIRAU ENERGIA LAN\u00c7A LIVRO SOBRE TRAJET\u00d3RIA DA USINA E RE\u00daNE AUTORIDADES DO SETOR EL\u00c9TRICO EM BRAS\u00cdLIA","datePublished":"2026-03-11T15:28:20+00:00","dateModified":"2026-03-12T15:31:59+00:00","mainEntityOfPage":{"@id":"https:\/\/www.jirauenergia.com.br\/jirau-energia-lanca-livro-sobre-trajetoria-da-usina-e-reune-autoridades-do-setor-eletrico-em-brasilia\/"},"wordCount":699,"commentCount":0,"publisher":{"@id":"https:\/\/www.jirauenergia.com.br\/#organization"},"image":{"@id":"https:\/\/www.jirauenergia.com.br\/jirau-energia-lanca-livro-sobre-trajetoria-da-usina-e-reune-autoridades-do-setor-eletrico-em-brasilia\/#primaryimage"},"thumbnailUrl":"https:\/\/www.jirauenergia.com.br\/wp-content\/uploads\/2026\/03\/Representantes-do-setor-eletrico-recebem-livro-do-Diretor-Presidente-da-Jirau-Energia-Edson-Silva.jpg","articleSection":["Not\u00edcias"],"inLanguage":"en-US","potentialAction":[{"@type":"CommentAction","name":"Comment","target":["https:\/\/www.jirauenergia.com.br\/jirau-energia-lanca-livro-sobre-trajetoria-da-usina-e-reune-autoridades-do-setor-eletrico-em-brasilia\/#respond"]}]},{"@type":"WebPage","@id":"https:\/\/www.jirauenergia.com.br\/jirau-energia-lanca-livro-sobre-trajetoria-da-usina-e-reune-autoridades-do-setor-eletrico-em-brasilia\/","url":"https:\/\/www.jirauenergia.com.br\/jirau-energia-lanca-livro-sobre-trajetoria-da-usina-e-reune-autoridades-do-setor-eletrico-em-brasilia\/","name":"JIRAU ENERGIA LAN\u00c7A LIVRO SOBRE TRAJET\u00d3RIA DA USINA E RE\u00daNE AUTORIDADES DO SETOR EL\u00c9TRICO EM BRAS\u00cdLIA - Jirau Energia","isPartOf":{"@id":"https:\/\/www.jirauenergia.com.br\/#website"},"primaryImageOfPage":{"@id":"https:\/\/www.jirauenergia.com.br\/jirau-energia-lanca-livro-sobre-trajetoria-da-usina-e-reune-autoridades-do-setor-eletrico-em-brasilia\/#primaryimage"},"image":{"@id":"https:\/\/www.jirauenergia.com.br\/jirau-energia-lanca-livro-sobre-trajetoria-da-usina-e-reune-autoridades-do-setor-eletrico-em-brasilia\/#primaryimage"},"thumbnailUrl":"https:\/\/www.jirauenergia.com.br\/wp-content\/uploads\/2026\/03\/Representantes-do-setor-eletrico-recebem-livro-do-Diretor-Presidente-da-Jirau-Energia-Edson-Silva.jpg","datePublished":"2026-03-11T15:28:20+00:00","dateModified":"2026-03-12T15:31:59+00:00","breadcrumb":{"@id":"https:\/\/www.jirauenergia.com.br\/jirau-energia-lanca-livro-sobre-trajetoria-da-usina-e-reune-autoridades-do-setor-eletrico-em-brasilia\/#breadcrumb"},"inLanguage":"en-US","potentialAction":[{"@type":"ReadAction","target":["https:\/\/www.jirauenergia.com.br\/jirau-energia-lanca-livro-sobre-trajetoria-da-usina-e-reune-autoridades-do-setor-eletrico-em-brasilia\/"]}]},{"@type":"ImageObject","inLanguage":"en-US","@id":"https:\/\/www.jirauenergia.com.br\/jirau-energia-lanca-livro-sobre-trajetoria-da-usina-e-reune-autoridades-do-setor-eletrico-em-brasilia\/#primaryimage","url":"https:\/\/www.jirauenergia.com.br\/wp-content\/uploads\/2026\/03\/Representantes-do-setor-eletrico-recebem-livro-do-Diretor-Presidente-da-Jirau-Energia-Edson-Silva.jpg","contentUrl":"https:\/\/www.jirauenergia.com.br\/wp-content\/uploads\/2026\/03\/Representantes-do-setor-eletrico-recebem-livro-do-Diretor-Presidente-da-Jirau-Energia-Edson-Silva.jpg","width":1920,"height":1280},{"@type":"BreadcrumbList","@id":"https:\/\/www.jirauenergia.com.br\/jirau-energia-lanca-livro-sobre-trajetoria-da-usina-e-reune-autoridades-do-setor-eletrico-em-brasilia\/#breadcrumb","itemListElement":[{"@type":"ListItem","position":1,"name":"In\u00edcio","item":"https:\/\/www.jirauenergia.com.br\/"},{"@type":"ListItem","position":2,"name":"JIRAU ENERGIA LAN\u00c7A LIVRO SOBRE TRAJET\u00d3RIA DA USINA E RE\u00daNE AUTORIDADES DO SETOR EL\u00c9TRICO EM BRAS\u00cdLIA"}]},{"@type":"WebSite","@id":"https:\/\/www.jirauenergia.com.br\/#website","url":"https:\/\/www.jirauenergia.com.br\/","name":"JIRAU ENERGY","description":"","publisher":{"@id":"https:\/\/www.jirauenergia.com.br\/#organization"},"potentialAction":[{"@type":"SearchAction","target":{"@type":"EntryPoint","urlTemplate":"https:\/\/www.jirauenergia.com.br\/?s={search_term_string}"},"query-input":{"@type":"PropertyValueSpecification","valueRequired":true,"valueName":"search_term_string"}}],"inLanguage":"en-US"},{"@type":"Organization","@id":"https:\/\/www.jirauenergia.com.br\/#organization","name":"JIRAU ENERGY","url":"https:\/\/www.jirauenergia.com.br\/","logo":{"@type":"ImageObject","inLanguage":"en-US","@id":"https:\/\/www.jirauenergia.com.br\/#\/schema\/logo\/image\/","url":"https:\/\/www.jirauenergia.com.br\/wp-content\/uploads\/2021\/06\/cropped-logo-jirau-energia-1-1.png","contentUrl":"https:\/\/www.jirauenergia.com.br\/wp-content\/uploads\/2021\/06\/cropped-logo-jirau-energia-1-1.png","width":300,"height":86,"caption":"Jirau Energia"},"image":{"@id":"https:\/\/www.jirauenergia.com.br\/#\/schema\/logo\/image\/"}},{"@type":"Person","@id":"https:\/\/www.jirauenergia.com.br\/#\/schema\/person\/58029cf7ee8500cc847d8b5a0c3c026e","name":"Luan Moura","image":{"@type":"ImageObject","inLanguage":"en-US","@id":"https:\/\/www.jirauenergia.com.br\/#\/schema\/person\/image\/","url":"https:\/\/secure.gravatar.com\/avatar\/53829106ec1551655270f39e9e3a9f216a17c24a0966f011cda9a98b3a63b7be?s=96&d=mm&r=g","contentUrl":"https:\/\/secure.gravatar.com\/avatar\/53829106ec1551655270f39e9e3a9f216a17c24a0966f011cda9a98b3a63b7be?s=96&d=mm&r=g","caption":"Luan Moura"},"url":"https:\/\/www.jirauenergia.com.br\/en\/author\/luan\/"}]}},"_links":{"self":[{"href":"https:\/\/www.jirauenergia.com.br\/en\/wp-json\/wp\/v2\/posts\/19737","targetHints":{"allow":["GET"]}}],"collection":[{"href":"https:\/\/www.jirauenergia.com.br\/en\/wp-json\/wp\/v2\/posts"}],"about":[{"href":"https:\/\/www.jirauenergia.com.br\/en\/wp-json\/wp\/v2\/types\/post"}],"author":[{"embeddable":true,"href":"https:\/\/www.jirauenergia.com.br\/en\/wp-json\/wp\/v2\/users\/85"}],"replies":[{"embeddable":true,"href":"https:\/\/www.jirauenergia.com.br\/en\/wp-json\/wp\/v2\/comments?post=19737"}],"version-history":[{"count":1,"href":"https:\/\/www.jirauenergia.com.br\/en\/wp-json\/wp\/v2\/posts\/19737\/revisions"}],"predecessor-version":[{"id":19739,"href":"https:\/\/www.jirauenergia.com.br\/en\/wp-json\/wp\/v2\/posts\/19737\/revisions\/19739"}],"wp:featuredmedia":[{"embeddable":true,"href":"https:\/\/www.jirauenergia.com.br\/en\/wp-json\/wp\/v2\/media\/19738"}],"wp:attachment":[{"href":"https:\/\/www.jirauenergia.com.br\/en\/wp-json\/wp\/v2\/media?parent=19737"}],"wp:term":[{"taxonomy":"category","embeddable":true,"href":"https:\/\/www.jirauenergia.com.br\/en\/wp-json\/wp\/v2\/categories?post=19737"},{"taxonomy":"post_tag","embeddable":true,"href":"https:\/\/www.jirauenergia.com.br\/en\/wp-json\/wp\/v2\/tags?post=19737"},{"taxonomy":"tipo_de_noticias","embeddable":true,"href":"https:\/\/www.jirauenergia.com.br\/en\/wp-json\/wp\/v2\/tipo_de_noticias?post=19737"},{"taxonomy":"tipos_de_inovacao","embeddable":true,"href":"https:\/\/www.jirauenergia.com.br\/en\/wp-json\/wp\/v2\/tipos_de_inovacao?post=19737"},{"taxonomy":"categoria_episodios","embeddable":true,"href":"https:\/\/www.jirauenergia.com.br\/en\/wp-json\/wp\/v2\/categoria_episodios?post=19737"},{"taxonomy":"categorias_de_vaga","embeddable":true,"href":"https:\/\/www.jirauenergia.com.br\/en\/wp-json\/wp\/v2\/categorias_de_vaga?post=19737"},{"taxonomy":"categoria_de_programas","embeddable":true,"href":"https:\/\/www.jirauenergia.com.br\/en\/wp-json\/wp\/v2\/categoria_de_programas?post=19737"},{"taxonomy":"alfabeto_glossario","embeddable":true,"href":"https:\/\/www.jirauenergia.com.br\/en\/wp-json\/wp\/v2\/alfabeto_glossario?post=19737"},{"taxonomy":"categorias_de_pdf","embeddable":true,"href":"https:\/\/www.jirauenergia.com.br\/en\/wp-json\/wp\/v2\/categorias_de_pdf?post=19737"},{"taxonomy":"projetos_pdi","embeddable":true,"href":"https:\/\/www.jirauenergia.com.br\/en\/wp-json\/wp\/v2\/projetos_pdi?post=19737"}],"curies":[{"name":"wp","href":"https:\/\/api.w.org\/{rel}","templated":true}]}}