{"id":19731,"date":"2026-03-06T12:24:20","date_gmt":"2026-03-06T15:24:20","guid":{"rendered":"https:\/\/www.jirauenergia.com.br\/?p=19731"},"modified":"2026-03-12T12:26:03","modified_gmt":"2026-03-12T15:26:03","slug":"jirau-energia-recebe-visita-do-povo-indigena-amondawa","status":"publish","type":"post","link":"https:\/\/www.jirauenergia.com.br\/en\/jirau-energia-recebe-visita-do-povo-indigena-amondawa\/","title":{"rendered":"JIRAU ENERGIA RECEBE VISITA DO POVO IND\u00cdGENA AMONDAWA"},"content":{"rendered":"<p><em>Atividade busca promover o interc\u00e2mbio de conhecimentos sobre gera\u00e7\u00e3o de energia.<\/em><\/p>\n\n\n\n<p>A Jirau Energia recebeu, na sexta-feira (6), um grupo de visitantes do povo <em>Amondawa<\/em>, da Terra Ind\u00edgena <em>Uru-Eu-Wau-Wau<\/em> (TI-UEWW). O encontro teve como objetivo aproximar a comunidade do funcionamento da usina e promover o interc\u00e2mbio de conhecimentos sobre o processo de gera\u00e7\u00e3o de energia limpa e renov\u00e1vel. A iniciativa foi uma solicita\u00e7\u00e3o independente da comunidade, que integra o Programa de Apoio \u00e0s Comunidades Ind\u00edgenas no \u00e2mbito do Licenciamento Ambiental Federal da Funda\u00e7\u00e3o Nacional dos Povos Ind\u00edgenas (FUNAI) para implanta\u00e7\u00e3o da Usina Jirau.<\/p>\n\n\n\n<p>Durante o percurso, os visitantes conheceram de perto estruturas da Usina como a sala de controle, a galeria el\u00e9trica, a subesta\u00e7\u00e3o isolada a g\u00e1s e o vertedouro principal. Participaram da atividade a Coordenadora de Socioeconomia da Jirau Energia, Juliana Silva, o Analista de Socioeconomia Miguel Lins e a Coordenadora de Campo do programa, Mayra Pascuet, da empresa Geomind, executora do programa. O Chefe da Unidade T\u00e9cnica Local da TI-UEWW, Dastin Lima, da FUNAI, tamb\u00e9m esteve presente e trouxe importantes informa\u00e7\u00f5es sobre o povo Amondawa e sobre a TI-UEWW.<\/p>\n\n\n\n<p>Para Danstin Lima, a visita tem papel fundamental no fortalecimento da rela\u00e7\u00e3o entre a comunidade e o empreendimento. \u201cEssa visita \u00e9 muito importante para aproximar o povo <em>Amondawa<\/em> de um grande empreendimento que tem rela\u00e7\u00e3o direta com seu territ\u00f3rio. Muitas vezes, a comunidade n\u00e3o tem a oportunidade de conhecer de perto estruturas desse porte. O encontro fortalece o di\u00e1logo e evidencia a conex\u00e3o entre os povos ind\u00edgenas, o meio ambiente e um empreendimento como a Jirau, que contribuem direta e indiretamente para a comunidade\u201d, afirma.<\/p>\n\n\n\n<p>A Coordenadora de Socioeconomia da Jirau Energia, Juliana Silva, destaca que a a\u00e7\u00e3o refor\u00e7a o relacionamento com os povos ind\u00edgenas atendidos pelo programa. \u201cEsse momento proporciona uma aproxima\u00e7\u00e3o entre a Jirau Energia e as comunidades ind\u00edgenas atendidas pelo programa, criando oportunidades de di\u00e1logo e de compartilhamento de conhecimentos. Ao conhecerem a usina e seu funcionamento, os participantes ampliam a compreens\u00e3o sobre o papel da gera\u00e7\u00e3o hidrel\u00e9trica no contexto amaz\u00f4nico e sobre como ci\u00eancia e tecnologia podem contribuir para o desenvolvimento sustent\u00e1vel\u201d, diz.<\/p>","protected":false},"excerpt":{"rendered":"<p>Atividade busca promover o interc\u00e2mbio de conhecimentos sobre gera\u00e7\u00e3o de energia. A Jirau Energia recebeu, na sexta-feira (6), um grupo de visitantes do povo Amondawa, da Terra Ind\u00edgena Uru-Eu-Wau-Wau (TI-UEWW). O encontro teve como objetivo aproximar a comunidade do funcionamento da usina e promover o interc\u00e2mbio de conhecimentos sobre o processo de gera\u00e7\u00e3o de energia [&hellip;]<\/p>","protected":false},"author":85,"featured_media":19732,"comment_status":"open","ping_status":"open","sticky":false,"template":"","format":"standard","meta":{"_acf_changed":false,"footnotes":""},"categories":[37],"tags":[],"tipo_de_noticias":[15],"tipos_de_inovacao":[],"categoria_episodios":[],"categorias_de_vaga":[],"categoria_de_programas":[],"alfabeto_glossario":[],"categorias_de_pdf":[],"projetos_pdi":[],"class_list":["post-19731","post","type-post","status-publish","format-standard","has-post-thumbnail","hentry","category-noticias","tipo_de_noticias-noticias"],"acf":[],"yoast_head":"<!-- This site is optimized with the Yoast SEO plugin v25.9 - https:\/\/yoast.com\/wordpress\/plugins\/seo\/ -->\n<title>JIRAU ENERGIA RECEBE VISITA DO POVO IND\u00cdGENA AMONDAWA - Jirau Energia<\/title>\n<meta name=\"robots\" content=\"index, follow, max-snippet:-1, max-image-preview:large, max-video-preview:-1\" \/>\n<link rel=\"canonical\" href=\"https:\/\/www.jirauenergia.com.br\/en\/jirau-energia-recebe-visita-do-povo-indigena-amondawa\/\" \/>\n<meta property=\"og:locale\" content=\"en_US\" \/>\n<meta property=\"og:type\" content=\"article\" \/>\n<meta property=\"og:title\" content=\"JIRAU ENERGIA RECEBE VISITA DO POVO IND\u00cdGENA AMONDAWA - Jirau Energia\" \/>\n<meta property=\"og:description\" content=\"Atividade busca promover o interc\u00e2mbio de conhecimentos sobre gera\u00e7\u00e3o de energia. A Jirau Energia recebeu, na sexta-feira (6), um grupo de visitantes do povo Amondawa, da Terra Ind\u00edgena Uru-Eu-Wau-Wau (TI-UEWW). O encontro teve como objetivo aproximar a comunidade do funcionamento da usina e promover o interc\u00e2mbio de conhecimentos sobre o processo de gera\u00e7\u00e3o de energia [&hellip;]\" \/>\n<meta property=\"og:url\" content=\"https:\/\/www.jirauenergia.com.br\/en\/jirau-energia-recebe-visita-do-povo-indigena-amondawa\/\" \/>\n<meta property=\"og:site_name\" content=\"Jirau Energia\" \/>\n<meta property=\"article:published_time\" content=\"2026-03-06T15:24:20+00:00\" \/>\n<meta property=\"article:modified_time\" content=\"2026-03-12T15:26:03+00:00\" \/>\n<meta name=\"author\" content=\"Luan Moura\" \/>\n<meta name=\"twitter:card\" content=\"summary_large_image\" \/>\n<meta name=\"twitter:label1\" content=\"Written by\" \/>\n\t<meta name=\"twitter:data1\" content=\"Luan Moura\" \/>\n\t<meta name=\"twitter:label2\" content=\"Est. reading time\" \/>\n\t<meta name=\"twitter:data2\" content=\"3 minutes\" \/>\n<script type=\"application\/ld+json\" class=\"yoast-schema-graph\">{\"@context\":\"https:\/\/schema.org\",\"@graph\":[{\"@type\":\"Article\",\"@id\":\"https:\/\/www.jirauenergia.com.br\/jirau-energia-recebe-visita-do-povo-indigena-amondawa\/#article\",\"isPartOf\":{\"@id\":\"https:\/\/www.jirauenergia.com.br\/jirau-energia-recebe-visita-do-povo-indigena-amondawa\/\"},\"author\":{\"name\":\"Luan Moura\",\"@id\":\"https:\/\/www.jirauenergia.com.br\/#\/schema\/person\/58029cf7ee8500cc847d8b5a0c3c026e\"},\"headline\":\"JIRAU ENERGIA RECEBE VISITA DO POVO IND\u00cdGENA AMONDAWA\",\"datePublished\":\"2026-03-06T15:24:20+00:00\",\"dateModified\":\"2026-03-12T15:26:03+00:00\",\"mainEntityOfPage\":{\"@id\":\"https:\/\/www.jirauenergia.com.br\/jirau-energia-recebe-visita-do-povo-indigena-amondawa\/\"},\"wordCount\":391,\"commentCount\":0,\"publisher\":{\"@id\":\"https:\/\/www.jirauenergia.com.br\/#organization\"},\"image\":{\"@id\":\"https:\/\/www.jirauenergia.com.br\/jirau-energia-recebe-visita-do-povo-indigena-amondawa\/#primaryimage\"},\"thumbnailUrl\":\"https:\/\/www.jirauenergia.com.br\/wp-content\/uploads\/2026\/03\/JIRAU-ENERGIA-RECEBE-VISITA-DO-POVO-INDIGENA-AMONDAWA-3-scaled.jpg\",\"articleSection\":[\"Not\u00edcias\"],\"inLanguage\":\"en-US\",\"potentialAction\":[{\"@type\":\"CommentAction\",\"name\":\"Comment\",\"target\":[\"https:\/\/www.jirauenergia.com.br\/jirau-energia-recebe-visita-do-povo-indigena-amondawa\/#respond\"]}]},{\"@type\":\"WebPage\",\"@id\":\"https:\/\/www.jirauenergia.com.br\/jirau-energia-recebe-visita-do-povo-indigena-amondawa\/\",\"url\":\"https:\/\/www.jirauenergia.com.br\/jirau-energia-recebe-visita-do-povo-indigena-amondawa\/\",\"name\":\"JIRAU ENERGIA RECEBE VISITA DO POVO IND\u00cdGENA AMONDAWA - Jirau Energia\",\"isPartOf\":{\"@id\":\"https:\/\/www.jirauenergia.com.br\/#website\"},\"primaryImageOfPage\":{\"@id\":\"https:\/\/www.jirauenergia.com.br\/jirau-energia-recebe-visita-do-povo-indigena-amondawa\/#primaryimage\"},\"image\":{\"@id\":\"https:\/\/www.jirauenergia.com.br\/jirau-energia-recebe-visita-do-povo-indigena-amondawa\/#primaryimage\"},\"thumbnailUrl\":\"https:\/\/www.jirauenergia.com.br\/wp-content\/uploads\/2026\/03\/JIRAU-ENERGIA-RECEBE-VISITA-DO-POVO-INDIGENA-AMONDAWA-3-scaled.jpg\",\"datePublished\":\"2026-03-06T15:24:20+00:00\",\"dateModified\":\"2026-03-12T15:26:03+00:00\",\"breadcrumb\":{\"@id\":\"https:\/\/www.jirauenergia.com.br\/jirau-energia-recebe-visita-do-povo-indigena-amondawa\/#breadcrumb\"},\"inLanguage\":\"en-US\",\"potentialAction\":[{\"@type\":\"ReadAction\",\"target\":[\"https:\/\/www.jirauenergia.com.br\/jirau-energia-recebe-visita-do-povo-indigena-amondawa\/\"]}]},{\"@type\":\"ImageObject\",\"inLanguage\":\"en-US\",\"@id\":\"https:\/\/www.jirauenergia.com.br\/jirau-energia-recebe-visita-do-povo-indigena-amondawa\/#primaryimage\",\"url\":\"https:\/\/www.jirauenergia.com.br\/wp-content\/uploads\/2026\/03\/JIRAU-ENERGIA-RECEBE-VISITA-DO-POVO-INDIGENA-AMONDAWA-3-scaled.jpg\",\"contentUrl\":\"https:\/\/www.jirauenergia.com.br\/wp-content\/uploads\/2026\/03\/JIRAU-ENERGIA-RECEBE-VISITA-DO-POVO-INDIGENA-AMONDAWA-3-scaled.jpg\",\"width\":2560,\"height\":1920},{\"@type\":\"BreadcrumbList\",\"@id\":\"https:\/\/www.jirauenergia.com.br\/jirau-energia-recebe-visita-do-povo-indigena-amondawa\/#breadcrumb\",\"itemListElement\":[{\"@type\":\"ListItem\",\"position\":1,\"name\":\"In\u00edcio\",\"item\":\"https:\/\/www.jirauenergia.com.br\/\"},{\"@type\":\"ListItem\",\"position\":2,\"name\":\"JIRAU ENERGIA RECEBE VISITA DO POVO IND\u00cdGENA AMONDAWA\"}]},{\"@type\":\"WebSite\",\"@id\":\"https:\/\/www.jirauenergia.com.br\/#website\",\"url\":\"https:\/\/www.jirauenergia.com.br\/\",\"name\":\"Jirau Energia\",\"description\":\"\",\"publisher\":{\"@id\":\"https:\/\/www.jirauenergia.com.br\/#organization\"},\"potentialAction\":[{\"@type\":\"SearchAction\",\"target\":{\"@type\":\"EntryPoint\",\"urlTemplate\":\"https:\/\/www.jirauenergia.com.br\/?s={search_term_string}\"},\"query-input\":{\"@type\":\"PropertyValueSpecification\",\"valueRequired\":true,\"valueName\":\"search_term_string\"}}],\"inLanguage\":\"en-US\"},{\"@type\":\"Organization\",\"@id\":\"https:\/\/www.jirauenergia.com.br\/#organization\",\"name\":\"Jirau Energia\",\"url\":\"https:\/\/www.jirauenergia.com.br\/\",\"logo\":{\"@type\":\"ImageObject\",\"inLanguage\":\"en-US\",\"@id\":\"https:\/\/www.jirauenergia.com.br\/#\/schema\/logo\/image\/\",\"url\":\"https:\/\/www.jirauenergia.com.br\/wp-content\/uploads\/2021\/06\/cropped-logo-jirau-energia-1-1.png\",\"contentUrl\":\"https:\/\/www.jirauenergia.com.br\/wp-content\/uploads\/2021\/06\/cropped-logo-jirau-energia-1-1.png\",\"width\":300,\"height\":86,\"caption\":\"Jirau Energia\"},\"image\":{\"@id\":\"https:\/\/www.jirauenergia.com.br\/#\/schema\/logo\/image\/\"}},{\"@type\":\"Person\",\"@id\":\"https:\/\/www.jirauenergia.com.br\/#\/schema\/person\/58029cf7ee8500cc847d8b5a0c3c026e\",\"name\":\"Luan Moura\",\"image\":{\"@type\":\"ImageObject\",\"inLanguage\":\"en-US\",\"@id\":\"https:\/\/www.jirauenergia.com.br\/#\/schema\/person\/image\/\",\"url\":\"https:\/\/secure.gravatar.com\/avatar\/53829106ec1551655270f39e9e3a9f216a17c24a0966f011cda9a98b3a63b7be?s=96&d=mm&r=g\",\"contentUrl\":\"https:\/\/secure.gravatar.com\/avatar\/53829106ec1551655270f39e9e3a9f216a17c24a0966f011cda9a98b3a63b7be?s=96&d=mm&r=g\",\"caption\":\"Luan Moura\"},\"url\":\"https:\/\/www.jirauenergia.com.br\/en\/author\/luan\/\"}]}<\/script>\n<!-- \/ Yoast SEO plugin. -->","yoast_head_json":{"title":"JIRAU ENERGIA RECEBE VISITA DO POVO IND\u00cdGENA AMONDAWA - Jirau Energia","robots":{"index":"index","follow":"follow","max-snippet":"max-snippet:-1","max-image-preview":"max-image-preview:large","max-video-preview":"max-video-preview:-1"},"canonical":"https:\/\/www.jirauenergia.com.br\/en\/jirau-energia-recebe-visita-do-povo-indigena-amondawa\/","og_locale":"en_US","og_type":"article","og_title":"JIRAU ENERGIA RECEBE VISITA DO POVO IND\u00cdGENA AMONDAWA - Jirau Energia","og_description":"Atividade busca promover o interc\u00e2mbio de conhecimentos sobre gera\u00e7\u00e3o de energia. A Jirau Energia recebeu, na sexta-feira (6), um grupo de visitantes do povo Amondawa, da Terra Ind\u00edgena Uru-Eu-Wau-Wau (TI-UEWW). O encontro teve como objetivo aproximar a comunidade do funcionamento da usina e promover o interc\u00e2mbio de conhecimentos sobre o processo de gera\u00e7\u00e3o de energia [&hellip;]","og_url":"https:\/\/www.jirauenergia.com.br\/en\/jirau-energia-recebe-visita-do-povo-indigena-amondawa\/","og_site_name":"Jirau Energia","article_published_time":"2026-03-06T15:24:20+00:00","article_modified_time":"2026-03-12T15:26:03+00:00","author":"Luan Moura","twitter_card":"summary_large_image","twitter_misc":{"Written by":"Luan Moura","Est. reading time":"3 minutes"},"schema":{"@context":"https:\/\/schema.org","@graph":[{"@type":"Article","@id":"https:\/\/www.jirauenergia.com.br\/jirau-energia-recebe-visita-do-povo-indigena-amondawa\/#article","isPartOf":{"@id":"https:\/\/www.jirauenergia.com.br\/jirau-energia-recebe-visita-do-povo-indigena-amondawa\/"},"author":{"name":"Luan Moura","@id":"https:\/\/www.jirauenergia.com.br\/#\/schema\/person\/58029cf7ee8500cc847d8b5a0c3c026e"},"headline":"JIRAU ENERGIA RECEBE VISITA DO POVO IND\u00cdGENA AMONDAWA","datePublished":"2026-03-06T15:24:20+00:00","dateModified":"2026-03-12T15:26:03+00:00","mainEntityOfPage":{"@id":"https:\/\/www.jirauenergia.com.br\/jirau-energia-recebe-visita-do-povo-indigena-amondawa\/"},"wordCount":391,"commentCount":0,"publisher":{"@id":"https:\/\/www.jirauenergia.com.br\/#organization"},"image":{"@id":"https:\/\/www.jirauenergia.com.br\/jirau-energia-recebe-visita-do-povo-indigena-amondawa\/#primaryimage"},"thumbnailUrl":"https:\/\/www.jirauenergia.com.br\/wp-content\/uploads\/2026\/03\/JIRAU-ENERGIA-RECEBE-VISITA-DO-POVO-INDIGENA-AMONDAWA-3-scaled.jpg","articleSection":["Not\u00edcias"],"inLanguage":"en-US","potentialAction":[{"@type":"CommentAction","name":"Comment","target":["https:\/\/www.jirauenergia.com.br\/jirau-energia-recebe-visita-do-povo-indigena-amondawa\/#respond"]}]},{"@type":"WebPage","@id":"https:\/\/www.jirauenergia.com.br\/jirau-energia-recebe-visita-do-povo-indigena-amondawa\/","url":"https:\/\/www.jirauenergia.com.br\/jirau-energia-recebe-visita-do-povo-indigena-amondawa\/","name":"JIRAU ENERGIA RECEBE VISITA DO POVO IND\u00cdGENA AMONDAWA - Jirau Energia","isPartOf":{"@id":"https:\/\/www.jirauenergia.com.br\/#website"},"primaryImageOfPage":{"@id":"https:\/\/www.jirauenergia.com.br\/jirau-energia-recebe-visita-do-povo-indigena-amondawa\/#primaryimage"},"image":{"@id":"https:\/\/www.jirauenergia.com.br\/jirau-energia-recebe-visita-do-povo-indigena-amondawa\/#primaryimage"},"thumbnailUrl":"https:\/\/www.jirauenergia.com.br\/wp-content\/uploads\/2026\/03\/JIRAU-ENERGIA-RECEBE-VISITA-DO-POVO-INDIGENA-AMONDAWA-3-scaled.jpg","datePublished":"2026-03-06T15:24:20+00:00","dateModified":"2026-03-12T15:26:03+00:00","breadcrumb":{"@id":"https:\/\/www.jirauenergia.com.br\/jirau-energia-recebe-visita-do-povo-indigena-amondawa\/#breadcrumb"},"inLanguage":"en-US","potentialAction":[{"@type":"ReadAction","target":["https:\/\/www.jirauenergia.com.br\/jirau-energia-recebe-visita-do-povo-indigena-amondawa\/"]}]},{"@type":"ImageObject","inLanguage":"en-US","@id":"https:\/\/www.jirauenergia.com.br\/jirau-energia-recebe-visita-do-povo-indigena-amondawa\/#primaryimage","url":"https:\/\/www.jirauenergia.com.br\/wp-content\/uploads\/2026\/03\/JIRAU-ENERGIA-RECEBE-VISITA-DO-POVO-INDIGENA-AMONDAWA-3-scaled.jpg","contentUrl":"https:\/\/www.jirauenergia.com.br\/wp-content\/uploads\/2026\/03\/JIRAU-ENERGIA-RECEBE-VISITA-DO-POVO-INDIGENA-AMONDAWA-3-scaled.jpg","width":2560,"height":1920},{"@type":"BreadcrumbList","@id":"https:\/\/www.jirauenergia.com.br\/jirau-energia-recebe-visita-do-povo-indigena-amondawa\/#breadcrumb","itemListElement":[{"@type":"ListItem","position":1,"name":"In\u00edcio","item":"https:\/\/www.jirauenergia.com.br\/"},{"@type":"ListItem","position":2,"name":"JIRAU ENERGIA RECEBE VISITA DO POVO IND\u00cdGENA AMONDAWA"}]},{"@type":"WebSite","@id":"https:\/\/www.jirauenergia.com.br\/#website","url":"https:\/\/www.jirauenergia.com.br\/","name":"JIRAU ENERGY","description":"","publisher":{"@id":"https:\/\/www.jirauenergia.com.br\/#organization"},"potentialAction":[{"@type":"SearchAction","target":{"@type":"EntryPoint","urlTemplate":"https:\/\/www.jirauenergia.com.br\/?s={search_term_string}"},"query-input":{"@type":"PropertyValueSpecification","valueRequired":true,"valueName":"search_term_string"}}],"inLanguage":"en-US"},{"@type":"Organization","@id":"https:\/\/www.jirauenergia.com.br\/#organization","name":"JIRAU ENERGY","url":"https:\/\/www.jirauenergia.com.br\/","logo":{"@type":"ImageObject","inLanguage":"en-US","@id":"https:\/\/www.jirauenergia.com.br\/#\/schema\/logo\/image\/","url":"https:\/\/www.jirauenergia.com.br\/wp-content\/uploads\/2021\/06\/cropped-logo-jirau-energia-1-1.png","contentUrl":"https:\/\/www.jirauenergia.com.br\/wp-content\/uploads\/2021\/06\/cropped-logo-jirau-energia-1-1.png","width":300,"height":86,"caption":"Jirau Energia"},"image":{"@id":"https:\/\/www.jirauenergia.com.br\/#\/schema\/logo\/image\/"}},{"@type":"Person","@id":"https:\/\/www.jirauenergia.com.br\/#\/schema\/person\/58029cf7ee8500cc847d8b5a0c3c026e","name":"Luan Moura","image":{"@type":"ImageObject","inLanguage":"en-US","@id":"https:\/\/www.jirauenergia.com.br\/#\/schema\/person\/image\/","url":"https:\/\/secure.gravatar.com\/avatar\/53829106ec1551655270f39e9e3a9f216a17c24a0966f011cda9a98b3a63b7be?s=96&d=mm&r=g","contentUrl":"https:\/\/secure.gravatar.com\/avatar\/53829106ec1551655270f39e9e3a9f216a17c24a0966f011cda9a98b3a63b7be?s=96&d=mm&r=g","caption":"Luan Moura"},"url":"https:\/\/www.jirauenergia.com.br\/en\/author\/luan\/"}]}},"_links":{"self":[{"href":"https:\/\/www.jirauenergia.com.br\/en\/wp-json\/wp\/v2\/posts\/19731","targetHints":{"allow":["GET"]}}],"collection":[{"href":"https:\/\/www.jirauenergia.com.br\/en\/wp-json\/wp\/v2\/posts"}],"about":[{"href":"https:\/\/www.jirauenergia.com.br\/en\/wp-json\/wp\/v2\/types\/post"}],"author":[{"embeddable":true,"href":"https:\/\/www.jirauenergia.com.br\/en\/wp-json\/wp\/v2\/users\/85"}],"replies":[{"embeddable":true,"href":"https:\/\/www.jirauenergia.com.br\/en\/wp-json\/wp\/v2\/comments?post=19731"}],"version-history":[{"count":1,"href":"https:\/\/www.jirauenergia.com.br\/en\/wp-json\/wp\/v2\/posts\/19731\/revisions"}],"predecessor-version":[{"id":19733,"href":"https:\/\/www.jirauenergia.com.br\/en\/wp-json\/wp\/v2\/posts\/19731\/revisions\/19733"}],"wp:featuredmedia":[{"embeddable":true,"href":"https:\/\/www.jirauenergia.com.br\/en\/wp-json\/wp\/v2\/media\/19732"}],"wp:attachment":[{"href":"https:\/\/www.jirauenergia.com.br\/en\/wp-json\/wp\/v2\/media?parent=19731"}],"wp:term":[{"taxonomy":"category","embeddable":true,"href":"https:\/\/www.jirauenergia.com.br\/en\/wp-json\/wp\/v2\/categories?post=19731"},{"taxonomy":"post_tag","embeddable":true,"href":"https:\/\/www.jirauenergia.com.br\/en\/wp-json\/wp\/v2\/tags?post=19731"},{"taxonomy":"tipo_de_noticias","embeddable":true,"href":"https:\/\/www.jirauenergia.com.br\/en\/wp-json\/wp\/v2\/tipo_de_noticias?post=19731"},{"taxonomy":"tipos_de_inovacao","embeddable":true,"href":"https:\/\/www.jirauenergia.com.br\/en\/wp-json\/wp\/v2\/tipos_de_inovacao?post=19731"},{"taxonomy":"categoria_episodios","embeddable":true,"href":"https:\/\/www.jirauenergia.com.br\/en\/wp-json\/wp\/v2\/categoria_episodios?post=19731"},{"taxonomy":"categorias_de_vaga","embeddable":true,"href":"https:\/\/www.jirauenergia.com.br\/en\/wp-json\/wp\/v2\/categorias_de_vaga?post=19731"},{"taxonomy":"categoria_de_programas","embeddable":true,"href":"https:\/\/www.jirauenergia.com.br\/en\/wp-json\/wp\/v2\/categoria_de_programas?post=19731"},{"taxonomy":"alfabeto_glossario","embeddable":true,"href":"https:\/\/www.jirauenergia.com.br\/en\/wp-json\/wp\/v2\/alfabeto_glossario?post=19731"},{"taxonomy":"categorias_de_pdf","embeddable":true,"href":"https:\/\/www.jirauenergia.com.br\/en\/wp-json\/wp\/v2\/categorias_de_pdf?post=19731"},{"taxonomy":"projetos_pdi","embeddable":true,"href":"https:\/\/www.jirauenergia.com.br\/en\/wp-json\/wp\/v2\/projetos_pdi?post=19731"}],"curies":[{"name":"wp","href":"https:\/\/api.w.org\/{rel}","templated":true}]}}