{"id":19537,"date":"2025-12-15T11:45:49","date_gmt":"2025-12-15T14:45:49","guid":{"rendered":"https:\/\/www.jirauenergia.com.br\/?p=19537"},"modified":"2026-01-14T11:49:06","modified_gmt":"2026-01-14T14:49:06","slug":"festa-de-natal-reune-comunidade-de-nova-mutum-parana-e-regiao-em-tres-dias-de-celebracao","status":"publish","type":"post","link":"https:\/\/www.jirauenergia.com.br\/en\/festa-de-natal-reune-comunidade-de-nova-mutum-parana-e-regiao-em-tres-dias-de-celebracao\/","title":{"rendered":"FESTA DE NATAL RE\u00daNE COMUNIDADE DE NOVA MUTUM PARAN\u00c1 E REGI\u00c3O EM TR\u00caS DIAS DE CELEBRA\u00c7\u00c3O"},"content":{"rendered":"<p><em>Programa\u00e7\u00e3o contou com atra\u00e7\u00f5es culturais, shows regionais, parque de divers\u00f5es e a tradicional chegada do Papai Noel.<\/em><\/p>\n\n\n\n<p>A comunidade de Nova Mutum Paran\u00e1 celebrou, entre os dias 12 e 14 de dezembro, mais uma edi\u00e7\u00e3o da tradicional Festa de Natal, que atraiu moradores da regi\u00e3o para tr\u00eas dias de programa\u00e7\u00e3o. Com o patroc\u00ednio da Jirau Energia, o evento \u00e9 realizado pela Associa\u00e7\u00e3o das Mulheres de Nova Mutum Paran\u00e1 (ASMUNOMU) e apoiado pelo Observat\u00f3rio Socioambiental e a Prefeitura de Porto Velho.<\/p>\n\n\n\n<p>A abertura do evento, no dia 12, reuniu fam\u00edlias para uma noite de apresenta\u00e7\u00f5es de bal\u00e9 do projeto Moldando Talentos, atividades no parquinho infantil e shows de D\u2019Viles, J\u00fanior Magalh\u00e3es e DJ Leilson Lima, al\u00e9m do funcionamento da pra\u00e7a de alimenta\u00e7\u00e3o e do parque de divers\u00f5es. No segundo dia, o p\u00fablico acompanhou shows de Lu Oliver, N\u00e9ia Mendes &amp; Banda e Forr\u00f3 Felina, que animaram o p\u00fablico presente.<\/p>\n\n\n\n<p>O ponto alto da festa ocorreu no dia 14, com a aguardada chegada do Papai Noel, acompanhada pelos tradicionais bonecos animadores. Crian\u00e7as e fam\u00edlias aproveitaram as atividades, enquanto a pra\u00e7a de alimenta\u00e7\u00e3o e o parque de divers\u00f5es seguiram como espa\u00e7os de conviv\u00eancia.<\/p>\n\n\n\n<p>A presidente da ASMUNOMU, Ana Arruda, afirmou que o objetivo do evento foi cumprido, pois ajudou os empreendedores e proporcionou uma programa\u00e7\u00e3o especial \u00e0s fam\u00edlias. \u201cAgrade\u00e7o \u00e0 Jirau Energia, porque sem esse apoio n\u00e3o ter\u00edamos a capacidade de realizar um evento desse porte. Foi um evento bonito, que gerou resultado para todos os empreendedores que participaram. Est\u00e3o todos de parab\u00e9ns: quem j\u00e1 trabalha na noite com o espetinho, quem vende seus sorvetes, as comidas t\u00edpicas, todos que confiaram na Associa\u00e7\u00e3o e estiveram conosco\u201d, disse Ana Arruda.<\/p>\n\n\n\n<p>\u201cA Festa de Natal de Nova Mutum Paran\u00e1 \u00e9 um momento de encontro, de conviv\u00eancia e de fortalecimento dos la\u00e7os comunit\u00e1rios. Para a Jirau Energia, apoiar uma iniciativa como essa \u00e9 reafirmar nosso compromisso com o bem-estar das fam\u00edlias, com a valoriza\u00e7\u00e3o da cultura local e com o incentivo \u00e0s iniciativas que movimentam a economia e promovem inclus\u00e3o social na regi\u00e3o\u201d, destacou Daiana Costa, Coordenadora de Comunica\u00e7\u00e3o Externa da Jirau Energia.<\/p>\n\n\n\n<p><\/p>","protected":false},"excerpt":{"rendered":"<p>Programa\u00e7\u00e3o contou com atra\u00e7\u00f5es culturais, shows regionais, parque de divers\u00f5es e a tradicional chegada do Papai Noel. A comunidade de Nova Mutum Paran\u00e1 celebrou, entre os dias 12 e 14 de dezembro, mais uma edi\u00e7\u00e3o da tradicional Festa de Natal, que atraiu moradores da regi\u00e3o para tr\u00eas dias de programa\u00e7\u00e3o. Com o patroc\u00ednio da Jirau [&hellip;]<\/p>","protected":false},"author":85,"featured_media":19538,"comment_status":"open","ping_status":"open","sticky":false,"template":"","format":"standard","meta":{"_acf_changed":false,"footnotes":""},"categories":[37],"tags":[],"tipo_de_noticias":[15],"tipos_de_inovacao":[],"categoria_episodios":[],"categorias_de_vaga":[],"categoria_de_programas":[],"alfabeto_glossario":[],"categorias_de_pdf":[],"projetos_pdi":[],"class_list":["post-19537","post","type-post","status-publish","format-standard","has-post-thumbnail","hentry","category-noticias","tipo_de_noticias-noticias"],"acf":[],"yoast_head":"<!-- This site is optimized with the Yoast SEO plugin v25.9 - https:\/\/yoast.com\/wordpress\/plugins\/seo\/ -->\n<title>FESTA DE NATAL RE\u00daNE COMUNIDADE DE NOVA MUTUM PARAN\u00c1 E REGI\u00c3O EM TR\u00caS DIAS DE CELEBRA\u00c7\u00c3O - Jirau Energia<\/title>\n<meta name=\"robots\" content=\"index, follow, max-snippet:-1, max-image-preview:large, max-video-preview:-1\" \/>\n<link rel=\"canonical\" href=\"https:\/\/www.jirauenergia.com.br\/en\/festa-de-natal-reune-comunidade-de-nova-mutum-parana-e-regiao-em-tres-dias-de-celebracao\/\" \/>\n<meta property=\"og:locale\" content=\"en_US\" \/>\n<meta property=\"og:type\" content=\"article\" \/>\n<meta property=\"og:title\" content=\"FESTA DE NATAL RE\u00daNE COMUNIDADE DE NOVA MUTUM PARAN\u00c1 E REGI\u00c3O EM TR\u00caS DIAS DE CELEBRA\u00c7\u00c3O - Jirau Energia\" \/>\n<meta property=\"og:description\" content=\"Programa\u00e7\u00e3o contou com atra\u00e7\u00f5es culturais, shows regionais, parque de divers\u00f5es e a tradicional chegada do Papai Noel. A comunidade de Nova Mutum Paran\u00e1 celebrou, entre os dias 12 e 14 de dezembro, mais uma edi\u00e7\u00e3o da tradicional Festa de Natal, que atraiu moradores da regi\u00e3o para tr\u00eas dias de programa\u00e7\u00e3o. Com o patroc\u00ednio da Jirau [&hellip;]\" \/>\n<meta property=\"og:url\" content=\"https:\/\/www.jirauenergia.com.br\/en\/festa-de-natal-reune-comunidade-de-nova-mutum-parana-e-regiao-em-tres-dias-de-celebracao\/\" \/>\n<meta property=\"og:site_name\" content=\"Jirau Energia\" \/>\n<meta property=\"article:published_time\" content=\"2025-12-15T14:45:49+00:00\" \/>\n<meta property=\"article:modified_time\" content=\"2026-01-14T14:49:06+00:00\" \/>\n<meta property=\"og:image\" content=\"https:\/\/www.jirauenergia.com.br\/wp-content\/uploads\/2026\/01\/NATAL-NA-VILA-29-scaled.jpg\" \/>\n\t<meta property=\"og:image:width\" content=\"2560\" \/>\n\t<meta property=\"og:image:height\" content=\"1707\" \/>\n\t<meta property=\"og:image:type\" content=\"image\/jpeg\" \/>\n<meta name=\"author\" content=\"Luan Moura\" \/>\n<meta name=\"twitter:card\" content=\"summary_large_image\" \/>\n<meta name=\"twitter:label1\" content=\"Written by\" \/>\n\t<meta name=\"twitter:data1\" content=\"Luan Moura\" \/>\n\t<meta name=\"twitter:label2\" content=\"Est. reading time\" \/>\n\t<meta name=\"twitter:data2\" content=\"3 minutes\" \/>\n<script type=\"application\/ld+json\" class=\"yoast-schema-graph\">{\"@context\":\"https:\/\/schema.org\",\"@graph\":[{\"@type\":\"Article\",\"@id\":\"https:\/\/www.jirauenergia.com.br\/festa-de-natal-reune-comunidade-de-nova-mutum-parana-e-regiao-em-tres-dias-de-celebracao\/#article\",\"isPartOf\":{\"@id\":\"https:\/\/www.jirauenergia.com.br\/festa-de-natal-reune-comunidade-de-nova-mutum-parana-e-regiao-em-tres-dias-de-celebracao\/\"},\"author\":{\"name\":\"Luan Moura\",\"@id\":\"https:\/\/www.jirauenergia.com.br\/#\/schema\/person\/58029cf7ee8500cc847d8b5a0c3c026e\"},\"headline\":\"FESTA DE NATAL RE\u00daNE COMUNIDADE DE NOVA MUTUM PARAN\u00c1 E REGI\u00c3O EM TR\u00caS DIAS DE CELEBRA\u00c7\u00c3O\",\"datePublished\":\"2025-12-15T14:45:49+00:00\",\"dateModified\":\"2026-01-14T14:49:06+00:00\",\"mainEntityOfPage\":{\"@id\":\"https:\/\/www.jirauenergia.com.br\/festa-de-natal-reune-comunidade-de-nova-mutum-parana-e-regiao-em-tres-dias-de-celebracao\/\"},\"wordCount\":405,\"commentCount\":0,\"publisher\":{\"@id\":\"https:\/\/www.jirauenergia.com.br\/#organization\"},\"image\":{\"@id\":\"https:\/\/www.jirauenergia.com.br\/festa-de-natal-reune-comunidade-de-nova-mutum-parana-e-regiao-em-tres-dias-de-celebracao\/#primaryimage\"},\"thumbnailUrl\":\"https:\/\/www.jirauenergia.com.br\/wp-content\/uploads\/2026\/01\/NATAL-NA-VILA-29-scaled.jpg\",\"articleSection\":[\"Not\u00edcias\"],\"inLanguage\":\"en-US\",\"potentialAction\":[{\"@type\":\"CommentAction\",\"name\":\"Comment\",\"target\":[\"https:\/\/www.jirauenergia.com.br\/festa-de-natal-reune-comunidade-de-nova-mutum-parana-e-regiao-em-tres-dias-de-celebracao\/#respond\"]}]},{\"@type\":\"WebPage\",\"@id\":\"https:\/\/www.jirauenergia.com.br\/festa-de-natal-reune-comunidade-de-nova-mutum-parana-e-regiao-em-tres-dias-de-celebracao\/\",\"url\":\"https:\/\/www.jirauenergia.com.br\/festa-de-natal-reune-comunidade-de-nova-mutum-parana-e-regiao-em-tres-dias-de-celebracao\/\",\"name\":\"FESTA DE NATAL RE\u00daNE COMUNIDADE DE NOVA MUTUM PARAN\u00c1 E REGI\u00c3O EM TR\u00caS DIAS DE CELEBRA\u00c7\u00c3O - Jirau Energia\",\"isPartOf\":{\"@id\":\"https:\/\/www.jirauenergia.com.br\/#website\"},\"primaryImageOfPage\":{\"@id\":\"https:\/\/www.jirauenergia.com.br\/festa-de-natal-reune-comunidade-de-nova-mutum-parana-e-regiao-em-tres-dias-de-celebracao\/#primaryimage\"},\"image\":{\"@id\":\"https:\/\/www.jirauenergia.com.br\/festa-de-natal-reune-comunidade-de-nova-mutum-parana-e-regiao-em-tres-dias-de-celebracao\/#primaryimage\"},\"thumbnailUrl\":\"https:\/\/www.jirauenergia.com.br\/wp-content\/uploads\/2026\/01\/NATAL-NA-VILA-29-scaled.jpg\",\"datePublished\":\"2025-12-15T14:45:49+00:00\",\"dateModified\":\"2026-01-14T14:49:06+00:00\",\"breadcrumb\":{\"@id\":\"https:\/\/www.jirauenergia.com.br\/festa-de-natal-reune-comunidade-de-nova-mutum-parana-e-regiao-em-tres-dias-de-celebracao\/#breadcrumb\"},\"inLanguage\":\"en-US\",\"potentialAction\":[{\"@type\":\"ReadAction\",\"target\":[\"https:\/\/www.jirauenergia.com.br\/festa-de-natal-reune-comunidade-de-nova-mutum-parana-e-regiao-em-tres-dias-de-celebracao\/\"]}]},{\"@type\":\"ImageObject\",\"inLanguage\":\"en-US\",\"@id\":\"https:\/\/www.jirauenergia.com.br\/festa-de-natal-reune-comunidade-de-nova-mutum-parana-e-regiao-em-tres-dias-de-celebracao\/#primaryimage\",\"url\":\"https:\/\/www.jirauenergia.com.br\/wp-content\/uploads\/2026\/01\/NATAL-NA-VILA-29-scaled.jpg\",\"contentUrl\":\"https:\/\/www.jirauenergia.com.br\/wp-content\/uploads\/2026\/01\/NATAL-NA-VILA-29-scaled.jpg\",\"width\":2560,\"height\":1707},{\"@type\":\"BreadcrumbList\",\"@id\":\"https:\/\/www.jirauenergia.com.br\/festa-de-natal-reune-comunidade-de-nova-mutum-parana-e-regiao-em-tres-dias-de-celebracao\/#breadcrumb\",\"itemListElement\":[{\"@type\":\"ListItem\",\"position\":1,\"name\":\"In\u00edcio\",\"item\":\"https:\/\/www.jirauenergia.com.br\/\"},{\"@type\":\"ListItem\",\"position\":2,\"name\":\"FESTA DE NATAL RE\u00daNE COMUNIDADE DE NOVA MUTUM PARAN\u00c1 E REGI\u00c3O EM TR\u00caS DIAS DE CELEBRA\u00c7\u00c3O\"}]},{\"@type\":\"WebSite\",\"@id\":\"https:\/\/www.jirauenergia.com.br\/#website\",\"url\":\"https:\/\/www.jirauenergia.com.br\/\",\"name\":\"Jirau Energia\",\"description\":\"\",\"publisher\":{\"@id\":\"https:\/\/www.jirauenergia.com.br\/#organization\"},\"potentialAction\":[{\"@type\":\"SearchAction\",\"target\":{\"@type\":\"EntryPoint\",\"urlTemplate\":\"https:\/\/www.jirauenergia.com.br\/?s={search_term_string}\"},\"query-input\":{\"@type\":\"PropertyValueSpecification\",\"valueRequired\":true,\"valueName\":\"search_term_string\"}}],\"inLanguage\":\"en-US\"},{\"@type\":\"Organization\",\"@id\":\"https:\/\/www.jirauenergia.com.br\/#organization\",\"name\":\"Jirau Energia\",\"url\":\"https:\/\/www.jirauenergia.com.br\/\",\"logo\":{\"@type\":\"ImageObject\",\"inLanguage\":\"en-US\",\"@id\":\"https:\/\/www.jirauenergia.com.br\/#\/schema\/logo\/image\/\",\"url\":\"https:\/\/www.jirauenergia.com.br\/wp-content\/uploads\/2021\/06\/cropped-logo-jirau-energia-1-1.png\",\"contentUrl\":\"https:\/\/www.jirauenergia.com.br\/wp-content\/uploads\/2021\/06\/cropped-logo-jirau-energia-1-1.png\",\"width\":300,\"height\":86,\"caption\":\"Jirau Energia\"},\"image\":{\"@id\":\"https:\/\/www.jirauenergia.com.br\/#\/schema\/logo\/image\/\"}},{\"@type\":\"Person\",\"@id\":\"https:\/\/www.jirauenergia.com.br\/#\/schema\/person\/58029cf7ee8500cc847d8b5a0c3c026e\",\"name\":\"Luan Moura\",\"image\":{\"@type\":\"ImageObject\",\"inLanguage\":\"en-US\",\"@id\":\"https:\/\/www.jirauenergia.com.br\/#\/schema\/person\/image\/\",\"url\":\"https:\/\/secure.gravatar.com\/avatar\/53829106ec1551655270f39e9e3a9f216a17c24a0966f011cda9a98b3a63b7be?s=96&d=mm&r=g\",\"contentUrl\":\"https:\/\/secure.gravatar.com\/avatar\/53829106ec1551655270f39e9e3a9f216a17c24a0966f011cda9a98b3a63b7be?s=96&d=mm&r=g\",\"caption\":\"Luan Moura\"},\"url\":\"https:\/\/www.jirauenergia.com.br\/en\/author\/luan\/\"}]}<\/script>\n<!-- \/ Yoast SEO plugin. -->","yoast_head_json":{"title":"FESTA DE NATAL RE\u00daNE COMUNIDADE DE NOVA MUTUM PARAN\u00c1 E REGI\u00c3O EM TR\u00caS DIAS DE CELEBRA\u00c7\u00c3O - Jirau Energia","robots":{"index":"index","follow":"follow","max-snippet":"max-snippet:-1","max-image-preview":"max-image-preview:large","max-video-preview":"max-video-preview:-1"},"canonical":"https:\/\/www.jirauenergia.com.br\/en\/festa-de-natal-reune-comunidade-de-nova-mutum-parana-e-regiao-em-tres-dias-de-celebracao\/","og_locale":"en_US","og_type":"article","og_title":"FESTA DE NATAL RE\u00daNE COMUNIDADE DE NOVA MUTUM PARAN\u00c1 E REGI\u00c3O EM TR\u00caS DIAS DE CELEBRA\u00c7\u00c3O - Jirau Energia","og_description":"Programa\u00e7\u00e3o contou com atra\u00e7\u00f5es culturais, shows regionais, parque de divers\u00f5es e a tradicional chegada do Papai Noel. A comunidade de Nova Mutum Paran\u00e1 celebrou, entre os dias 12 e 14 de dezembro, mais uma edi\u00e7\u00e3o da tradicional Festa de Natal, que atraiu moradores da regi\u00e3o para tr\u00eas dias de programa\u00e7\u00e3o. Com o patroc\u00ednio da Jirau [&hellip;]","og_url":"https:\/\/www.jirauenergia.com.br\/en\/festa-de-natal-reune-comunidade-de-nova-mutum-parana-e-regiao-em-tres-dias-de-celebracao\/","og_site_name":"Jirau Energia","article_published_time":"2025-12-15T14:45:49+00:00","article_modified_time":"2026-01-14T14:49:06+00:00","og_image":[{"width":2560,"height":1707,"url":"https:\/\/www.jirauenergia.com.br\/wp-content\/uploads\/2026\/01\/NATAL-NA-VILA-29-scaled.jpg","type":"image\/jpeg"}],"author":"Luan Moura","twitter_card":"summary_large_image","twitter_misc":{"Written by":"Luan Moura","Est. reading time":"3 minutes"},"schema":{"@context":"https:\/\/schema.org","@graph":[{"@type":"Article","@id":"https:\/\/www.jirauenergia.com.br\/festa-de-natal-reune-comunidade-de-nova-mutum-parana-e-regiao-em-tres-dias-de-celebracao\/#article","isPartOf":{"@id":"https:\/\/www.jirauenergia.com.br\/festa-de-natal-reune-comunidade-de-nova-mutum-parana-e-regiao-em-tres-dias-de-celebracao\/"},"author":{"name":"Luan Moura","@id":"https:\/\/www.jirauenergia.com.br\/#\/schema\/person\/58029cf7ee8500cc847d8b5a0c3c026e"},"headline":"FESTA DE NATAL RE\u00daNE COMUNIDADE DE NOVA MUTUM PARAN\u00c1 E REGI\u00c3O EM TR\u00caS DIAS DE CELEBRA\u00c7\u00c3O","datePublished":"2025-12-15T14:45:49+00:00","dateModified":"2026-01-14T14:49:06+00:00","mainEntityOfPage":{"@id":"https:\/\/www.jirauenergia.com.br\/festa-de-natal-reune-comunidade-de-nova-mutum-parana-e-regiao-em-tres-dias-de-celebracao\/"},"wordCount":405,"commentCount":0,"publisher":{"@id":"https:\/\/www.jirauenergia.com.br\/#organization"},"image":{"@id":"https:\/\/www.jirauenergia.com.br\/festa-de-natal-reune-comunidade-de-nova-mutum-parana-e-regiao-em-tres-dias-de-celebracao\/#primaryimage"},"thumbnailUrl":"https:\/\/www.jirauenergia.com.br\/wp-content\/uploads\/2026\/01\/NATAL-NA-VILA-29-scaled.jpg","articleSection":["Not\u00edcias"],"inLanguage":"en-US","potentialAction":[{"@type":"CommentAction","name":"Comment","target":["https:\/\/www.jirauenergia.com.br\/festa-de-natal-reune-comunidade-de-nova-mutum-parana-e-regiao-em-tres-dias-de-celebracao\/#respond"]}]},{"@type":"WebPage","@id":"https:\/\/www.jirauenergia.com.br\/festa-de-natal-reune-comunidade-de-nova-mutum-parana-e-regiao-em-tres-dias-de-celebracao\/","url":"https:\/\/www.jirauenergia.com.br\/festa-de-natal-reune-comunidade-de-nova-mutum-parana-e-regiao-em-tres-dias-de-celebracao\/","name":"FESTA DE NATAL RE\u00daNE COMUNIDADE DE NOVA MUTUM PARAN\u00c1 E REGI\u00c3O EM TR\u00caS DIAS DE CELEBRA\u00c7\u00c3O - Jirau Energia","isPartOf":{"@id":"https:\/\/www.jirauenergia.com.br\/#website"},"primaryImageOfPage":{"@id":"https:\/\/www.jirauenergia.com.br\/festa-de-natal-reune-comunidade-de-nova-mutum-parana-e-regiao-em-tres-dias-de-celebracao\/#primaryimage"},"image":{"@id":"https:\/\/www.jirauenergia.com.br\/festa-de-natal-reune-comunidade-de-nova-mutum-parana-e-regiao-em-tres-dias-de-celebracao\/#primaryimage"},"thumbnailUrl":"https:\/\/www.jirauenergia.com.br\/wp-content\/uploads\/2026\/01\/NATAL-NA-VILA-29-scaled.jpg","datePublished":"2025-12-15T14:45:49+00:00","dateModified":"2026-01-14T14:49:06+00:00","breadcrumb":{"@id":"https:\/\/www.jirauenergia.com.br\/festa-de-natal-reune-comunidade-de-nova-mutum-parana-e-regiao-em-tres-dias-de-celebracao\/#breadcrumb"},"inLanguage":"en-US","potentialAction":[{"@type":"ReadAction","target":["https:\/\/www.jirauenergia.com.br\/festa-de-natal-reune-comunidade-de-nova-mutum-parana-e-regiao-em-tres-dias-de-celebracao\/"]}]},{"@type":"ImageObject","inLanguage":"en-US","@id":"https:\/\/www.jirauenergia.com.br\/festa-de-natal-reune-comunidade-de-nova-mutum-parana-e-regiao-em-tres-dias-de-celebracao\/#primaryimage","url":"https:\/\/www.jirauenergia.com.br\/wp-content\/uploads\/2026\/01\/NATAL-NA-VILA-29-scaled.jpg","contentUrl":"https:\/\/www.jirauenergia.com.br\/wp-content\/uploads\/2026\/01\/NATAL-NA-VILA-29-scaled.jpg","width":2560,"height":1707},{"@type":"BreadcrumbList","@id":"https:\/\/www.jirauenergia.com.br\/festa-de-natal-reune-comunidade-de-nova-mutum-parana-e-regiao-em-tres-dias-de-celebracao\/#breadcrumb","itemListElement":[{"@type":"ListItem","position":1,"name":"In\u00edcio","item":"https:\/\/www.jirauenergia.com.br\/"},{"@type":"ListItem","position":2,"name":"FESTA DE NATAL RE\u00daNE COMUNIDADE DE NOVA MUTUM PARAN\u00c1 E REGI\u00c3O EM TR\u00caS DIAS DE CELEBRA\u00c7\u00c3O"}]},{"@type":"WebSite","@id":"https:\/\/www.jirauenergia.com.br\/#website","url":"https:\/\/www.jirauenergia.com.br\/","name":"JIRAU ENERGY","description":"","publisher":{"@id":"https:\/\/www.jirauenergia.com.br\/#organization"},"potentialAction":[{"@type":"SearchAction","target":{"@type":"EntryPoint","urlTemplate":"https:\/\/www.jirauenergia.com.br\/?s={search_term_string}"},"query-input":{"@type":"PropertyValueSpecification","valueRequired":true,"valueName":"search_term_string"}}],"inLanguage":"en-US"},{"@type":"Organization","@id":"https:\/\/www.jirauenergia.com.br\/#organization","name":"JIRAU ENERGY","url":"https:\/\/www.jirauenergia.com.br\/","logo":{"@type":"ImageObject","inLanguage":"en-US","@id":"https:\/\/www.jirauenergia.com.br\/#\/schema\/logo\/image\/","url":"https:\/\/www.jirauenergia.com.br\/wp-content\/uploads\/2021\/06\/cropped-logo-jirau-energia-1-1.png","contentUrl":"https:\/\/www.jirauenergia.com.br\/wp-content\/uploads\/2021\/06\/cropped-logo-jirau-energia-1-1.png","width":300,"height":86,"caption":"Jirau Energia"},"image":{"@id":"https:\/\/www.jirauenergia.com.br\/#\/schema\/logo\/image\/"}},{"@type":"Person","@id":"https:\/\/www.jirauenergia.com.br\/#\/schema\/person\/58029cf7ee8500cc847d8b5a0c3c026e","name":"Luan Moura","image":{"@type":"ImageObject","inLanguage":"en-US","@id":"https:\/\/www.jirauenergia.com.br\/#\/schema\/person\/image\/","url":"https:\/\/secure.gravatar.com\/avatar\/53829106ec1551655270f39e9e3a9f216a17c24a0966f011cda9a98b3a63b7be?s=96&d=mm&r=g","contentUrl":"https:\/\/secure.gravatar.com\/avatar\/53829106ec1551655270f39e9e3a9f216a17c24a0966f011cda9a98b3a63b7be?s=96&d=mm&r=g","caption":"Luan Moura"},"url":"https:\/\/www.jirauenergia.com.br\/en\/author\/luan\/"}]}},"_links":{"self":[{"href":"https:\/\/www.jirauenergia.com.br\/en\/wp-json\/wp\/v2\/posts\/19537","targetHints":{"allow":["GET"]}}],"collection":[{"href":"https:\/\/www.jirauenergia.com.br\/en\/wp-json\/wp\/v2\/posts"}],"about":[{"href":"https:\/\/www.jirauenergia.com.br\/en\/wp-json\/wp\/v2\/types\/post"}],"author":[{"embeddable":true,"href":"https:\/\/www.jirauenergia.com.br\/en\/wp-json\/wp\/v2\/users\/85"}],"replies":[{"embeddable":true,"href":"https:\/\/www.jirauenergia.com.br\/en\/wp-json\/wp\/v2\/comments?post=19537"}],"version-history":[{"count":1,"href":"https:\/\/www.jirauenergia.com.br\/en\/wp-json\/wp\/v2\/posts\/19537\/revisions"}],"predecessor-version":[{"id":19539,"href":"https:\/\/www.jirauenergia.com.br\/en\/wp-json\/wp\/v2\/posts\/19537\/revisions\/19539"}],"wp:featuredmedia":[{"embeddable":true,"href":"https:\/\/www.jirauenergia.com.br\/en\/wp-json\/wp\/v2\/media\/19538"}],"wp:attachment":[{"href":"https:\/\/www.jirauenergia.com.br\/en\/wp-json\/wp\/v2\/media?parent=19537"}],"wp:term":[{"taxonomy":"category","embeddable":true,"href":"https:\/\/www.jirauenergia.com.br\/en\/wp-json\/wp\/v2\/categories?post=19537"},{"taxonomy":"post_tag","embeddable":true,"href":"https:\/\/www.jirauenergia.com.br\/en\/wp-json\/wp\/v2\/tags?post=19537"},{"taxonomy":"tipo_de_noticias","embeddable":true,"href":"https:\/\/www.jirauenergia.com.br\/en\/wp-json\/wp\/v2\/tipo_de_noticias?post=19537"},{"taxonomy":"tipos_de_inovacao","embeddable":true,"href":"https:\/\/www.jirauenergia.com.br\/en\/wp-json\/wp\/v2\/tipos_de_inovacao?post=19537"},{"taxonomy":"categoria_episodios","embeddable":true,"href":"https:\/\/www.jirauenergia.com.br\/en\/wp-json\/wp\/v2\/categoria_episodios?post=19537"},{"taxonomy":"categorias_de_vaga","embeddable":true,"href":"https:\/\/www.jirauenergia.com.br\/en\/wp-json\/wp\/v2\/categorias_de_vaga?post=19537"},{"taxonomy":"categoria_de_programas","embeddable":true,"href":"https:\/\/www.jirauenergia.com.br\/en\/wp-json\/wp\/v2\/categoria_de_programas?post=19537"},{"taxonomy":"alfabeto_glossario","embeddable":true,"href":"https:\/\/www.jirauenergia.com.br\/en\/wp-json\/wp\/v2\/alfabeto_glossario?post=19537"},{"taxonomy":"categorias_de_pdf","embeddable":true,"href":"https:\/\/www.jirauenergia.com.br\/en\/wp-json\/wp\/v2\/categorias_de_pdf?post=19537"},{"taxonomy":"projetos_pdi","embeddable":true,"href":"https:\/\/www.jirauenergia.com.br\/en\/wp-json\/wp\/v2\/projetos_pdi?post=19537"}],"curies":[{"name":"wp","href":"https:\/\/api.w.org\/{rel}","templated":true}]}}