{"id":19494,"date":"2025-10-08T15:36:22","date_gmt":"2025-10-08T18:36:22","guid":{"rendered":"https:\/\/www.jirauenergia.com.br\/?p=19494"},"modified":"2025-12-05T15:39:07","modified_gmt":"2025-12-05T18:39:07","slug":"porto-velho-recebe-capacitacao-sobre-incentivos-fiscais-para-areas-sociais","status":"publish","type":"post","link":"https:\/\/www.jirauenergia.com.br\/en\/porto-velho-recebe-capacitacao-sobre-incentivos-fiscais-para-areas-sociais\/","title":{"rendered":"PORTO VELHO RECEBE CAPACITA\u00c7\u00c3O SOBRE INCENTIVOS FISCAIS PARA \u00c1REAS SOCIAIS"},"content":{"rendered":"<p><em>Evento gratuito orienta organiza\u00e7\u00f5es e gestores sobre como transformar impostos em benef\u00edcios para a sociedade.<\/em><\/p>\n\n\n\n<p>Nos dias 22 e 23 de outubro, Porto Velho sediar\u00e1 o Capacitar Porto Velho, uma forma\u00e7\u00e3o voltada \u00e0 capacita\u00e7\u00e3o de gestores, representantes de institui\u00e7\u00f5es sociais e empresas sobre os principais mecanismos de incentivos fiscais aplicados a projetos sociais. O evento acontecer\u00e1 no Audit\u00f3rio da Faculdade UNISAPIENS \u2013 SAPIENS, das 8h \u00e0s 17h30 (hor\u00e1rio de Bras\u00edlia).<\/p>\n\n\n\n<p>As inscri\u00e7\u00f5es s\u00e3o gratuitas e podem ser feitas pelo link: <a href=\"https:\/\/forms.gle\/RRvZcms9tZLTeeXe8\">https:\/\/forms.gle\/RRvZcms9tZLTeeXe8<\/a><\/p>\n\n\n\n<p>Durante a capacita\u00e7\u00e3o, os participantes poder\u00e3o compreender como parte dos impostos pagos pode ser revertida em benef\u00edcios para a sociedade, por meio de iniciativas em diversas \u00e1reas, como cultura, esporte, sa\u00fade, reciclagem e assist\u00eancia social. Ser\u00e3o abordadas leis e programas como Lei Rouanet, Lei da Reciclagem, Lei de Incentivo ao Esporte, Pronas\/PCD, Pronon, Fundos da Crian\u00e7a e do Adolescente e Fundos da Pessoa Idosa.<\/p>\n\n\n\n<p>O Capacitar Porto Velho \u00e9 uma realiza\u00e7\u00e3o da SEMIAS, ENGIE e Jirau Energia, por meio do programa Parcerias do Bem, que busca fortalecer o impacto social de institui\u00e7\u00f5es e organiza\u00e7\u00f5es locais.<\/p>\n\n\n\n<p>Juliana Silva, Coordenadora de Socioeconomia da Jirau Energia, destaca a relev\u00e2ncia da iniciativa: \u201cO Capacitar \u00e9 um espa\u00e7o de aprendizado e de fortalecimento das organiza\u00e7\u00f5es sociais. Ao entender e aplicar corretamente os mecanismos de incentivo fiscal, institui\u00e7\u00f5es e empresas ampliam sua capacidade de promover transforma\u00e7\u00f5es reais nas comunidades. Essa \u00e9 uma forma de unir gest\u00e3o, prop\u00f3sito e desenvolvimento social de maneira estrat\u00e9gica e sustent\u00e1vel.\u201d<\/p>\n\n\n\n<p><\/p>","protected":false},"excerpt":{"rendered":"<p>Evento gratuito orienta organiza\u00e7\u00f5es e gestores sobre como transformar impostos em benef\u00edcios para a sociedade. Nos dias 22 e 23 de outubro, Porto Velho sediar\u00e1 o Capacitar Porto Velho, uma forma\u00e7\u00e3o voltada \u00e0 capacita\u00e7\u00e3o de gestores, representantes de institui\u00e7\u00f5es sociais e empresas sobre os principais mecanismos de incentivos fiscais aplicados a projetos sociais. O evento [&hellip;]<\/p>","protected":false},"author":85,"featured_media":0,"comment_status":"open","ping_status":"open","sticky":false,"template":"","format":"standard","meta":{"_acf_changed":false,"footnotes":""},"categories":[37],"tags":[],"tipo_de_noticias":[15],"tipos_de_inovacao":[],"categoria_episodios":[],"categorias_de_vaga":[],"categoria_de_programas":[],"alfabeto_glossario":[],"categorias_de_pdf":[],"projetos_pdi":[],"class_list":["post-19494","post","type-post","status-publish","format-standard","hentry","category-noticias","tipo_de_noticias-noticias"],"acf":[],"yoast_head":"<!-- This site is optimized with the Yoast SEO plugin v25.9 - https:\/\/yoast.com\/wordpress\/plugins\/seo\/ -->\n<title>PORTO VELHO RECEBE CAPACITA\u00c7\u00c3O SOBRE INCENTIVOS FISCAIS PARA \u00c1REAS SOCIAIS - Jirau Energia<\/title>\n<meta name=\"robots\" content=\"index, follow, max-snippet:-1, max-image-preview:large, max-video-preview:-1\" \/>\n<link rel=\"canonical\" href=\"https:\/\/www.jirauenergia.com.br\/en\/porto-velho-recebe-capacitacao-sobre-incentivos-fiscais-para-areas-sociais\/\" \/>\n<meta property=\"og:locale\" content=\"en_US\" \/>\n<meta property=\"og:type\" content=\"article\" \/>\n<meta property=\"og:title\" content=\"PORTO VELHO RECEBE CAPACITA\u00c7\u00c3O SOBRE INCENTIVOS FISCAIS PARA \u00c1REAS SOCIAIS - Jirau Energia\" \/>\n<meta property=\"og:description\" content=\"Evento gratuito orienta organiza\u00e7\u00f5es e gestores sobre como transformar impostos em benef\u00edcios para a sociedade. Nos dias 22 e 23 de outubro, Porto Velho sediar\u00e1 o Capacitar Porto Velho, uma forma\u00e7\u00e3o voltada \u00e0 capacita\u00e7\u00e3o de gestores, representantes de institui\u00e7\u00f5es sociais e empresas sobre os principais mecanismos de incentivos fiscais aplicados a projetos sociais. O evento [&hellip;]\" \/>\n<meta property=\"og:url\" content=\"https:\/\/www.jirauenergia.com.br\/en\/porto-velho-recebe-capacitacao-sobre-incentivos-fiscais-para-areas-sociais\/\" \/>\n<meta property=\"og:site_name\" content=\"Jirau Energia\" \/>\n<meta property=\"article:published_time\" content=\"2025-10-08T18:36:22+00:00\" \/>\n<meta property=\"article:modified_time\" content=\"2025-12-05T18:39:07+00:00\" \/>\n<meta name=\"author\" content=\"Luan Moura\" \/>\n<meta name=\"twitter:card\" content=\"summary_large_image\" \/>\n<meta name=\"twitter:label1\" content=\"Written by\" \/>\n\t<meta name=\"twitter:data1\" content=\"Luan Moura\" \/>\n\t<meta name=\"twitter:label2\" content=\"Est. reading time\" \/>\n\t<meta name=\"twitter:data2\" content=\"2 minutes\" \/>\n<script type=\"application\/ld+json\" class=\"yoast-schema-graph\">{\"@context\":\"https:\/\/schema.org\",\"@graph\":[{\"@type\":\"Article\",\"@id\":\"https:\/\/www.jirauenergia.com.br\/porto-velho-recebe-capacitacao-sobre-incentivos-fiscais-para-areas-sociais\/#article\",\"isPartOf\":{\"@id\":\"https:\/\/www.jirauenergia.com.br\/porto-velho-recebe-capacitacao-sobre-incentivos-fiscais-para-areas-sociais\/\"},\"author\":{\"name\":\"Luan Moura\",\"@id\":\"https:\/\/www.jirauenergia.com.br\/#\/schema\/person\/58029cf7ee8500cc847d8b5a0c3c026e\"},\"headline\":\"PORTO VELHO RECEBE CAPACITA\u00c7\u00c3O SOBRE INCENTIVOS FISCAIS PARA \u00c1REAS SOCIAIS\",\"datePublished\":\"2025-10-08T18:36:22+00:00\",\"dateModified\":\"2025-12-05T18:39:07+00:00\",\"mainEntityOfPage\":{\"@id\":\"https:\/\/www.jirauenergia.com.br\/porto-velho-recebe-capacitacao-sobre-incentivos-fiscais-para-areas-sociais\/\"},\"wordCount\":278,\"commentCount\":0,\"publisher\":{\"@id\":\"https:\/\/www.jirauenergia.com.br\/#organization\"},\"articleSection\":[\"Not\u00edcias\"],\"inLanguage\":\"en-US\",\"potentialAction\":[{\"@type\":\"CommentAction\",\"name\":\"Comment\",\"target\":[\"https:\/\/www.jirauenergia.com.br\/porto-velho-recebe-capacitacao-sobre-incentivos-fiscais-para-areas-sociais\/#respond\"]}]},{\"@type\":\"WebPage\",\"@id\":\"https:\/\/www.jirauenergia.com.br\/porto-velho-recebe-capacitacao-sobre-incentivos-fiscais-para-areas-sociais\/\",\"url\":\"https:\/\/www.jirauenergia.com.br\/porto-velho-recebe-capacitacao-sobre-incentivos-fiscais-para-areas-sociais\/\",\"name\":\"PORTO VELHO RECEBE CAPACITA\u00c7\u00c3O SOBRE INCENTIVOS FISCAIS PARA \u00c1REAS SOCIAIS - Jirau Energia\",\"isPartOf\":{\"@id\":\"https:\/\/www.jirauenergia.com.br\/#website\"},\"datePublished\":\"2025-10-08T18:36:22+00:00\",\"dateModified\":\"2025-12-05T18:39:07+00:00\",\"breadcrumb\":{\"@id\":\"https:\/\/www.jirauenergia.com.br\/porto-velho-recebe-capacitacao-sobre-incentivos-fiscais-para-areas-sociais\/#breadcrumb\"},\"inLanguage\":\"en-US\",\"potentialAction\":[{\"@type\":\"ReadAction\",\"target\":[\"https:\/\/www.jirauenergia.com.br\/porto-velho-recebe-capacitacao-sobre-incentivos-fiscais-para-areas-sociais\/\"]}]},{\"@type\":\"BreadcrumbList\",\"@id\":\"https:\/\/www.jirauenergia.com.br\/porto-velho-recebe-capacitacao-sobre-incentivos-fiscais-para-areas-sociais\/#breadcrumb\",\"itemListElement\":[{\"@type\":\"ListItem\",\"position\":1,\"name\":\"In\u00edcio\",\"item\":\"https:\/\/www.jirauenergia.com.br\/\"},{\"@type\":\"ListItem\",\"position\":2,\"name\":\"PORTO VELHO RECEBE CAPACITA\u00c7\u00c3O SOBRE INCENTIVOS FISCAIS PARA \u00c1REAS SOCIAIS\"}]},{\"@type\":\"WebSite\",\"@id\":\"https:\/\/www.jirauenergia.com.br\/#website\",\"url\":\"https:\/\/www.jirauenergia.com.br\/\",\"name\":\"Jirau Energia\",\"description\":\"\",\"publisher\":{\"@id\":\"https:\/\/www.jirauenergia.com.br\/#organization\"},\"potentialAction\":[{\"@type\":\"SearchAction\",\"target\":{\"@type\":\"EntryPoint\",\"urlTemplate\":\"https:\/\/www.jirauenergia.com.br\/?s={search_term_string}\"},\"query-input\":{\"@type\":\"PropertyValueSpecification\",\"valueRequired\":true,\"valueName\":\"search_term_string\"}}],\"inLanguage\":\"en-US\"},{\"@type\":\"Organization\",\"@id\":\"https:\/\/www.jirauenergia.com.br\/#organization\",\"name\":\"Jirau Energia\",\"url\":\"https:\/\/www.jirauenergia.com.br\/\",\"logo\":{\"@type\":\"ImageObject\",\"inLanguage\":\"en-US\",\"@id\":\"https:\/\/www.jirauenergia.com.br\/#\/schema\/logo\/image\/\",\"url\":\"https:\/\/www.jirauenergia.com.br\/wp-content\/uploads\/2021\/06\/cropped-logo-jirau-energia-1-1.png\",\"contentUrl\":\"https:\/\/www.jirauenergia.com.br\/wp-content\/uploads\/2021\/06\/cropped-logo-jirau-energia-1-1.png\",\"width\":300,\"height\":86,\"caption\":\"Jirau Energia\"},\"image\":{\"@id\":\"https:\/\/www.jirauenergia.com.br\/#\/schema\/logo\/image\/\"}},{\"@type\":\"Person\",\"@id\":\"https:\/\/www.jirauenergia.com.br\/#\/schema\/person\/58029cf7ee8500cc847d8b5a0c3c026e\",\"name\":\"Luan Moura\",\"image\":{\"@type\":\"ImageObject\",\"inLanguage\":\"en-US\",\"@id\":\"https:\/\/www.jirauenergia.com.br\/#\/schema\/person\/image\/\",\"url\":\"https:\/\/secure.gravatar.com\/avatar\/53829106ec1551655270f39e9e3a9f216a17c24a0966f011cda9a98b3a63b7be?s=96&d=mm&r=g\",\"contentUrl\":\"https:\/\/secure.gravatar.com\/avatar\/53829106ec1551655270f39e9e3a9f216a17c24a0966f011cda9a98b3a63b7be?s=96&d=mm&r=g\",\"caption\":\"Luan Moura\"},\"url\":\"https:\/\/www.jirauenergia.com.br\/en\/author\/luan\/\"}]}<\/script>\n<!-- \/ Yoast SEO plugin. -->","yoast_head_json":{"title":"PORTO VELHO RECEBE CAPACITA\u00c7\u00c3O SOBRE INCENTIVOS FISCAIS PARA \u00c1REAS SOCIAIS - Jirau Energia","robots":{"index":"index","follow":"follow","max-snippet":"max-snippet:-1","max-image-preview":"max-image-preview:large","max-video-preview":"max-video-preview:-1"},"canonical":"https:\/\/www.jirauenergia.com.br\/en\/porto-velho-recebe-capacitacao-sobre-incentivos-fiscais-para-areas-sociais\/","og_locale":"en_US","og_type":"article","og_title":"PORTO VELHO RECEBE CAPACITA\u00c7\u00c3O SOBRE INCENTIVOS FISCAIS PARA \u00c1REAS SOCIAIS - Jirau Energia","og_description":"Evento gratuito orienta organiza\u00e7\u00f5es e gestores sobre como transformar impostos em benef\u00edcios para a sociedade. Nos dias 22 e 23 de outubro, Porto Velho sediar\u00e1 o Capacitar Porto Velho, uma forma\u00e7\u00e3o voltada \u00e0 capacita\u00e7\u00e3o de gestores, representantes de institui\u00e7\u00f5es sociais e empresas sobre os principais mecanismos de incentivos fiscais aplicados a projetos sociais. O evento [&hellip;]","og_url":"https:\/\/www.jirauenergia.com.br\/en\/porto-velho-recebe-capacitacao-sobre-incentivos-fiscais-para-areas-sociais\/","og_site_name":"Jirau Energia","article_published_time":"2025-10-08T18:36:22+00:00","article_modified_time":"2025-12-05T18:39:07+00:00","author":"Luan Moura","twitter_card":"summary_large_image","twitter_misc":{"Written by":"Luan Moura","Est. reading time":"2 minutes"},"schema":{"@context":"https:\/\/schema.org","@graph":[{"@type":"Article","@id":"https:\/\/www.jirauenergia.com.br\/porto-velho-recebe-capacitacao-sobre-incentivos-fiscais-para-areas-sociais\/#article","isPartOf":{"@id":"https:\/\/www.jirauenergia.com.br\/porto-velho-recebe-capacitacao-sobre-incentivos-fiscais-para-areas-sociais\/"},"author":{"name":"Luan Moura","@id":"https:\/\/www.jirauenergia.com.br\/#\/schema\/person\/58029cf7ee8500cc847d8b5a0c3c026e"},"headline":"PORTO VELHO RECEBE CAPACITA\u00c7\u00c3O SOBRE INCENTIVOS FISCAIS PARA \u00c1REAS SOCIAIS","datePublished":"2025-10-08T18:36:22+00:00","dateModified":"2025-12-05T18:39:07+00:00","mainEntityOfPage":{"@id":"https:\/\/www.jirauenergia.com.br\/porto-velho-recebe-capacitacao-sobre-incentivos-fiscais-para-areas-sociais\/"},"wordCount":278,"commentCount":0,"publisher":{"@id":"https:\/\/www.jirauenergia.com.br\/#organization"},"articleSection":["Not\u00edcias"],"inLanguage":"en-US","potentialAction":[{"@type":"CommentAction","name":"Comment","target":["https:\/\/www.jirauenergia.com.br\/porto-velho-recebe-capacitacao-sobre-incentivos-fiscais-para-areas-sociais\/#respond"]}]},{"@type":"WebPage","@id":"https:\/\/www.jirauenergia.com.br\/porto-velho-recebe-capacitacao-sobre-incentivos-fiscais-para-areas-sociais\/","url":"https:\/\/www.jirauenergia.com.br\/porto-velho-recebe-capacitacao-sobre-incentivos-fiscais-para-areas-sociais\/","name":"PORTO VELHO RECEBE CAPACITA\u00c7\u00c3O SOBRE INCENTIVOS FISCAIS PARA \u00c1REAS SOCIAIS - Jirau Energia","isPartOf":{"@id":"https:\/\/www.jirauenergia.com.br\/#website"},"datePublished":"2025-10-08T18:36:22+00:00","dateModified":"2025-12-05T18:39:07+00:00","breadcrumb":{"@id":"https:\/\/www.jirauenergia.com.br\/porto-velho-recebe-capacitacao-sobre-incentivos-fiscais-para-areas-sociais\/#breadcrumb"},"inLanguage":"en-US","potentialAction":[{"@type":"ReadAction","target":["https:\/\/www.jirauenergia.com.br\/porto-velho-recebe-capacitacao-sobre-incentivos-fiscais-para-areas-sociais\/"]}]},{"@type":"BreadcrumbList","@id":"https:\/\/www.jirauenergia.com.br\/porto-velho-recebe-capacitacao-sobre-incentivos-fiscais-para-areas-sociais\/#breadcrumb","itemListElement":[{"@type":"ListItem","position":1,"name":"In\u00edcio","item":"https:\/\/www.jirauenergia.com.br\/"},{"@type":"ListItem","position":2,"name":"PORTO VELHO RECEBE CAPACITA\u00c7\u00c3O SOBRE INCENTIVOS FISCAIS PARA \u00c1REAS SOCIAIS"}]},{"@type":"WebSite","@id":"https:\/\/www.jirauenergia.com.br\/#website","url":"https:\/\/www.jirauenergia.com.br\/","name":"JIRAU ENERGY","description":"","publisher":{"@id":"https:\/\/www.jirauenergia.com.br\/#organization"},"potentialAction":[{"@type":"SearchAction","target":{"@type":"EntryPoint","urlTemplate":"https:\/\/www.jirauenergia.com.br\/?s={search_term_string}"},"query-input":{"@type":"PropertyValueSpecification","valueRequired":true,"valueName":"search_term_string"}}],"inLanguage":"en-US"},{"@type":"Organization","@id":"https:\/\/www.jirauenergia.com.br\/#organization","name":"JIRAU ENERGY","url":"https:\/\/www.jirauenergia.com.br\/","logo":{"@type":"ImageObject","inLanguage":"en-US","@id":"https:\/\/www.jirauenergia.com.br\/#\/schema\/logo\/image\/","url":"https:\/\/www.jirauenergia.com.br\/wp-content\/uploads\/2021\/06\/cropped-logo-jirau-energia-1-1.png","contentUrl":"https:\/\/www.jirauenergia.com.br\/wp-content\/uploads\/2021\/06\/cropped-logo-jirau-energia-1-1.png","width":300,"height":86,"caption":"Jirau Energia"},"image":{"@id":"https:\/\/www.jirauenergia.com.br\/#\/schema\/logo\/image\/"}},{"@type":"Person","@id":"https:\/\/www.jirauenergia.com.br\/#\/schema\/person\/58029cf7ee8500cc847d8b5a0c3c026e","name":"Luan Moura","image":{"@type":"ImageObject","inLanguage":"en-US","@id":"https:\/\/www.jirauenergia.com.br\/#\/schema\/person\/image\/","url":"https:\/\/secure.gravatar.com\/avatar\/53829106ec1551655270f39e9e3a9f216a17c24a0966f011cda9a98b3a63b7be?s=96&d=mm&r=g","contentUrl":"https:\/\/secure.gravatar.com\/avatar\/53829106ec1551655270f39e9e3a9f216a17c24a0966f011cda9a98b3a63b7be?s=96&d=mm&r=g","caption":"Luan Moura"},"url":"https:\/\/www.jirauenergia.com.br\/en\/author\/luan\/"}]}},"_links":{"self":[{"href":"https:\/\/www.jirauenergia.com.br\/en\/wp-json\/wp\/v2\/posts\/19494","targetHints":{"allow":["GET"]}}],"collection":[{"href":"https:\/\/www.jirauenergia.com.br\/en\/wp-json\/wp\/v2\/posts"}],"about":[{"href":"https:\/\/www.jirauenergia.com.br\/en\/wp-json\/wp\/v2\/types\/post"}],"author":[{"embeddable":true,"href":"https:\/\/www.jirauenergia.com.br\/en\/wp-json\/wp\/v2\/users\/85"}],"replies":[{"embeddable":true,"href":"https:\/\/www.jirauenergia.com.br\/en\/wp-json\/wp\/v2\/comments?post=19494"}],"version-history":[{"count":1,"href":"https:\/\/www.jirauenergia.com.br\/en\/wp-json\/wp\/v2\/posts\/19494\/revisions"}],"predecessor-version":[{"id":19495,"href":"https:\/\/www.jirauenergia.com.br\/en\/wp-json\/wp\/v2\/posts\/19494\/revisions\/19495"}],"wp:attachment":[{"href":"https:\/\/www.jirauenergia.com.br\/en\/wp-json\/wp\/v2\/media?parent=19494"}],"wp:term":[{"taxonomy":"category","embeddable":true,"href":"https:\/\/www.jirauenergia.com.br\/en\/wp-json\/wp\/v2\/categories?post=19494"},{"taxonomy":"post_tag","embeddable":true,"href":"https:\/\/www.jirauenergia.com.br\/en\/wp-json\/wp\/v2\/tags?post=19494"},{"taxonomy":"tipo_de_noticias","embeddable":true,"href":"https:\/\/www.jirauenergia.com.br\/en\/wp-json\/wp\/v2\/tipo_de_noticias?post=19494"},{"taxonomy":"tipos_de_inovacao","embeddable":true,"href":"https:\/\/www.jirauenergia.com.br\/en\/wp-json\/wp\/v2\/tipos_de_inovacao?post=19494"},{"taxonomy":"categoria_episodios","embeddable":true,"href":"https:\/\/www.jirauenergia.com.br\/en\/wp-json\/wp\/v2\/categoria_episodios?post=19494"},{"taxonomy":"categorias_de_vaga","embeddable":true,"href":"https:\/\/www.jirauenergia.com.br\/en\/wp-json\/wp\/v2\/categorias_de_vaga?post=19494"},{"taxonomy":"categoria_de_programas","embeddable":true,"href":"https:\/\/www.jirauenergia.com.br\/en\/wp-json\/wp\/v2\/categoria_de_programas?post=19494"},{"taxonomy":"alfabeto_glossario","embeddable":true,"href":"https:\/\/www.jirauenergia.com.br\/en\/wp-json\/wp\/v2\/alfabeto_glossario?post=19494"},{"taxonomy":"categorias_de_pdf","embeddable":true,"href":"https:\/\/www.jirauenergia.com.br\/en\/wp-json\/wp\/v2\/categorias_de_pdf?post=19494"},{"taxonomy":"projetos_pdi","embeddable":true,"href":"https:\/\/www.jirauenergia.com.br\/en\/wp-json\/wp\/v2\/projetos_pdi?post=19494"}],"curies":[{"name":"wp","href":"https:\/\/api.w.org\/{rel}","templated":true}]}}