{"id":19478,"date":"2025-12-04T12:36:14","date_gmt":"2025-12-04T15:36:14","guid":{"rendered":"https:\/\/www.jirauenergia.com.br\/?p=19478"},"modified":"2025-12-04T12:42:07","modified_gmt":"2025-12-04T15:42:07","slug":"nova-mutum-parana-celebra-acendimento-da-arvore-de-natal-com-participacao-da-comunidade","status":"publish","type":"post","link":"https:\/\/www.jirauenergia.com.br\/en\/nova-mutum-parana-celebra-acendimento-da-arvore-de-natal-com-participacao-da-comunidade\/","title":{"rendered":"NOVA MUTUM PARAN\u00c1 CELEBRA ACENDIMENTO DA \u00c1RVORE DE NATAL COM PARTICIPA\u00c7\u00c3O DA COMUNIDADE"},"content":{"rendered":"<p><em>Com apoio da Jirau Energia, evento marcou o in\u00edcio das festividades natalinas e refor\u00e7ou a uni\u00e3o entre moradores, empreendedores e empresas parceiras.<\/em><\/p>\n\n\n\n<p>Nova Mutum Paran\u00e1 celebrou, no dia 28 de novembro, o acendimento das luzes da tradicional \u00c1rvore de Natal instalada na entrada da comunidade. O evento marcou oficialmente o in\u00edcio das festividades natalinas e reuniu fam\u00edlias, crian\u00e7as e moradores em um clima de encantamento, conviv\u00eancia e esp\u00edrito comunit\u00e1rio.<\/p>\n\n\n\n<p>A programa\u00e7\u00e3o contou com a apresenta\u00e7\u00e3o do Bal\u00e9 do projeto Moldando Talentos, que emocionou o p\u00fablico com uma performance especial preparada para a noite. A chegada do Papai Noel foi um dos momentos mais aguardados, proporcionando alegria \u00e0s crian\u00e7as e refor\u00e7ando o simbolismo afetivo do Natal. Durante o evento, foram distribu\u00eddos presentes.<\/p>\n\n\n\n<p>A montagem da estrutura da \u00e1rvore e a realiza\u00e7\u00e3o do evento foi resultado de uma mobiliza\u00e7\u00e3o entre comerciantes locais, empresas parceiras, associa\u00e7\u00f5es comunit\u00e1rias e moradores. A iniciativa destacou, mais uma vez, a for\u00e7a da coopera\u00e7\u00e3o e o comprometimento coletivo em construir momentos significativos para a comunidade.<\/p>\n\n\n\n<p>Para a realiza\u00e7\u00e3o do evento, a organiza\u00e7\u00e3o contou com o apoio dos com\u00e9rcios locais, como o Supermercado Esperan\u00e7a, Madeira +, Distribuidora Paran\u00e1, Machado M\u00f3veis Planejados, Restaurante 3 Irm\u00e3os e Hotel Lumiar. Tamb\u00e9m participaram como empresas parceiras a Jirau Energia, Grupo GPS, Voith, Marok, Axis, Sapore S.A., Kaefer e SENAI. Al\u00e9m deles, apoiaram a iniciativa a Associa\u00e7\u00e3o do Observat\u00f3rio, a Associa\u00e7\u00e3o das Mulheres de Nova Mutum (ASMUNOMU) e a Administra\u00e7\u00e3o Distrital.<\/p>\n\n\n\n<p>A programa\u00e7\u00e3o natalina segue ao longo de dezembro com um fim de semana especial. De 12 a 14 de dezembro, ser\u00e1 realizado, com o patroc\u00ednio da Jirau Energia, o Natal de Nova Mutum Paran\u00e1, que conta com apresenta\u00e7\u00e3o do bal\u00e9, comidas t\u00edpicas, atividades infantis, atra\u00e7\u00f5es musicais e, claro, a presen\u00e7a ilustre do Papai Noel. As festividades come\u00e7am todos os dias \u00e0s 18h30, na Avenida Jirau, em frente \u00e0 \u00c1rvore de Natal.<\/p>\n\n\n\n<p>A Jirau Energia refor\u00e7a seu compromisso com o desenvolvimento social, cultural e comunit\u00e1rio de Nova Mutum Paran\u00e1. Para a empresa, iniciativas como essa fortalecem v\u00ednculos, promovem bem-estar e iluminam n\u00e3o apenas a comunidade, mas tamb\u00e9m o caminho para um futuro constru\u00eddo em parceria.<\/p>\n\n\n\n<p><\/p>","protected":false},"excerpt":{"rendered":"<p>Com apoio da Jirau Energia, evento marcou o in\u00edcio das festividades natalinas e refor\u00e7ou a uni\u00e3o entre moradores, empreendedores e empresas parceiras. Nova Mutum Paran\u00e1 celebrou, no dia 28 de novembro, o acendimento das luzes da tradicional \u00c1rvore de Natal instalada na entrada da comunidade. O evento marcou oficialmente o in\u00edcio das festividades natalinas e [&hellip;]<\/p>","protected":false},"author":85,"featured_media":19479,"comment_status":"open","ping_status":"open","sticky":false,"template":"","format":"standard","meta":{"_acf_changed":false,"footnotes":""},"categories":[37],"tags":[],"tipo_de_noticias":[15],"tipos_de_inovacao":[],"categoria_episodios":[],"categorias_de_vaga":[],"categoria_de_programas":[],"alfabeto_glossario":[],"categorias_de_pdf":[],"projetos_pdi":[],"class_list":["post-19478","post","type-post","status-publish","format-standard","has-post-thumbnail","hentry","category-noticias","tipo_de_noticias-noticias"],"acf":[],"yoast_head":"<!-- This site is optimized with the Yoast SEO plugin v25.9 - https:\/\/yoast.com\/wordpress\/plugins\/seo\/ -->\n<title>NOVA MUTUM PARAN\u00c1 CELEBRA ACENDIMENTO DA \u00c1RVORE DE NATAL COM PARTICIPA\u00c7\u00c3O DA COMUNIDADE - Jirau Energia<\/title>\n<meta name=\"robots\" content=\"index, follow, max-snippet:-1, max-image-preview:large, max-video-preview:-1\" \/>\n<link rel=\"canonical\" href=\"https:\/\/www.jirauenergia.com.br\/en\/nova-mutum-parana-celebra-acendimento-da-arvore-de-natal-com-participacao-da-comunidade\/\" \/>\n<meta property=\"og:locale\" content=\"en_US\" \/>\n<meta property=\"og:type\" content=\"article\" \/>\n<meta property=\"og:title\" content=\"NOVA MUTUM PARAN\u00c1 CELEBRA ACENDIMENTO DA \u00c1RVORE DE NATAL COM PARTICIPA\u00c7\u00c3O DA COMUNIDADE - Jirau Energia\" \/>\n<meta property=\"og:description\" content=\"Com apoio da Jirau Energia, evento marcou o in\u00edcio das festividades natalinas e refor\u00e7ou a uni\u00e3o entre moradores, empreendedores e empresas parceiras. Nova Mutum Paran\u00e1 celebrou, no dia 28 de novembro, o acendimento das luzes da tradicional \u00c1rvore de Natal instalada na entrada da comunidade. O evento marcou oficialmente o in\u00edcio das festividades natalinas e [&hellip;]\" \/>\n<meta property=\"og:url\" content=\"https:\/\/www.jirauenergia.com.br\/en\/nova-mutum-parana-celebra-acendimento-da-arvore-de-natal-com-participacao-da-comunidade\/\" \/>\n<meta property=\"og:site_name\" content=\"Jirau Energia\" \/>\n<meta property=\"article:published_time\" content=\"2025-12-04T15:36:14+00:00\" \/>\n<meta property=\"article:modified_time\" content=\"2025-12-04T15:42:07+00:00\" \/>\n<meta property=\"og:image\" content=\"https:\/\/www.jirauenergia.com.br\/wp-content\/uploads\/2025\/12\/28.11.2025-NATAL-DE-LUZ29-scaled.jpg\" \/>\n\t<meta property=\"og:image:width\" content=\"2560\" \/>\n\t<meta property=\"og:image:height\" content=\"1707\" \/>\n\t<meta property=\"og:image:type\" content=\"image\/jpeg\" \/>\n<meta name=\"author\" content=\"Luan Moura\" \/>\n<meta name=\"twitter:card\" content=\"summary_large_image\" \/>\n<meta name=\"twitter:label1\" content=\"Written by\" \/>\n\t<meta name=\"twitter:data1\" content=\"Luan Moura\" \/>\n\t<meta name=\"twitter:label2\" content=\"Est. reading time\" \/>\n\t<meta name=\"twitter:data2\" content=\"3 minutes\" \/>\n<script type=\"application\/ld+json\" class=\"yoast-schema-graph\">{\"@context\":\"https:\/\/schema.org\",\"@graph\":[{\"@type\":\"Article\",\"@id\":\"https:\/\/www.jirauenergia.com.br\/nova-mutum-parana-celebra-acendimento-da-arvore-de-natal-com-participacao-da-comunidade\/#article\",\"isPartOf\":{\"@id\":\"https:\/\/www.jirauenergia.com.br\/nova-mutum-parana-celebra-acendimento-da-arvore-de-natal-com-participacao-da-comunidade\/\"},\"author\":{\"name\":\"Luan Moura\",\"@id\":\"https:\/\/www.jirauenergia.com.br\/#\/schema\/person\/58029cf7ee8500cc847d8b5a0c3c026e\"},\"headline\":\"NOVA MUTUM PARAN\u00c1 CELEBRA ACENDIMENTO DA \u00c1RVORE DE NATAL COM PARTICIPA\u00c7\u00c3O DA COMUNIDADE\",\"datePublished\":\"2025-12-04T15:36:14+00:00\",\"dateModified\":\"2025-12-04T15:42:07+00:00\",\"mainEntityOfPage\":{\"@id\":\"https:\/\/www.jirauenergia.com.br\/nova-mutum-parana-celebra-acendimento-da-arvore-de-natal-com-participacao-da-comunidade\/\"},\"wordCount\":406,\"commentCount\":0,\"publisher\":{\"@id\":\"https:\/\/www.jirauenergia.com.br\/#organization\"},\"image\":{\"@id\":\"https:\/\/www.jirauenergia.com.br\/nova-mutum-parana-celebra-acendimento-da-arvore-de-natal-com-participacao-da-comunidade\/#primaryimage\"},\"thumbnailUrl\":\"https:\/\/www.jirauenergia.com.br\/wp-content\/uploads\/2025\/12\/28.11.2025-NATAL-DE-LUZ29-scaled.jpg\",\"articleSection\":[\"Not\u00edcias\"],\"inLanguage\":\"en-US\",\"potentialAction\":[{\"@type\":\"CommentAction\",\"name\":\"Comment\",\"target\":[\"https:\/\/www.jirauenergia.com.br\/nova-mutum-parana-celebra-acendimento-da-arvore-de-natal-com-participacao-da-comunidade\/#respond\"]}]},{\"@type\":\"WebPage\",\"@id\":\"https:\/\/www.jirauenergia.com.br\/nova-mutum-parana-celebra-acendimento-da-arvore-de-natal-com-participacao-da-comunidade\/\",\"url\":\"https:\/\/www.jirauenergia.com.br\/nova-mutum-parana-celebra-acendimento-da-arvore-de-natal-com-participacao-da-comunidade\/\",\"name\":\"NOVA MUTUM PARAN\u00c1 CELEBRA ACENDIMENTO DA \u00c1RVORE DE NATAL COM PARTICIPA\u00c7\u00c3O DA COMUNIDADE - Jirau Energia\",\"isPartOf\":{\"@id\":\"https:\/\/www.jirauenergia.com.br\/#website\"},\"primaryImageOfPage\":{\"@id\":\"https:\/\/www.jirauenergia.com.br\/nova-mutum-parana-celebra-acendimento-da-arvore-de-natal-com-participacao-da-comunidade\/#primaryimage\"},\"image\":{\"@id\":\"https:\/\/www.jirauenergia.com.br\/nova-mutum-parana-celebra-acendimento-da-arvore-de-natal-com-participacao-da-comunidade\/#primaryimage\"},\"thumbnailUrl\":\"https:\/\/www.jirauenergia.com.br\/wp-content\/uploads\/2025\/12\/28.11.2025-NATAL-DE-LUZ29-scaled.jpg\",\"datePublished\":\"2025-12-04T15:36:14+00:00\",\"dateModified\":\"2025-12-04T15:42:07+00:00\",\"breadcrumb\":{\"@id\":\"https:\/\/www.jirauenergia.com.br\/nova-mutum-parana-celebra-acendimento-da-arvore-de-natal-com-participacao-da-comunidade\/#breadcrumb\"},\"inLanguage\":\"en-US\",\"potentialAction\":[{\"@type\":\"ReadAction\",\"target\":[\"https:\/\/www.jirauenergia.com.br\/nova-mutum-parana-celebra-acendimento-da-arvore-de-natal-com-participacao-da-comunidade\/\"]}]},{\"@type\":\"ImageObject\",\"inLanguage\":\"en-US\",\"@id\":\"https:\/\/www.jirauenergia.com.br\/nova-mutum-parana-celebra-acendimento-da-arvore-de-natal-com-participacao-da-comunidade\/#primaryimage\",\"url\":\"https:\/\/www.jirauenergia.com.br\/wp-content\/uploads\/2025\/12\/28.11.2025-NATAL-DE-LUZ29-scaled.jpg\",\"contentUrl\":\"https:\/\/www.jirauenergia.com.br\/wp-content\/uploads\/2025\/12\/28.11.2025-NATAL-DE-LUZ29-scaled.jpg\",\"width\":2560,\"height\":1707},{\"@type\":\"BreadcrumbList\",\"@id\":\"https:\/\/www.jirauenergia.com.br\/nova-mutum-parana-celebra-acendimento-da-arvore-de-natal-com-participacao-da-comunidade\/#breadcrumb\",\"itemListElement\":[{\"@type\":\"ListItem\",\"position\":1,\"name\":\"In\u00edcio\",\"item\":\"https:\/\/www.jirauenergia.com.br\/\"},{\"@type\":\"ListItem\",\"position\":2,\"name\":\"NOVA MUTUM PARAN\u00c1 CELEBRA ACENDIMENTO DA \u00c1RVORE DE NATAL COM PARTICIPA\u00c7\u00c3O DA COMUNIDADE\"}]},{\"@type\":\"WebSite\",\"@id\":\"https:\/\/www.jirauenergia.com.br\/#website\",\"url\":\"https:\/\/www.jirauenergia.com.br\/\",\"name\":\"Jirau Energia\",\"description\":\"\",\"publisher\":{\"@id\":\"https:\/\/www.jirauenergia.com.br\/#organization\"},\"potentialAction\":[{\"@type\":\"SearchAction\",\"target\":{\"@type\":\"EntryPoint\",\"urlTemplate\":\"https:\/\/www.jirauenergia.com.br\/?s={search_term_string}\"},\"query-input\":{\"@type\":\"PropertyValueSpecification\",\"valueRequired\":true,\"valueName\":\"search_term_string\"}}],\"inLanguage\":\"en-US\"},{\"@type\":\"Organization\",\"@id\":\"https:\/\/www.jirauenergia.com.br\/#organization\",\"name\":\"Jirau Energia\",\"url\":\"https:\/\/www.jirauenergia.com.br\/\",\"logo\":{\"@type\":\"ImageObject\",\"inLanguage\":\"en-US\",\"@id\":\"https:\/\/www.jirauenergia.com.br\/#\/schema\/logo\/image\/\",\"url\":\"https:\/\/www.jirauenergia.com.br\/wp-content\/uploads\/2021\/06\/cropped-logo-jirau-energia-1-1.png\",\"contentUrl\":\"https:\/\/www.jirauenergia.com.br\/wp-content\/uploads\/2021\/06\/cropped-logo-jirau-energia-1-1.png\",\"width\":300,\"height\":86,\"caption\":\"Jirau Energia\"},\"image\":{\"@id\":\"https:\/\/www.jirauenergia.com.br\/#\/schema\/logo\/image\/\"}},{\"@type\":\"Person\",\"@id\":\"https:\/\/www.jirauenergia.com.br\/#\/schema\/person\/58029cf7ee8500cc847d8b5a0c3c026e\",\"name\":\"Luan Moura\",\"image\":{\"@type\":\"ImageObject\",\"inLanguage\":\"en-US\",\"@id\":\"https:\/\/www.jirauenergia.com.br\/#\/schema\/person\/image\/\",\"url\":\"https:\/\/secure.gravatar.com\/avatar\/53829106ec1551655270f39e9e3a9f216a17c24a0966f011cda9a98b3a63b7be?s=96&d=mm&r=g\",\"contentUrl\":\"https:\/\/secure.gravatar.com\/avatar\/53829106ec1551655270f39e9e3a9f216a17c24a0966f011cda9a98b3a63b7be?s=96&d=mm&r=g\",\"caption\":\"Luan Moura\"},\"url\":\"https:\/\/www.jirauenergia.com.br\/en\/author\/luan\/\"}]}<\/script>\n<!-- \/ Yoast SEO plugin. -->","yoast_head_json":{"title":"NOVA MUTUM PARAN\u00c1 CELEBRA ACENDIMENTO DA \u00c1RVORE DE NATAL COM PARTICIPA\u00c7\u00c3O DA COMUNIDADE - Jirau Energia","robots":{"index":"index","follow":"follow","max-snippet":"max-snippet:-1","max-image-preview":"max-image-preview:large","max-video-preview":"max-video-preview:-1"},"canonical":"https:\/\/www.jirauenergia.com.br\/en\/nova-mutum-parana-celebra-acendimento-da-arvore-de-natal-com-participacao-da-comunidade\/","og_locale":"en_US","og_type":"article","og_title":"NOVA MUTUM PARAN\u00c1 CELEBRA ACENDIMENTO DA \u00c1RVORE DE NATAL COM PARTICIPA\u00c7\u00c3O DA COMUNIDADE - Jirau Energia","og_description":"Com apoio da Jirau Energia, evento marcou o in\u00edcio das festividades natalinas e refor\u00e7ou a uni\u00e3o entre moradores, empreendedores e empresas parceiras. Nova Mutum Paran\u00e1 celebrou, no dia 28 de novembro, o acendimento das luzes da tradicional \u00c1rvore de Natal instalada na entrada da comunidade. O evento marcou oficialmente o in\u00edcio das festividades natalinas e [&hellip;]","og_url":"https:\/\/www.jirauenergia.com.br\/en\/nova-mutum-parana-celebra-acendimento-da-arvore-de-natal-com-participacao-da-comunidade\/","og_site_name":"Jirau Energia","article_published_time":"2025-12-04T15:36:14+00:00","article_modified_time":"2025-12-04T15:42:07+00:00","og_image":[{"width":2560,"height":1707,"url":"https:\/\/www.jirauenergia.com.br\/wp-content\/uploads\/2025\/12\/28.11.2025-NATAL-DE-LUZ29-scaled.jpg","type":"image\/jpeg"}],"author":"Luan Moura","twitter_card":"summary_large_image","twitter_misc":{"Written by":"Luan Moura","Est. reading time":"3 minutes"},"schema":{"@context":"https:\/\/schema.org","@graph":[{"@type":"Article","@id":"https:\/\/www.jirauenergia.com.br\/nova-mutum-parana-celebra-acendimento-da-arvore-de-natal-com-participacao-da-comunidade\/#article","isPartOf":{"@id":"https:\/\/www.jirauenergia.com.br\/nova-mutum-parana-celebra-acendimento-da-arvore-de-natal-com-participacao-da-comunidade\/"},"author":{"name":"Luan Moura","@id":"https:\/\/www.jirauenergia.com.br\/#\/schema\/person\/58029cf7ee8500cc847d8b5a0c3c026e"},"headline":"NOVA MUTUM PARAN\u00c1 CELEBRA ACENDIMENTO DA \u00c1RVORE DE NATAL COM PARTICIPA\u00c7\u00c3O DA COMUNIDADE","datePublished":"2025-12-04T15:36:14+00:00","dateModified":"2025-12-04T15:42:07+00:00","mainEntityOfPage":{"@id":"https:\/\/www.jirauenergia.com.br\/nova-mutum-parana-celebra-acendimento-da-arvore-de-natal-com-participacao-da-comunidade\/"},"wordCount":406,"commentCount":0,"publisher":{"@id":"https:\/\/www.jirauenergia.com.br\/#organization"},"image":{"@id":"https:\/\/www.jirauenergia.com.br\/nova-mutum-parana-celebra-acendimento-da-arvore-de-natal-com-participacao-da-comunidade\/#primaryimage"},"thumbnailUrl":"https:\/\/www.jirauenergia.com.br\/wp-content\/uploads\/2025\/12\/28.11.2025-NATAL-DE-LUZ29-scaled.jpg","articleSection":["Not\u00edcias"],"inLanguage":"en-US","potentialAction":[{"@type":"CommentAction","name":"Comment","target":["https:\/\/www.jirauenergia.com.br\/nova-mutum-parana-celebra-acendimento-da-arvore-de-natal-com-participacao-da-comunidade\/#respond"]}]},{"@type":"WebPage","@id":"https:\/\/www.jirauenergia.com.br\/nova-mutum-parana-celebra-acendimento-da-arvore-de-natal-com-participacao-da-comunidade\/","url":"https:\/\/www.jirauenergia.com.br\/nova-mutum-parana-celebra-acendimento-da-arvore-de-natal-com-participacao-da-comunidade\/","name":"NOVA MUTUM PARAN\u00c1 CELEBRA ACENDIMENTO DA \u00c1RVORE DE NATAL COM PARTICIPA\u00c7\u00c3O DA COMUNIDADE - Jirau Energia","isPartOf":{"@id":"https:\/\/www.jirauenergia.com.br\/#website"},"primaryImageOfPage":{"@id":"https:\/\/www.jirauenergia.com.br\/nova-mutum-parana-celebra-acendimento-da-arvore-de-natal-com-participacao-da-comunidade\/#primaryimage"},"image":{"@id":"https:\/\/www.jirauenergia.com.br\/nova-mutum-parana-celebra-acendimento-da-arvore-de-natal-com-participacao-da-comunidade\/#primaryimage"},"thumbnailUrl":"https:\/\/www.jirauenergia.com.br\/wp-content\/uploads\/2025\/12\/28.11.2025-NATAL-DE-LUZ29-scaled.jpg","datePublished":"2025-12-04T15:36:14+00:00","dateModified":"2025-12-04T15:42:07+00:00","breadcrumb":{"@id":"https:\/\/www.jirauenergia.com.br\/nova-mutum-parana-celebra-acendimento-da-arvore-de-natal-com-participacao-da-comunidade\/#breadcrumb"},"inLanguage":"en-US","potentialAction":[{"@type":"ReadAction","target":["https:\/\/www.jirauenergia.com.br\/nova-mutum-parana-celebra-acendimento-da-arvore-de-natal-com-participacao-da-comunidade\/"]}]},{"@type":"ImageObject","inLanguage":"en-US","@id":"https:\/\/www.jirauenergia.com.br\/nova-mutum-parana-celebra-acendimento-da-arvore-de-natal-com-participacao-da-comunidade\/#primaryimage","url":"https:\/\/www.jirauenergia.com.br\/wp-content\/uploads\/2025\/12\/28.11.2025-NATAL-DE-LUZ29-scaled.jpg","contentUrl":"https:\/\/www.jirauenergia.com.br\/wp-content\/uploads\/2025\/12\/28.11.2025-NATAL-DE-LUZ29-scaled.jpg","width":2560,"height":1707},{"@type":"BreadcrumbList","@id":"https:\/\/www.jirauenergia.com.br\/nova-mutum-parana-celebra-acendimento-da-arvore-de-natal-com-participacao-da-comunidade\/#breadcrumb","itemListElement":[{"@type":"ListItem","position":1,"name":"In\u00edcio","item":"https:\/\/www.jirauenergia.com.br\/"},{"@type":"ListItem","position":2,"name":"NOVA MUTUM PARAN\u00c1 CELEBRA ACENDIMENTO DA \u00c1RVORE DE NATAL COM PARTICIPA\u00c7\u00c3O DA COMUNIDADE"}]},{"@type":"WebSite","@id":"https:\/\/www.jirauenergia.com.br\/#website","url":"https:\/\/www.jirauenergia.com.br\/","name":"JIRAU ENERGY","description":"","publisher":{"@id":"https:\/\/www.jirauenergia.com.br\/#organization"},"potentialAction":[{"@type":"SearchAction","target":{"@type":"EntryPoint","urlTemplate":"https:\/\/www.jirauenergia.com.br\/?s={search_term_string}"},"query-input":{"@type":"PropertyValueSpecification","valueRequired":true,"valueName":"search_term_string"}}],"inLanguage":"en-US"},{"@type":"Organization","@id":"https:\/\/www.jirauenergia.com.br\/#organization","name":"JIRAU ENERGY","url":"https:\/\/www.jirauenergia.com.br\/","logo":{"@type":"ImageObject","inLanguage":"en-US","@id":"https:\/\/www.jirauenergia.com.br\/#\/schema\/logo\/image\/","url":"https:\/\/www.jirauenergia.com.br\/wp-content\/uploads\/2021\/06\/cropped-logo-jirau-energia-1-1.png","contentUrl":"https:\/\/www.jirauenergia.com.br\/wp-content\/uploads\/2021\/06\/cropped-logo-jirau-energia-1-1.png","width":300,"height":86,"caption":"Jirau Energia"},"image":{"@id":"https:\/\/www.jirauenergia.com.br\/#\/schema\/logo\/image\/"}},{"@type":"Person","@id":"https:\/\/www.jirauenergia.com.br\/#\/schema\/person\/58029cf7ee8500cc847d8b5a0c3c026e","name":"Luan Moura","image":{"@type":"ImageObject","inLanguage":"en-US","@id":"https:\/\/www.jirauenergia.com.br\/#\/schema\/person\/image\/","url":"https:\/\/secure.gravatar.com\/avatar\/53829106ec1551655270f39e9e3a9f216a17c24a0966f011cda9a98b3a63b7be?s=96&d=mm&r=g","contentUrl":"https:\/\/secure.gravatar.com\/avatar\/53829106ec1551655270f39e9e3a9f216a17c24a0966f011cda9a98b3a63b7be?s=96&d=mm&r=g","caption":"Luan Moura"},"url":"https:\/\/www.jirauenergia.com.br\/en\/author\/luan\/"}]}},"_links":{"self":[{"href":"https:\/\/www.jirauenergia.com.br\/en\/wp-json\/wp\/v2\/posts\/19478","targetHints":{"allow":["GET"]}}],"collection":[{"href":"https:\/\/www.jirauenergia.com.br\/en\/wp-json\/wp\/v2\/posts"}],"about":[{"href":"https:\/\/www.jirauenergia.com.br\/en\/wp-json\/wp\/v2\/types\/post"}],"author":[{"embeddable":true,"href":"https:\/\/www.jirauenergia.com.br\/en\/wp-json\/wp\/v2\/users\/85"}],"replies":[{"embeddable":true,"href":"https:\/\/www.jirauenergia.com.br\/en\/wp-json\/wp\/v2\/comments?post=19478"}],"version-history":[{"count":2,"href":"https:\/\/www.jirauenergia.com.br\/en\/wp-json\/wp\/v2\/posts\/19478\/revisions"}],"predecessor-version":[{"id":19482,"href":"https:\/\/www.jirauenergia.com.br\/en\/wp-json\/wp\/v2\/posts\/19478\/revisions\/19482"}],"wp:featuredmedia":[{"embeddable":true,"href":"https:\/\/www.jirauenergia.com.br\/en\/wp-json\/wp\/v2\/media\/19479"}],"wp:attachment":[{"href":"https:\/\/www.jirauenergia.com.br\/en\/wp-json\/wp\/v2\/media?parent=19478"}],"wp:term":[{"taxonomy":"category","embeddable":true,"href":"https:\/\/www.jirauenergia.com.br\/en\/wp-json\/wp\/v2\/categories?post=19478"},{"taxonomy":"post_tag","embeddable":true,"href":"https:\/\/www.jirauenergia.com.br\/en\/wp-json\/wp\/v2\/tags?post=19478"},{"taxonomy":"tipo_de_noticias","embeddable":true,"href":"https:\/\/www.jirauenergia.com.br\/en\/wp-json\/wp\/v2\/tipo_de_noticias?post=19478"},{"taxonomy":"tipos_de_inovacao","embeddable":true,"href":"https:\/\/www.jirauenergia.com.br\/en\/wp-json\/wp\/v2\/tipos_de_inovacao?post=19478"},{"taxonomy":"categoria_episodios","embeddable":true,"href":"https:\/\/www.jirauenergia.com.br\/en\/wp-json\/wp\/v2\/categoria_episodios?post=19478"},{"taxonomy":"categorias_de_vaga","embeddable":true,"href":"https:\/\/www.jirauenergia.com.br\/en\/wp-json\/wp\/v2\/categorias_de_vaga?post=19478"},{"taxonomy":"categoria_de_programas","embeddable":true,"href":"https:\/\/www.jirauenergia.com.br\/en\/wp-json\/wp\/v2\/categoria_de_programas?post=19478"},{"taxonomy":"alfabeto_glossario","embeddable":true,"href":"https:\/\/www.jirauenergia.com.br\/en\/wp-json\/wp\/v2\/alfabeto_glossario?post=19478"},{"taxonomy":"categorias_de_pdf","embeddable":true,"href":"https:\/\/www.jirauenergia.com.br\/en\/wp-json\/wp\/v2\/categorias_de_pdf?post=19478"},{"taxonomy":"projetos_pdi","embeddable":true,"href":"https:\/\/www.jirauenergia.com.br\/en\/wp-json\/wp\/v2\/projetos_pdi?post=19478"}],"curies":[{"name":"wp","href":"https:\/\/api.w.org\/{rel}","templated":true}]}}