{"id":19389,"date":"2025-09-29T09:57:07","date_gmt":"2025-09-29T12:57:07","guid":{"rendered":"https:\/\/www.jirauenergia.com.br\/?p=19389"},"modified":"2025-12-05T15:14:54","modified_gmt":"2025-12-05T18:14:54","slug":"oficina-de-agentes-publicos-fortalece-dialogo-sobre-a-cultura-indigena-dos-povos-da-terra-indigena-uru-eu-wau-wau","status":"publish","type":"post","link":"https:\/\/www.jirauenergia.com.br\/en\/oficina-de-agentes-publicos-fortalece-dialogo-sobre-a-cultura-indigena-dos-povos-da-terra-indigena-uru-eu-wau-wau\/","title":{"rendered":"OFICINA DE AGENTES P\u00daBLICOS FORTALECE DI\u00c1LOGO SOBRE A CULTURA IND\u00cdGENA DOS POVOS DA TERRA IND\u00cdGENA URU-EU-WAU-WAU"},"content":{"rendered":"<p><em>Evento promovido pela Jirau Energia reuniu em Ji-Paran\u00e1 (RO) representantes de institui\u00e7\u00f5es p\u00fablicas, ONGs e lideran\u00e7as ind\u00edgenas para construir fluxos de atua\u00e7\u00e3o conjunta e garantir direitos dos povos origin\u00e1rios.<\/em><\/p>\n\n\n\n<p>Nos dias 25 e 26 de setembro, a Jirau Energia promoveu a Oficina de Agentes P\u00fablicos sobre a Cultura Ind\u00edgena dos Povos da Terra Ind\u00edgena (TI) <em>Uru-Eu-Wau-Wau. <\/em>O encontro reuniu cerca de 25 representantes de institui\u00e7\u00f5es p\u00fablicas, organiza\u00e7\u00f5es n\u00e3o governamentais e entidades parceiras que atuam em Ji-Paran\u00e1 e regi\u00e3o, al\u00e9m de lideran\u00e7as ind\u00edgenas dos povos <em>Jupa\u00fa<\/em> e <em>Amondawa<\/em>.<\/p>\n\n\n\n<p>O primeiro dia da oficina teve como foco a apresenta\u00e7\u00e3o do contexto hist\u00f3rico e territorial da TI <em>Uru-Eu-Wau-Wau<\/em>, com condu\u00e7\u00e3o da Funda\u00e7\u00e3o Nacional dos Povos Ind\u00edgenas (FUNAI) e da GEOMIND \u2013 Geologia e Meio Ambiente, consultoria respons\u00e1vel pela execu\u00e7\u00e3o das atividades. Foram discutidos temas como a ocupa\u00e7\u00e3o da terra, as especificidades dos povos ind\u00edgenas e a constru\u00e7\u00e3o coletiva de fluxos institucionais que facilitem o acesso e a compreens\u00e3o dos direitos por parte das comunidades ind\u00edgenas. A programa\u00e7\u00e3o contou tamb\u00e9m com atividades em grupo, nas quais os participantes refletiram sobre o papel das institui\u00e7\u00f5es na garantia desses direitos.<\/p>\n\n\n<div class=\"wp-block-image\">\n<figure class=\"alignleft size-large is-resized\"><img fetchpriority=\"high\" decoding=\"async\" width=\"1024\" height=\"684\" src=\"https:\/\/www.jirauenergia.com.br\/wp-content\/uploads\/2025\/09\/JULIANA-SILVA-COORDENADORA-DE-SOCIOECONOMIA-DA-JIRAU-1024x684.jpg\" alt=\"\" class=\"wp-image-19392\" style=\"width:460px;height:auto\" srcset=\"https:\/\/www.jirauenergia.com.br\/wp-content\/uploads\/2025\/09\/JULIANA-SILVA-COORDENADORA-DE-SOCIOECONOMIA-DA-JIRAU-1024x684.jpg 1024w, https:\/\/www.jirauenergia.com.br\/wp-content\/uploads\/2025\/09\/JULIANA-SILVA-COORDENADORA-DE-SOCIOECONOMIA-DA-JIRAU-300x200.jpg 300w, https:\/\/www.jirauenergia.com.br\/wp-content\/uploads\/2025\/09\/JULIANA-SILVA-COORDENADORA-DE-SOCIOECONOMIA-DA-JIRAU-768x513.jpg 768w, https:\/\/www.jirauenergia.com.br\/wp-content\/uploads\/2025\/09\/JULIANA-SILVA-COORDENADORA-DE-SOCIOECONOMIA-DA-JIRAU-1536x1025.jpg 1536w, https:\/\/www.jirauenergia.com.br\/wp-content\/uploads\/2025\/09\/JULIANA-SILVA-COORDENADORA-DE-SOCIOECONOMIA-DA-JIRAU-2048x1367.jpg 2048w, https:\/\/www.jirauenergia.com.br\/wp-content\/uploads\/2025\/09\/JULIANA-SILVA-COORDENADORA-DE-SOCIOECONOMIA-DA-JIRAU-18x12.jpg 18w\" sizes=\"(max-width: 1024px) 100vw, 1024px\" \/><\/figure><\/div>\n\n\n<p>De acordo com Juliana Silva, Coordenadora de Socioeconomia da Jirau Energia, a oficina refor\u00e7a a import\u00e2ncia de aproximar diferentes vozes. &#8220;Promover essa oficina foi mais do que uma a\u00e7\u00e3o institucional, foi um espa\u00e7o de troca e de aprendizado m\u00fatuo. Nosso compromisso \u00e9 fomentar o di\u00e1logo e apoiar iniciativas que valorizem a cultura ind\u00edgena e fortale\u00e7am a rela\u00e7\u00e3o das institui\u00e7\u00f5es com os povos da TI <em>Uru-Eu-Wau-Wau<\/em>.&#8221;, pontuou Juliana.<\/p>\n\n\n\n<p>J\u00e1 o segundo dia foi voltado \u00e0 integra\u00e7\u00e3o entre os agentes p\u00fablicos e as lideran\u00e7as ind\u00edgenas dos povos <em>Jupa\u00fa<\/em> e <em>Amondawa<\/em>. Nesse momento, os pr\u00f3prios ind\u00edgenas compartilharam suas vis\u00f5es sobre a import\u00e2ncia da a\u00e7\u00e3o, apresentaram pontos relevantes de sua realidade e dialogaram diretamente com os representantes presentes sobre formas de fortalecer a comunica\u00e7\u00e3o e a continuidade desse processo de aproxima\u00e7\u00e3o.<\/p>\n\n\n<div class=\"wp-block-image\">\n<figure class=\"alignright size-large is-resized\"><img decoding=\"async\" width=\"1024\" height=\"684\" src=\"https:\/\/www.jirauenergia.com.br\/wp-content\/uploads\/2025\/09\/DSC_0378-1024x684.jpg\" alt=\"\" class=\"wp-image-19394\" style=\"width:421px;height:auto\" srcset=\"https:\/\/www.jirauenergia.com.br\/wp-content\/uploads\/2025\/09\/DSC_0378-1024x684.jpg 1024w, https:\/\/www.jirauenergia.com.br\/wp-content\/uploads\/2025\/09\/DSC_0378-300x200.jpg 300w, https:\/\/www.jirauenergia.com.br\/wp-content\/uploads\/2025\/09\/DSC_0378-768x513.jpg 768w, https:\/\/www.jirauenergia.com.br\/wp-content\/uploads\/2025\/09\/DSC_0378-1536x1025.jpg 1536w, https:\/\/www.jirauenergia.com.br\/wp-content\/uploads\/2025\/09\/DSC_0378-2048x1367.jpg 2048w, https:\/\/www.jirauenergia.com.br\/wp-content\/uploads\/2025\/09\/DSC_0378-18x12.jpg 18w\" sizes=\"(max-width: 1024px) 100vw, 1024px\" \/><\/figure><\/div>\n\n\n<p>Para Tambura Amondawa, Professor e Sabedor da Comunidade <em>Amondawa<\/em>, o momento foi um marco importante. &#8220;Iniciativas como essa s\u00e3o muito importantes porque abrem espa\u00e7o para que possamos falar da nossa realidade e sermos ouvidos pelas institui\u00e7\u00f5es. O di\u00e1logo direto ajuda a quebrar barreiras e fortalece a constru\u00e7\u00e3o de solu\u00e7\u00f5es que respeitem a nossa cultura e nossas necessidades. \u00c9 um passo importante, e o que foi discutido nesta oficina se transforme em a\u00e7\u00f5es concretas, que tragam resultados para o nosso povo e para a preserva\u00e7\u00e3o da nossa terra.&#8221;, afirmou Tambura. <\/p>\n\n\n\n<p>A realiza\u00e7\u00e3o da oficina foi destacada ainda por representa\u00e7\u00f5es da For\u00e7a Nacional de Seguran\u00e7a P\u00fablica, Pol\u00edcia Civil, Militar e Federal, Secretaria de Estado do Desenvolvimento Ambiental (SEDAM), Servi\u00e7o Brasileiro de Apoio \u00e0s Micro e Pequenas Empresas (SEBRAE), Universidade Federal de Rond\u00f4nia (UNIR), Instituto Federal de Rond\u00f4nia (IFRO) e a Superintend\u00eancia Estadual dos Povos Ind\u00edgena de Rond\u00f4nia.<\/p>\n\n\n<div class=\"wp-block-image\">\n<figure class=\"alignright size-large is-resized\"><img decoding=\"async\" width=\"684\" height=\"1024\" src=\"https:\/\/www.jirauenergia.com.br\/wp-content\/uploads\/2025\/09\/ELISAMA-CINTA-LARGA-SUPERINTENDENTE-ADJUNTA-ESTADUAL-DOS-POVOS-INDIGENAS-DE-RONDONIA-684x1024.jpg\" alt=\"\" class=\"wp-image-19391\" style=\"width:242px;height:auto\" srcset=\"https:\/\/www.jirauenergia.com.br\/wp-content\/uploads\/2025\/09\/ELISAMA-CINTA-LARGA-SUPERINTENDENTE-ADJUNTA-ESTADUAL-DOS-POVOS-INDIGENAS-DE-RONDONIA-684x1024.jpg 684w, https:\/\/www.jirauenergia.com.br\/wp-content\/uploads\/2025\/09\/ELISAMA-CINTA-LARGA-SUPERINTENDENTE-ADJUNTA-ESTADUAL-DOS-POVOS-INDIGENAS-DE-RONDONIA-200x300.jpg 200w, https:\/\/www.jirauenergia.com.br\/wp-content\/uploads\/2025\/09\/ELISAMA-CINTA-LARGA-SUPERINTENDENTE-ADJUNTA-ESTADUAL-DOS-POVOS-INDIGENAS-DE-RONDONIA-768x1150.jpg 768w, https:\/\/www.jirauenergia.com.br\/wp-content\/uploads\/2025\/09\/ELISAMA-CINTA-LARGA-SUPERINTENDENTE-ADJUNTA-ESTADUAL-DOS-POVOS-INDIGENAS-DE-RONDONIA-1025x1536.jpg 1025w, https:\/\/www.jirauenergia.com.br\/wp-content\/uploads\/2025\/09\/ELISAMA-CINTA-LARGA-SUPERINTENDENTE-ADJUNTA-ESTADUAL-DOS-POVOS-INDIGENAS-DE-RONDONIA-1367x2048.jpg 1367w, https:\/\/www.jirauenergia.com.br\/wp-content\/uploads\/2025\/09\/ELISAMA-CINTA-LARGA-SUPERINTENDENTE-ADJUNTA-ESTADUAL-DOS-POVOS-INDIGENAS-DE-RONDONIA-8x12.jpg 8w, https:\/\/www.jirauenergia.com.br\/wp-content\/uploads\/2025\/09\/ELISAMA-CINTA-LARGA-SUPERINTENDENTE-ADJUNTA-ESTADUAL-DOS-POVOS-INDIGENAS-DE-RONDONIA-scaled.jpg 1709w\" sizes=\"(max-width: 684px) 100vw, 684px\" \/><\/figure><\/div>\n\n\n<p>A Superintendente Adjunta Estadual dos Povos Ind\u00edgenas de Rond\u00f4nia, Elisam\u00e1 Cinta Larga, destacou a import\u00e2ncia desses espa\u00e7os de di\u00e1logos. \u201cAcredito que oficinas como esta s\u00e3o fundamentais para ampliar o conhecimento dos agentes p\u00fablicos e fortalecer o di\u00e1logo com os povos ind\u00edgenas. O Governo de Rond\u00f4nia segue empenhado em construir solu\u00e7\u00f5es conjuntas e, com o apoio de parcerias institucionais, refor\u00e7a seu compromisso em garantir pol\u00edticas p\u00fablicas que respeitem e valorizem nossos povos ind\u00edgenas.\u201d, disse. <\/p>\n\n\n\n<p><\/p>\n\n\n\n<p><\/p>\n\n\n\n<p>O evento marcou mais um passo importante para consolidar a coopera\u00e7\u00e3o entre agentes p\u00fablicos, empresa privada e comunidades ind\u00edgenas, refor\u00e7ando o respeito \u00e0s tradi\u00e7\u00f5es, aos direitos e \u00e0 preserva\u00e7\u00e3o da cultura dos povos da Amaz\u00f4nia.<\/p>\n\n\n\n<p>Esta foi mais uma a\u00e7\u00e3o do Programa de Apoio \u00e0s Comunidades Ind\u00edgenas no \u00e2mbito do Licenciamento Ambiental Federal da Usina Hidrel\u00e9trica Jirau.<\/p>","protected":false},"excerpt":{"rendered":"<p>Evento promovido pela Jirau Energia reuniu em Ji-Paran\u00e1 (RO) representantes de institui\u00e7\u00f5es p\u00fablicas, ONGs e lideran\u00e7as ind\u00edgenas para construir fluxos de atua\u00e7\u00e3o conjunta e garantir direitos dos povos origin\u00e1rios. Nos dias 25 e 26 de setembro, a Jirau Energia promoveu a Oficina de Agentes P\u00fablicos sobre a Cultura Ind\u00edgena dos Povos da Terra Ind\u00edgena (TI) [&hellip;]<\/p>","protected":false},"author":107,"featured_media":19393,"comment_status":"open","ping_status":"open","sticky":false,"template":"","format":"standard","meta":{"_acf_changed":false,"footnotes":""},"categories":[37],"tags":[],"tipo_de_noticias":[15],"tipos_de_inovacao":[],"categoria_episodios":[],"categorias_de_vaga":[],"categoria_de_programas":[],"alfabeto_glossario":[],"categorias_de_pdf":[],"projetos_pdi":[],"class_list":["post-19389","post","type-post","status-publish","format-standard","has-post-thumbnail","hentry","category-noticias","tipo_de_noticias-noticias"],"acf":[],"yoast_head":"<!-- This site is optimized with the Yoast SEO plugin v25.9 - https:\/\/yoast.com\/wordpress\/plugins\/seo\/ -->\n<title>OFICINA DE AGENTES P\u00daBLICOS FORTALECE DI\u00c1LOGO SOBRE A CULTURA IND\u00cdGENA DOS POVOS DA TERRA IND\u00cdGENA URU-EU-WAU-WAU - Jirau Energia<\/title>\n<meta name=\"robots\" content=\"index, follow, max-snippet:-1, max-image-preview:large, max-video-preview:-1\" \/>\n<link rel=\"canonical\" href=\"https:\/\/www.jirauenergia.com.br\/en\/oficina-de-agentes-publicos-fortalece-dialogo-sobre-a-cultura-indigena-dos-povos-da-terra-indigena-uru-eu-wau-wau\/\" \/>\n<meta property=\"og:locale\" content=\"en_US\" \/>\n<meta property=\"og:type\" content=\"article\" \/>\n<meta property=\"og:title\" content=\"OFICINA DE AGENTES P\u00daBLICOS FORTALECE DI\u00c1LOGO SOBRE A CULTURA IND\u00cdGENA DOS POVOS DA TERRA IND\u00cdGENA URU-EU-WAU-WAU - Jirau Energia\" \/>\n<meta property=\"og:description\" content=\"Evento promovido pela Jirau Energia reuniu em Ji-Paran\u00e1 (RO) representantes de institui\u00e7\u00f5es p\u00fablicas, ONGs e lideran\u00e7as ind\u00edgenas para construir fluxos de atua\u00e7\u00e3o conjunta e garantir direitos dos povos origin\u00e1rios. Nos dias 25 e 26 de setembro, a Jirau Energia promoveu a Oficina de Agentes P\u00fablicos sobre a Cultura Ind\u00edgena dos Povos da Terra Ind\u00edgena (TI) [&hellip;]\" \/>\n<meta property=\"og:url\" content=\"https:\/\/www.jirauenergia.com.br\/en\/oficina-de-agentes-publicos-fortalece-dialogo-sobre-a-cultura-indigena-dos-povos-da-terra-indigena-uru-eu-wau-wau\/\" \/>\n<meta property=\"og:site_name\" content=\"Jirau Energia\" \/>\n<meta property=\"article:published_time\" content=\"2025-09-29T12:57:07+00:00\" \/>\n<meta property=\"article:modified_time\" content=\"2025-12-05T18:14:54+00:00\" \/>\n<meta property=\"og:image\" content=\"https:\/\/www.jirauenergia.com.br\/wp-content\/uploads\/2025\/09\/OFICINA-DE-AGENTES-PUBLICOS-FORTALECE-DIALOGO-SOBRE-A-CULTURA-INDIGENA-DOS-POVOS-DA-TERRA-INDIGENA-URU-EU-WAU-WAU-3-scaled.jpg\" \/>\n\t<meta property=\"og:image:width\" content=\"2560\" \/>\n\t<meta property=\"og:image:height\" content=\"1709\" \/>\n\t<meta property=\"og:image:type\" content=\"image\/jpeg\" \/>\n<meta name=\"author\" content=\"Wellington Amorim\" \/>\n<meta name=\"twitter:card\" content=\"summary_large_image\" \/>\n<meta name=\"twitter:label1\" content=\"Written by\" \/>\n\t<meta name=\"twitter:data1\" content=\"Wellington Amorim\" \/>\n\t<meta name=\"twitter:label2\" content=\"Est. reading time\" \/>\n\t<meta name=\"twitter:data2\" content=\"5 minutes\" \/>\n<script type=\"application\/ld+json\" class=\"yoast-schema-graph\">{\"@context\":\"https:\/\/schema.org\",\"@graph\":[{\"@type\":\"Article\",\"@id\":\"https:\/\/www.jirauenergia.com.br\/oficina-de-agentes-publicos-fortalece-dialogo-sobre-a-cultura-indigena-dos-povos-da-terra-indigena-uru-eu-wau-wau\/#article\",\"isPartOf\":{\"@id\":\"https:\/\/www.jirauenergia.com.br\/oficina-de-agentes-publicos-fortalece-dialogo-sobre-a-cultura-indigena-dos-povos-da-terra-indigena-uru-eu-wau-wau\/\"},\"author\":{\"name\":\"Wellington Amorim\",\"@id\":\"https:\/\/www.jirauenergia.com.br\/#\/schema\/person\/157075745b861def8eea5babfeac6151\"},\"headline\":\"OFICINA DE AGENTES P\u00daBLICOS FORTALECE DI\u00c1LOGO SOBRE A CULTURA IND\u00cdGENA DOS POVOS DA TERRA IND\u00cdGENA URU-EU-WAU-WAU\",\"datePublished\":\"2025-09-29T12:57:07+00:00\",\"dateModified\":\"2025-12-05T18:14:54+00:00\",\"mainEntityOfPage\":{\"@id\":\"https:\/\/www.jirauenergia.com.br\/oficina-de-agentes-publicos-fortalece-dialogo-sobre-a-cultura-indigena-dos-povos-da-terra-indigena-uru-eu-wau-wau\/\"},\"wordCount\":696,\"commentCount\":0,\"publisher\":{\"@id\":\"https:\/\/www.jirauenergia.com.br\/#organization\"},\"image\":{\"@id\":\"https:\/\/www.jirauenergia.com.br\/oficina-de-agentes-publicos-fortalece-dialogo-sobre-a-cultura-indigena-dos-povos-da-terra-indigena-uru-eu-wau-wau\/#primaryimage\"},\"thumbnailUrl\":\"https:\/\/www.jirauenergia.com.br\/wp-content\/uploads\/2025\/09\/OFICINA-DE-AGENTES-PUBLICOS-FORTALECE-DIALOGO-SOBRE-A-CULTURA-INDIGENA-DOS-POVOS-DA-TERRA-INDIGENA-URU-EU-WAU-WAU-3-scaled.jpg\",\"articleSection\":[\"Not\u00edcias\"],\"inLanguage\":\"en-US\",\"potentialAction\":[{\"@type\":\"CommentAction\",\"name\":\"Comment\",\"target\":[\"https:\/\/www.jirauenergia.com.br\/oficina-de-agentes-publicos-fortalece-dialogo-sobre-a-cultura-indigena-dos-povos-da-terra-indigena-uru-eu-wau-wau\/#respond\"]}]},{\"@type\":\"WebPage\",\"@id\":\"https:\/\/www.jirauenergia.com.br\/oficina-de-agentes-publicos-fortalece-dialogo-sobre-a-cultura-indigena-dos-povos-da-terra-indigena-uru-eu-wau-wau\/\",\"url\":\"https:\/\/www.jirauenergia.com.br\/oficina-de-agentes-publicos-fortalece-dialogo-sobre-a-cultura-indigena-dos-povos-da-terra-indigena-uru-eu-wau-wau\/\",\"name\":\"OFICINA DE AGENTES P\u00daBLICOS FORTALECE DI\u00c1LOGO SOBRE A CULTURA IND\u00cdGENA DOS POVOS DA TERRA IND\u00cdGENA URU-EU-WAU-WAU - Jirau Energia\",\"isPartOf\":{\"@id\":\"https:\/\/www.jirauenergia.com.br\/#website\"},\"primaryImageOfPage\":{\"@id\":\"https:\/\/www.jirauenergia.com.br\/oficina-de-agentes-publicos-fortalece-dialogo-sobre-a-cultura-indigena-dos-povos-da-terra-indigena-uru-eu-wau-wau\/#primaryimage\"},\"image\":{\"@id\":\"https:\/\/www.jirauenergia.com.br\/oficina-de-agentes-publicos-fortalece-dialogo-sobre-a-cultura-indigena-dos-povos-da-terra-indigena-uru-eu-wau-wau\/#primaryimage\"},\"thumbnailUrl\":\"https:\/\/www.jirauenergia.com.br\/wp-content\/uploads\/2025\/09\/OFICINA-DE-AGENTES-PUBLICOS-FORTALECE-DIALOGO-SOBRE-A-CULTURA-INDIGENA-DOS-POVOS-DA-TERRA-INDIGENA-URU-EU-WAU-WAU-3-scaled.jpg\",\"datePublished\":\"2025-09-29T12:57:07+00:00\",\"dateModified\":\"2025-12-05T18:14:54+00:00\",\"breadcrumb\":{\"@id\":\"https:\/\/www.jirauenergia.com.br\/oficina-de-agentes-publicos-fortalece-dialogo-sobre-a-cultura-indigena-dos-povos-da-terra-indigena-uru-eu-wau-wau\/#breadcrumb\"},\"inLanguage\":\"en-US\",\"potentialAction\":[{\"@type\":\"ReadAction\",\"target\":[\"https:\/\/www.jirauenergia.com.br\/oficina-de-agentes-publicos-fortalece-dialogo-sobre-a-cultura-indigena-dos-povos-da-terra-indigena-uru-eu-wau-wau\/\"]}]},{\"@type\":\"ImageObject\",\"inLanguage\":\"en-US\",\"@id\":\"https:\/\/www.jirauenergia.com.br\/oficina-de-agentes-publicos-fortalece-dialogo-sobre-a-cultura-indigena-dos-povos-da-terra-indigena-uru-eu-wau-wau\/#primaryimage\",\"url\":\"https:\/\/www.jirauenergia.com.br\/wp-content\/uploads\/2025\/09\/OFICINA-DE-AGENTES-PUBLICOS-FORTALECE-DIALOGO-SOBRE-A-CULTURA-INDIGENA-DOS-POVOS-DA-TERRA-INDIGENA-URU-EU-WAU-WAU-3-scaled.jpg\",\"contentUrl\":\"https:\/\/www.jirauenergia.com.br\/wp-content\/uploads\/2025\/09\/OFICINA-DE-AGENTES-PUBLICOS-FORTALECE-DIALOGO-SOBRE-A-CULTURA-INDIGENA-DOS-POVOS-DA-TERRA-INDIGENA-URU-EU-WAU-WAU-3-scaled.jpg\",\"width\":2560,\"height\":1709},{\"@type\":\"BreadcrumbList\",\"@id\":\"https:\/\/www.jirauenergia.com.br\/oficina-de-agentes-publicos-fortalece-dialogo-sobre-a-cultura-indigena-dos-povos-da-terra-indigena-uru-eu-wau-wau\/#breadcrumb\",\"itemListElement\":[{\"@type\":\"ListItem\",\"position\":1,\"name\":\"In\u00edcio\",\"item\":\"https:\/\/www.jirauenergia.com.br\/\"},{\"@type\":\"ListItem\",\"position\":2,\"name\":\"OFICINA DE AGENTES P\u00daBLICOS FORTALECE DI\u00c1LOGO SOBRE A CULTURA IND\u00cdGENA DOS POVOS DA TERRA IND\u00cdGENA URU-EU-WAU-WAU\"}]},{\"@type\":\"WebSite\",\"@id\":\"https:\/\/www.jirauenergia.com.br\/#website\",\"url\":\"https:\/\/www.jirauenergia.com.br\/\",\"name\":\"Jirau Energia\",\"description\":\"\",\"publisher\":{\"@id\":\"https:\/\/www.jirauenergia.com.br\/#organization\"},\"potentialAction\":[{\"@type\":\"SearchAction\",\"target\":{\"@type\":\"EntryPoint\",\"urlTemplate\":\"https:\/\/www.jirauenergia.com.br\/?s={search_term_string}\"},\"query-input\":{\"@type\":\"PropertyValueSpecification\",\"valueRequired\":true,\"valueName\":\"search_term_string\"}}],\"inLanguage\":\"en-US\"},{\"@type\":\"Organization\",\"@id\":\"https:\/\/www.jirauenergia.com.br\/#organization\",\"name\":\"Jirau Energia\",\"url\":\"https:\/\/www.jirauenergia.com.br\/\",\"logo\":{\"@type\":\"ImageObject\",\"inLanguage\":\"en-US\",\"@id\":\"https:\/\/www.jirauenergia.com.br\/#\/schema\/logo\/image\/\",\"url\":\"https:\/\/www.jirauenergia.com.br\/wp-content\/uploads\/2021\/06\/cropped-logo-jirau-energia-1-1.png\",\"contentUrl\":\"https:\/\/www.jirauenergia.com.br\/wp-content\/uploads\/2021\/06\/cropped-logo-jirau-energia-1-1.png\",\"width\":300,\"height\":86,\"caption\":\"Jirau Energia\"},\"image\":{\"@id\":\"https:\/\/www.jirauenergia.com.br\/#\/schema\/logo\/image\/\"}},{\"@type\":\"Person\",\"@id\":\"https:\/\/www.jirauenergia.com.br\/#\/schema\/person\/157075745b861def8eea5babfeac6151\",\"name\":\"Wellington Amorim\",\"image\":{\"@type\":\"ImageObject\",\"inLanguage\":\"en-US\",\"@id\":\"https:\/\/www.jirauenergia.com.br\/#\/schema\/person\/image\/\",\"url\":\"https:\/\/secure.gravatar.com\/avatar\/b7ba4090b2756f662ca6291946e2bb97d39aabd87a1f72e39f758b80161cfd80?s=96&d=mm&r=g\",\"contentUrl\":\"https:\/\/secure.gravatar.com\/avatar\/b7ba4090b2756f662ca6291946e2bb97d39aabd87a1f72e39f758b80161cfd80?s=96&d=mm&r=g\",\"caption\":\"Wellington Amorim\"},\"url\":\"https:\/\/www.jirauenergia.com.br\/en\/author\/wellington-amorim\/\"}]}<\/script>\n<!-- \/ Yoast SEO plugin. -->","yoast_head_json":{"title":"OFICINA DE AGENTES P\u00daBLICOS FORTALECE DI\u00c1LOGO SOBRE A CULTURA IND\u00cdGENA DOS POVOS DA TERRA IND\u00cdGENA URU-EU-WAU-WAU - Jirau Energia","robots":{"index":"index","follow":"follow","max-snippet":"max-snippet:-1","max-image-preview":"max-image-preview:large","max-video-preview":"max-video-preview:-1"},"canonical":"https:\/\/www.jirauenergia.com.br\/en\/oficina-de-agentes-publicos-fortalece-dialogo-sobre-a-cultura-indigena-dos-povos-da-terra-indigena-uru-eu-wau-wau\/","og_locale":"en_US","og_type":"article","og_title":"OFICINA DE AGENTES P\u00daBLICOS FORTALECE DI\u00c1LOGO SOBRE A CULTURA IND\u00cdGENA DOS POVOS DA TERRA IND\u00cdGENA URU-EU-WAU-WAU - Jirau Energia","og_description":"Evento promovido pela Jirau Energia reuniu em Ji-Paran\u00e1 (RO) representantes de institui\u00e7\u00f5es p\u00fablicas, ONGs e lideran\u00e7as ind\u00edgenas para construir fluxos de atua\u00e7\u00e3o conjunta e garantir direitos dos povos origin\u00e1rios. Nos dias 25 e 26 de setembro, a Jirau Energia promoveu a Oficina de Agentes P\u00fablicos sobre a Cultura Ind\u00edgena dos Povos da Terra Ind\u00edgena (TI) [&hellip;]","og_url":"https:\/\/www.jirauenergia.com.br\/en\/oficina-de-agentes-publicos-fortalece-dialogo-sobre-a-cultura-indigena-dos-povos-da-terra-indigena-uru-eu-wau-wau\/","og_site_name":"Jirau Energia","article_published_time":"2025-09-29T12:57:07+00:00","article_modified_time":"2025-12-05T18:14:54+00:00","og_image":[{"width":2560,"height":1709,"url":"https:\/\/www.jirauenergia.com.br\/wp-content\/uploads\/2025\/09\/OFICINA-DE-AGENTES-PUBLICOS-FORTALECE-DIALOGO-SOBRE-A-CULTURA-INDIGENA-DOS-POVOS-DA-TERRA-INDIGENA-URU-EU-WAU-WAU-3-scaled.jpg","type":"image\/jpeg"}],"author":"Wellington Amorim","twitter_card":"summary_large_image","twitter_misc":{"Written by":"Wellington Amorim","Est. reading time":"5 minutes"},"schema":{"@context":"https:\/\/schema.org","@graph":[{"@type":"Article","@id":"https:\/\/www.jirauenergia.com.br\/oficina-de-agentes-publicos-fortalece-dialogo-sobre-a-cultura-indigena-dos-povos-da-terra-indigena-uru-eu-wau-wau\/#article","isPartOf":{"@id":"https:\/\/www.jirauenergia.com.br\/oficina-de-agentes-publicos-fortalece-dialogo-sobre-a-cultura-indigena-dos-povos-da-terra-indigena-uru-eu-wau-wau\/"},"author":{"name":"Wellington Amorim","@id":"https:\/\/www.jirauenergia.com.br\/#\/schema\/person\/157075745b861def8eea5babfeac6151"},"headline":"OFICINA DE AGENTES P\u00daBLICOS FORTALECE DI\u00c1LOGO SOBRE A CULTURA IND\u00cdGENA DOS POVOS DA TERRA IND\u00cdGENA URU-EU-WAU-WAU","datePublished":"2025-09-29T12:57:07+00:00","dateModified":"2025-12-05T18:14:54+00:00","mainEntityOfPage":{"@id":"https:\/\/www.jirauenergia.com.br\/oficina-de-agentes-publicos-fortalece-dialogo-sobre-a-cultura-indigena-dos-povos-da-terra-indigena-uru-eu-wau-wau\/"},"wordCount":696,"commentCount":0,"publisher":{"@id":"https:\/\/www.jirauenergia.com.br\/#organization"},"image":{"@id":"https:\/\/www.jirauenergia.com.br\/oficina-de-agentes-publicos-fortalece-dialogo-sobre-a-cultura-indigena-dos-povos-da-terra-indigena-uru-eu-wau-wau\/#primaryimage"},"thumbnailUrl":"https:\/\/www.jirauenergia.com.br\/wp-content\/uploads\/2025\/09\/OFICINA-DE-AGENTES-PUBLICOS-FORTALECE-DIALOGO-SOBRE-A-CULTURA-INDIGENA-DOS-POVOS-DA-TERRA-INDIGENA-URU-EU-WAU-WAU-3-scaled.jpg","articleSection":["Not\u00edcias"],"inLanguage":"en-US","potentialAction":[{"@type":"CommentAction","name":"Comment","target":["https:\/\/www.jirauenergia.com.br\/oficina-de-agentes-publicos-fortalece-dialogo-sobre-a-cultura-indigena-dos-povos-da-terra-indigena-uru-eu-wau-wau\/#respond"]}]},{"@type":"WebPage","@id":"https:\/\/www.jirauenergia.com.br\/oficina-de-agentes-publicos-fortalece-dialogo-sobre-a-cultura-indigena-dos-povos-da-terra-indigena-uru-eu-wau-wau\/","url":"https:\/\/www.jirauenergia.com.br\/oficina-de-agentes-publicos-fortalece-dialogo-sobre-a-cultura-indigena-dos-povos-da-terra-indigena-uru-eu-wau-wau\/","name":"OFICINA DE AGENTES P\u00daBLICOS FORTALECE DI\u00c1LOGO SOBRE A CULTURA IND\u00cdGENA DOS POVOS DA TERRA IND\u00cdGENA URU-EU-WAU-WAU - Jirau Energia","isPartOf":{"@id":"https:\/\/www.jirauenergia.com.br\/#website"},"primaryImageOfPage":{"@id":"https:\/\/www.jirauenergia.com.br\/oficina-de-agentes-publicos-fortalece-dialogo-sobre-a-cultura-indigena-dos-povos-da-terra-indigena-uru-eu-wau-wau\/#primaryimage"},"image":{"@id":"https:\/\/www.jirauenergia.com.br\/oficina-de-agentes-publicos-fortalece-dialogo-sobre-a-cultura-indigena-dos-povos-da-terra-indigena-uru-eu-wau-wau\/#primaryimage"},"thumbnailUrl":"https:\/\/www.jirauenergia.com.br\/wp-content\/uploads\/2025\/09\/OFICINA-DE-AGENTES-PUBLICOS-FORTALECE-DIALOGO-SOBRE-A-CULTURA-INDIGENA-DOS-POVOS-DA-TERRA-INDIGENA-URU-EU-WAU-WAU-3-scaled.jpg","datePublished":"2025-09-29T12:57:07+00:00","dateModified":"2025-12-05T18:14:54+00:00","breadcrumb":{"@id":"https:\/\/www.jirauenergia.com.br\/oficina-de-agentes-publicos-fortalece-dialogo-sobre-a-cultura-indigena-dos-povos-da-terra-indigena-uru-eu-wau-wau\/#breadcrumb"},"inLanguage":"en-US","potentialAction":[{"@type":"ReadAction","target":["https:\/\/www.jirauenergia.com.br\/oficina-de-agentes-publicos-fortalece-dialogo-sobre-a-cultura-indigena-dos-povos-da-terra-indigena-uru-eu-wau-wau\/"]}]},{"@type":"ImageObject","inLanguage":"en-US","@id":"https:\/\/www.jirauenergia.com.br\/oficina-de-agentes-publicos-fortalece-dialogo-sobre-a-cultura-indigena-dos-povos-da-terra-indigena-uru-eu-wau-wau\/#primaryimage","url":"https:\/\/www.jirauenergia.com.br\/wp-content\/uploads\/2025\/09\/OFICINA-DE-AGENTES-PUBLICOS-FORTALECE-DIALOGO-SOBRE-A-CULTURA-INDIGENA-DOS-POVOS-DA-TERRA-INDIGENA-URU-EU-WAU-WAU-3-scaled.jpg","contentUrl":"https:\/\/www.jirauenergia.com.br\/wp-content\/uploads\/2025\/09\/OFICINA-DE-AGENTES-PUBLICOS-FORTALECE-DIALOGO-SOBRE-A-CULTURA-INDIGENA-DOS-POVOS-DA-TERRA-INDIGENA-URU-EU-WAU-WAU-3-scaled.jpg","width":2560,"height":1709},{"@type":"BreadcrumbList","@id":"https:\/\/www.jirauenergia.com.br\/oficina-de-agentes-publicos-fortalece-dialogo-sobre-a-cultura-indigena-dos-povos-da-terra-indigena-uru-eu-wau-wau\/#breadcrumb","itemListElement":[{"@type":"ListItem","position":1,"name":"In\u00edcio","item":"https:\/\/www.jirauenergia.com.br\/"},{"@type":"ListItem","position":2,"name":"OFICINA DE AGENTES P\u00daBLICOS FORTALECE DI\u00c1LOGO SOBRE A CULTURA IND\u00cdGENA DOS POVOS DA TERRA IND\u00cdGENA URU-EU-WAU-WAU"}]},{"@type":"WebSite","@id":"https:\/\/www.jirauenergia.com.br\/#website","url":"https:\/\/www.jirauenergia.com.br\/","name":"JIRAU ENERGY","description":"","publisher":{"@id":"https:\/\/www.jirauenergia.com.br\/#organization"},"potentialAction":[{"@type":"SearchAction","target":{"@type":"EntryPoint","urlTemplate":"https:\/\/www.jirauenergia.com.br\/?s={search_term_string}"},"query-input":{"@type":"PropertyValueSpecification","valueRequired":true,"valueName":"search_term_string"}}],"inLanguage":"en-US"},{"@type":"Organization","@id":"https:\/\/www.jirauenergia.com.br\/#organization","name":"JIRAU ENERGY","url":"https:\/\/www.jirauenergia.com.br\/","logo":{"@type":"ImageObject","inLanguage":"en-US","@id":"https:\/\/www.jirauenergia.com.br\/#\/schema\/logo\/image\/","url":"https:\/\/www.jirauenergia.com.br\/wp-content\/uploads\/2021\/06\/cropped-logo-jirau-energia-1-1.png","contentUrl":"https:\/\/www.jirauenergia.com.br\/wp-content\/uploads\/2021\/06\/cropped-logo-jirau-energia-1-1.png","width":300,"height":86,"caption":"Jirau Energia"},"image":{"@id":"https:\/\/www.jirauenergia.com.br\/#\/schema\/logo\/image\/"}},{"@type":"Person","@id":"https:\/\/www.jirauenergia.com.br\/#\/schema\/person\/157075745b861def8eea5babfeac6151","name":"Wellington Amorim","image":{"@type":"ImageObject","inLanguage":"en-US","@id":"https:\/\/www.jirauenergia.com.br\/#\/schema\/person\/image\/","url":"https:\/\/secure.gravatar.com\/avatar\/b7ba4090b2756f662ca6291946e2bb97d39aabd87a1f72e39f758b80161cfd80?s=96&d=mm&r=g","contentUrl":"https:\/\/secure.gravatar.com\/avatar\/b7ba4090b2756f662ca6291946e2bb97d39aabd87a1f72e39f758b80161cfd80?s=96&d=mm&r=g","caption":"Wellington Amorim"},"url":"https:\/\/www.jirauenergia.com.br\/en\/author\/wellington-amorim\/"}]}},"_links":{"self":[{"href":"https:\/\/www.jirauenergia.com.br\/en\/wp-json\/wp\/v2\/posts\/19389","targetHints":{"allow":["GET"]}}],"collection":[{"href":"https:\/\/www.jirauenergia.com.br\/en\/wp-json\/wp\/v2\/posts"}],"about":[{"href":"https:\/\/www.jirauenergia.com.br\/en\/wp-json\/wp\/v2\/types\/post"}],"author":[{"embeddable":true,"href":"https:\/\/www.jirauenergia.com.br\/en\/wp-json\/wp\/v2\/users\/107"}],"replies":[{"embeddable":true,"href":"https:\/\/www.jirauenergia.com.br\/en\/wp-json\/wp\/v2\/comments?post=19389"}],"version-history":[{"count":1,"href":"https:\/\/www.jirauenergia.com.br\/en\/wp-json\/wp\/v2\/posts\/19389\/revisions"}],"predecessor-version":[{"id":19395,"href":"https:\/\/www.jirauenergia.com.br\/en\/wp-json\/wp\/v2\/posts\/19389\/revisions\/19395"}],"wp:featuredmedia":[{"embeddable":true,"href":"https:\/\/www.jirauenergia.com.br\/en\/wp-json\/wp\/v2\/media\/19393"}],"wp:attachment":[{"href":"https:\/\/www.jirauenergia.com.br\/en\/wp-json\/wp\/v2\/media?parent=19389"}],"wp:term":[{"taxonomy":"category","embeddable":true,"href":"https:\/\/www.jirauenergia.com.br\/en\/wp-json\/wp\/v2\/categories?post=19389"},{"taxonomy":"post_tag","embeddable":true,"href":"https:\/\/www.jirauenergia.com.br\/en\/wp-json\/wp\/v2\/tags?post=19389"},{"taxonomy":"tipo_de_noticias","embeddable":true,"href":"https:\/\/www.jirauenergia.com.br\/en\/wp-json\/wp\/v2\/tipo_de_noticias?post=19389"},{"taxonomy":"tipos_de_inovacao","embeddable":true,"href":"https:\/\/www.jirauenergia.com.br\/en\/wp-json\/wp\/v2\/tipos_de_inovacao?post=19389"},{"taxonomy":"categoria_episodios","embeddable":true,"href":"https:\/\/www.jirauenergia.com.br\/en\/wp-json\/wp\/v2\/categoria_episodios?post=19389"},{"taxonomy":"categorias_de_vaga","embeddable":true,"href":"https:\/\/www.jirauenergia.com.br\/en\/wp-json\/wp\/v2\/categorias_de_vaga?post=19389"},{"taxonomy":"categoria_de_programas","embeddable":true,"href":"https:\/\/www.jirauenergia.com.br\/en\/wp-json\/wp\/v2\/categoria_de_programas?post=19389"},{"taxonomy":"alfabeto_glossario","embeddable":true,"href":"https:\/\/www.jirauenergia.com.br\/en\/wp-json\/wp\/v2\/alfabeto_glossario?post=19389"},{"taxonomy":"categorias_de_pdf","embeddable":true,"href":"https:\/\/www.jirauenergia.com.br\/en\/wp-json\/wp\/v2\/categorias_de_pdf?post=19389"},{"taxonomy":"projetos_pdi","embeddable":true,"href":"https:\/\/www.jirauenergia.com.br\/en\/wp-json\/wp\/v2\/projetos_pdi?post=19389"}],"curies":[{"name":"wp","href":"https:\/\/api.w.org\/{rel}","templated":true}]}}