{"id":19361,"date":"2025-09-22T15:22:48","date_gmt":"2025-09-22T18:22:48","guid":{"rendered":"https:\/\/www.jirauenergia.com.br\/?p=19361"},"modified":"2025-09-22T15:22:49","modified_gmt":"2025-09-22T18:22:49","slug":"jirau-energia-leva-conhecimento-e-consciencia-ambiental-a-estudantes-e-comunidades-no-entorno-da-usina","status":"publish","type":"post","link":"https:\/\/www.jirauenergia.com.br\/en\/jirau-energia-leva-conhecimento-e-consciencia-ambiental-a-estudantes-e-comunidades-no-entorno-da-usina\/","title":{"rendered":"JIRAU ENERGIA LEVA CONHECIMENTO E CONSCI\u00caNCIA AMBIENTAL A ESTUDANTES E COMUNIDADES NO ENTORNO DA USINA"},"content":{"rendered":"<p><em>Projeto Jirau Itinerante e o Programa de Educa\u00e7\u00e3o Ambiental se uniram em uma semana de atividades em celebra\u00e7\u00e3o ao Dia da \u00c1rvore<\/em><\/p>\n\n\n\n<p>Entre os dias 15 e 19 de setembro, a Jirau Energia promoveu uma semana especial em celebra\u00e7\u00e3o ao Dia da \u00c1rvore, comemorado no \u00faltimo dia 21, realizado em parceria com o Observat\u00f3rio Socioambiental e a COOPPROJIRAU &#8211; Cooperativa de Produtores Rurais do Observat\u00f3rio Ambiental Jirau de Nova Mutum Paran\u00e1 (RO), no \u00e2mbito do Programa de Educa\u00e7\u00e3o Ambiental da Usina Hidrel\u00e9trica (UHE) Jirau.<\/p>\n\n\n\n<p>As a\u00e7\u00f5es percorreram escolas e comunidades do entorno da UHE Jirau, envolvendo mais de 1.500 pessoas, entre estudantes, professores, comunit\u00e1rios e profissionais da Usina, em atividades l\u00fadicas, educativas e sensoriais. A programa\u00e7\u00e3o trouxe experi\u00eancias ligadas aos cinco sentidos (vis\u00e3o, olfato, audi\u00e7\u00e3o, tato e o paladar) para despertar uma conex\u00e3o mais profunda com a natureza e refor\u00e7ar a import\u00e2ncia das \u00e1rvores no cotidiano.<\/p>\n\n\n\n<p>A programa\u00e7\u00e3o passou pelo SESI e Escola Municipal de Ensino Infantil e Fundamental Nossa Senhora de Nazar\u00e9, ambas em Nova Mutum Paran\u00e1, pela Escola Municipal de Ensino Infantil e Fundamental (EMIF) Marechal Rondon em Abun\u00e3, pela UHE Jirau, com os colaboradores, al\u00e9m das escolas Ol\u00edmpia Salvatore da Vila Jirau, e Boa Esperan\u00e7a no ramal S\u00e3o Francisco.<\/p>\n\n\n\n<p>Na EMEIF Marechal Rondon, em Abun\u00e3, o Projeto Jirau Itinerante somou \u00e0 a\u00e7\u00e3o do Dia da \u00c1rvore e levou ainda mais conhecimento por meio de uma programa\u00e7\u00e3o especial, que uniu educa\u00e7\u00e3o ambiental e inova\u00e7\u00e3o tecnol\u00f3gica. Com experi\u00eancias de realidade virtual e conte\u00fados interativos, por meio dos \u00f3culos 3D, os estudantes puderam visualizar como a gera\u00e7\u00e3o de energia renov\u00e1vel transforma o mundo e pode transformar tamb\u00e9m o futuro de cada um deles. Foi poss\u00edvel tamb\u00e9m visualizar e identificar esp\u00e9cies nativas da regi\u00e3o atrav\u00e9s de mon\u00f3culos, tocar em areias de diferentes espessuras, conhecer sementes, sentir o cheiro e texturas de algumas cascas de \u00e1rvores e cip\u00f3s de diferentes esp\u00e9cies.<\/p>\n\n\n\n<p>A proposta n\u00e3o s\u00f3 despertou a curiosidade, como tamb\u00e9m trabalhou o sentido da vis\u00e3o de forma criativa, mostrando que o aprendizado pode ser vivido e sentido na pr\u00e1tica. Para os alunos, a atividade representou uma oportunidade \u00fanica de enxergar a energia limpa n\u00e3o apenas como conceito, mas como uma realidade presente em suas vidas e essencial para o desenvolvimento sustent\u00e1vel.<\/p>\n\n\n\n<p>Juliana Silva, Coordenadora de Socioeconomia da Jirau Energia, destacou o prop\u00f3sito das a\u00e7\u00f5es. Segundo ela, o envolvimento sensorial foi fundamental para tornar a experi\u00eancia inesquec\u00edvel: \u201cQueremos que cada pessoa se sinta parte da natureza e reconhe\u00e7a o valor que ela tem para nossas vidas. Trabalhar os sentidos foi uma forma de tornar o aprendizado mais marcante e mostrar que a preserva\u00e7\u00e3o ambiental come\u00e7a no sentir. Para a Jirau Energia, promover esse tipo de viv\u00eancia refor\u00e7a nosso compromisso com a educa\u00e7\u00e3o ambiental e com o desenvolvimento sustent\u00e1vel das comunidades do entorno.\u201d, pontuou Juliana.<\/p>\n\n\n\n<p>A a\u00e7\u00e3o na Jirau Energia contou tamb\u00e9m com a participa\u00e7\u00e3o da SUDAM \u2013 Secretaria de Estado do Desenvolvimento Ambiental de Rond\u00f4nia, que promoveu educa\u00e7\u00e3o ambiental por meio de di\u00e1logos e distribui\u00e7\u00e3o de materiais informativos. Al\u00e9m disso, foram entregues mudas de \u00e1rvores aos participantes que demonstraram interesse, fortalecendo o incentivo \u00e0 preserva\u00e7\u00e3o.<\/p>\n\n\n\n<p>Representando a COOPPROJIRAU, parceira essencial dessa iniciativa, a T\u00e9cnica em Seguran\u00e7a do Trabalho Daniela Vicentini destacou como a proposta envolveu os alunos de forma \u00fanica: \u201cAs crian\u00e7as participaram com entusiasmo e curiosidade. Quando elas tocam, sentem e experimentam a natureza de perto, o aprendizado ganha outra dimens\u00e3o e se transforma em experi\u00eancia de vida.\u201d, afirmou Daniela.<\/p>\n\n\n\n<p>Na vis\u00e3o da comunidade escolar, a a\u00e7\u00e3o tamb\u00e9m teve impacto marcante. Para o Professor Francisco Lima, Diretor da Escola Municipal Nossa Senhora de Nazar\u00e9, em Nova Mutum Paran\u00e1, o contato direto com a natureza refor\u00e7ou a import\u00e2ncia do aprendizado pr\u00e1tico: \u201cNossos alunos tiveram uma viv\u00eancia que dificilmente esquecer\u00e3o. Foi muito al\u00e9m de teoria, eles sentiram a natureza. Isso fortalece a consci\u00eancia ambiental de forma pr\u00e1tica e inspiradora, al\u00e9m de propiciar grande aprendizado e novos conhecimentos. A escola sempre estar\u00e1 de portas abertas para novos eventos dessa magnitude.\u201d<\/p>\n\n\n\n<p>A Diretora Executiva da Associa\u00e7\u00e3o do Observat\u00f3rio Socioambiental, Lucilene Ant\u00f4nia Pereira, refor\u00e7ou ainda a relev\u00e2ncia da parceria entre as institui\u00e7\u00f5es. Para ela, a uni\u00e3o de esfor\u00e7os potencializa os resultados: \u201cEssas iniciativas mostram o quanto a uni\u00e3o entre institui\u00e7\u00f5es pode transformar realidades. A educa\u00e7\u00e3o ambiental \u00e9 uma semente que plantamos hoje para colhermos uma sociedade mais consciente amanh\u00e3. Ver a energia da Jirau somada ao trabalho do Observat\u00f3rio nos d\u00e1 a certeza de que estamos no caminho certo.\u201d, enfatizou Lucilene.<\/p>\n\n\n\n<p>A Jirau Energia refor\u00e7a seu compromisso com a preserva\u00e7\u00e3o ambiental, o desenvolvimento social e a forma\u00e7\u00e3o de uma gera\u00e7\u00e3o mais consciente e conectada \u00e0 Amaz\u00f4nia e ao planeta.<\/p>","protected":false},"excerpt":{"rendered":"<p>Projeto Jirau Itinerante e o Programa de Educa\u00e7\u00e3o Ambiental se uniram em uma semana de atividades em celebra\u00e7\u00e3o ao Dia da \u00c1rvore Entre os dias 15 e 19 de setembro, a Jirau Energia promoveu uma semana especial em celebra\u00e7\u00e3o ao Dia da \u00c1rvore, comemorado no \u00faltimo dia 21, realizado em parceria com o Observat\u00f3rio Socioambiental [&hellip;]<\/p>","protected":false},"author":107,"featured_media":19362,"comment_status":"open","ping_status":"open","sticky":false,"template":"","format":"standard","meta":{"_acf_changed":false,"footnotes":""},"categories":[37],"tags":[],"tipo_de_noticias":[15],"tipos_de_inovacao":[],"categoria_episodios":[],"categorias_de_vaga":[],"categoria_de_programas":[],"alfabeto_glossario":[],"categorias_de_pdf":[],"projetos_pdi":[],"class_list":["post-19361","post","type-post","status-publish","format-standard","has-post-thumbnail","hentry","category-noticias","tipo_de_noticias-noticias"],"acf":[],"yoast_head":"<!-- This site is optimized with the Yoast SEO plugin v25.9 - https:\/\/yoast.com\/wordpress\/plugins\/seo\/ -->\n<title>JIRAU ENERGIA LEVA CONHECIMENTO E CONSCI\u00caNCIA AMBIENTAL A ESTUDANTES E COMUNIDADES NO ENTORNO DA USINA - Jirau Energia<\/title>\n<meta name=\"robots\" content=\"index, follow, max-snippet:-1, max-image-preview:large, max-video-preview:-1\" \/>\n<link rel=\"canonical\" href=\"https:\/\/www.jirauenergia.com.br\/en\/jirau-energia-leva-conhecimento-e-consciencia-ambiental-a-estudantes-e-comunidades-no-entorno-da-usina\/\" \/>\n<meta property=\"og:locale\" content=\"en_US\" \/>\n<meta property=\"og:type\" content=\"article\" \/>\n<meta property=\"og:title\" content=\"JIRAU ENERGIA LEVA CONHECIMENTO E CONSCI\u00caNCIA AMBIENTAL A ESTUDANTES E COMUNIDADES NO ENTORNO DA USINA - Jirau Energia\" \/>\n<meta property=\"og:description\" content=\"Projeto Jirau Itinerante e o Programa de Educa\u00e7\u00e3o Ambiental se uniram em uma semana de atividades em celebra\u00e7\u00e3o ao Dia da \u00c1rvore Entre os dias 15 e 19 de setembro, a Jirau Energia promoveu uma semana especial em celebra\u00e7\u00e3o ao Dia da \u00c1rvore, comemorado no \u00faltimo dia 21, realizado em parceria com o Observat\u00f3rio Socioambiental [&hellip;]\" \/>\n<meta property=\"og:url\" content=\"https:\/\/www.jirauenergia.com.br\/en\/jirau-energia-leva-conhecimento-e-consciencia-ambiental-a-estudantes-e-comunidades-no-entorno-da-usina\/\" \/>\n<meta property=\"og:site_name\" content=\"Jirau Energia\" \/>\n<meta property=\"article:published_time\" content=\"2025-09-22T18:22:48+00:00\" \/>\n<meta property=\"article:modified_time\" content=\"2025-09-22T18:22:49+00:00\" \/>\n<meta property=\"og:image\" content=\"https:\/\/www.jirauenergia.com.br\/wp-content\/uploads\/2025\/09\/JIRAU-ENERGIA_DIA-DA-ARVOR-2.jpg\" \/>\n\t<meta property=\"og:image:width\" content=\"2048\" \/>\n\t<meta property=\"og:image:height\" content=\"1365\" \/>\n\t<meta property=\"og:image:type\" content=\"image\/jpeg\" \/>\n<meta name=\"author\" content=\"Wellington Amorim\" \/>\n<meta name=\"twitter:card\" content=\"summary_large_image\" \/>\n<meta name=\"twitter:label1\" content=\"Written by\" \/>\n\t<meta name=\"twitter:data1\" content=\"Wellington Amorim\" \/>\n\t<meta name=\"twitter:label2\" content=\"Est. reading time\" \/>\n\t<meta name=\"twitter:data2\" content=\"5 minutes\" \/>\n<script type=\"application\/ld+json\" class=\"yoast-schema-graph\">{\"@context\":\"https:\/\/schema.org\",\"@graph\":[{\"@type\":\"Article\",\"@id\":\"https:\/\/www.jirauenergia.com.br\/jirau-energia-leva-conhecimento-e-consciencia-ambiental-a-estudantes-e-comunidades-no-entorno-da-usina\/#article\",\"isPartOf\":{\"@id\":\"https:\/\/www.jirauenergia.com.br\/jirau-energia-leva-conhecimento-e-consciencia-ambiental-a-estudantes-e-comunidades-no-entorno-da-usina\/\"},\"author\":{\"name\":\"Wellington Amorim\",\"@id\":\"https:\/\/www.jirauenergia.com.br\/#\/schema\/person\/157075745b861def8eea5babfeac6151\"},\"headline\":\"JIRAU ENERGIA LEVA CONHECIMENTO E CONSCI\u00caNCIA AMBIENTAL A ESTUDANTES E COMUNIDADES NO ENTORNO DA USINA\",\"datePublished\":\"2025-09-22T18:22:48+00:00\",\"dateModified\":\"2025-09-22T18:22:49+00:00\",\"mainEntityOfPage\":{\"@id\":\"https:\/\/www.jirauenergia.com.br\/jirau-energia-leva-conhecimento-e-consciencia-ambiental-a-estudantes-e-comunidades-no-entorno-da-usina\/\"},\"wordCount\":869,\"commentCount\":0,\"publisher\":{\"@id\":\"https:\/\/www.jirauenergia.com.br\/#organization\"},\"image\":{\"@id\":\"https:\/\/www.jirauenergia.com.br\/jirau-energia-leva-conhecimento-e-consciencia-ambiental-a-estudantes-e-comunidades-no-entorno-da-usina\/#primaryimage\"},\"thumbnailUrl\":\"https:\/\/www.jirauenergia.com.br\/wp-content\/uploads\/2025\/09\/JIRAU-ENERGIA_DIA-DA-ARVOR-2.jpg\",\"articleSection\":[\"Not\u00edcias\"],\"inLanguage\":\"en-US\",\"potentialAction\":[{\"@type\":\"CommentAction\",\"name\":\"Comment\",\"target\":[\"https:\/\/www.jirauenergia.com.br\/jirau-energia-leva-conhecimento-e-consciencia-ambiental-a-estudantes-e-comunidades-no-entorno-da-usina\/#respond\"]}]},{\"@type\":\"WebPage\",\"@id\":\"https:\/\/www.jirauenergia.com.br\/jirau-energia-leva-conhecimento-e-consciencia-ambiental-a-estudantes-e-comunidades-no-entorno-da-usina\/\",\"url\":\"https:\/\/www.jirauenergia.com.br\/jirau-energia-leva-conhecimento-e-consciencia-ambiental-a-estudantes-e-comunidades-no-entorno-da-usina\/\",\"name\":\"JIRAU ENERGIA LEVA CONHECIMENTO E CONSCI\u00caNCIA AMBIENTAL A ESTUDANTES E COMUNIDADES NO ENTORNO DA USINA - Jirau Energia\",\"isPartOf\":{\"@id\":\"https:\/\/www.jirauenergia.com.br\/#website\"},\"primaryImageOfPage\":{\"@id\":\"https:\/\/www.jirauenergia.com.br\/jirau-energia-leva-conhecimento-e-consciencia-ambiental-a-estudantes-e-comunidades-no-entorno-da-usina\/#primaryimage\"},\"image\":{\"@id\":\"https:\/\/www.jirauenergia.com.br\/jirau-energia-leva-conhecimento-e-consciencia-ambiental-a-estudantes-e-comunidades-no-entorno-da-usina\/#primaryimage\"},\"thumbnailUrl\":\"https:\/\/www.jirauenergia.com.br\/wp-content\/uploads\/2025\/09\/JIRAU-ENERGIA_DIA-DA-ARVOR-2.jpg\",\"datePublished\":\"2025-09-22T18:22:48+00:00\",\"dateModified\":\"2025-09-22T18:22:49+00:00\",\"breadcrumb\":{\"@id\":\"https:\/\/www.jirauenergia.com.br\/jirau-energia-leva-conhecimento-e-consciencia-ambiental-a-estudantes-e-comunidades-no-entorno-da-usina\/#breadcrumb\"},\"inLanguage\":\"en-US\",\"potentialAction\":[{\"@type\":\"ReadAction\",\"target\":[\"https:\/\/www.jirauenergia.com.br\/jirau-energia-leva-conhecimento-e-consciencia-ambiental-a-estudantes-e-comunidades-no-entorno-da-usina\/\"]}]},{\"@type\":\"ImageObject\",\"inLanguage\":\"en-US\",\"@id\":\"https:\/\/www.jirauenergia.com.br\/jirau-energia-leva-conhecimento-e-consciencia-ambiental-a-estudantes-e-comunidades-no-entorno-da-usina\/#primaryimage\",\"url\":\"https:\/\/www.jirauenergia.com.br\/wp-content\/uploads\/2025\/09\/JIRAU-ENERGIA_DIA-DA-ARVOR-2.jpg\",\"contentUrl\":\"https:\/\/www.jirauenergia.com.br\/wp-content\/uploads\/2025\/09\/JIRAU-ENERGIA_DIA-DA-ARVOR-2.jpg\",\"width\":2048,\"height\":1365},{\"@type\":\"BreadcrumbList\",\"@id\":\"https:\/\/www.jirauenergia.com.br\/jirau-energia-leva-conhecimento-e-consciencia-ambiental-a-estudantes-e-comunidades-no-entorno-da-usina\/#breadcrumb\",\"itemListElement\":[{\"@type\":\"ListItem\",\"position\":1,\"name\":\"In\u00edcio\",\"item\":\"https:\/\/www.jirauenergia.com.br\/\"},{\"@type\":\"ListItem\",\"position\":2,\"name\":\"JIRAU ENERGIA LEVA CONHECIMENTO E CONSCI\u00caNCIA AMBIENTAL A ESTUDANTES E COMUNIDADES NO ENTORNO DA USINA\"}]},{\"@type\":\"WebSite\",\"@id\":\"https:\/\/www.jirauenergia.com.br\/#website\",\"url\":\"https:\/\/www.jirauenergia.com.br\/\",\"name\":\"Jirau Energia\",\"description\":\"\",\"publisher\":{\"@id\":\"https:\/\/www.jirauenergia.com.br\/#organization\"},\"potentialAction\":[{\"@type\":\"SearchAction\",\"target\":{\"@type\":\"EntryPoint\",\"urlTemplate\":\"https:\/\/www.jirauenergia.com.br\/?s={search_term_string}\"},\"query-input\":{\"@type\":\"PropertyValueSpecification\",\"valueRequired\":true,\"valueName\":\"search_term_string\"}}],\"inLanguage\":\"en-US\"},{\"@type\":\"Organization\",\"@id\":\"https:\/\/www.jirauenergia.com.br\/#organization\",\"name\":\"Jirau Energia\",\"url\":\"https:\/\/www.jirauenergia.com.br\/\",\"logo\":{\"@type\":\"ImageObject\",\"inLanguage\":\"en-US\",\"@id\":\"https:\/\/www.jirauenergia.com.br\/#\/schema\/logo\/image\/\",\"url\":\"https:\/\/www.jirauenergia.com.br\/wp-content\/uploads\/2021\/06\/cropped-logo-jirau-energia-1-1.png\",\"contentUrl\":\"https:\/\/www.jirauenergia.com.br\/wp-content\/uploads\/2021\/06\/cropped-logo-jirau-energia-1-1.png\",\"width\":300,\"height\":86,\"caption\":\"Jirau Energia\"},\"image\":{\"@id\":\"https:\/\/www.jirauenergia.com.br\/#\/schema\/logo\/image\/\"}},{\"@type\":\"Person\",\"@id\":\"https:\/\/www.jirauenergia.com.br\/#\/schema\/person\/157075745b861def8eea5babfeac6151\",\"name\":\"Wellington Amorim\",\"image\":{\"@type\":\"ImageObject\",\"inLanguage\":\"en-US\",\"@id\":\"https:\/\/www.jirauenergia.com.br\/#\/schema\/person\/image\/\",\"url\":\"https:\/\/secure.gravatar.com\/avatar\/b7ba4090b2756f662ca6291946e2bb97d39aabd87a1f72e39f758b80161cfd80?s=96&d=mm&r=g\",\"contentUrl\":\"https:\/\/secure.gravatar.com\/avatar\/b7ba4090b2756f662ca6291946e2bb97d39aabd87a1f72e39f758b80161cfd80?s=96&d=mm&r=g\",\"caption\":\"Wellington Amorim\"},\"url\":\"https:\/\/www.jirauenergia.com.br\/en\/author\/wellington-amorim\/\"}]}<\/script>\n<!-- \/ Yoast SEO plugin. -->","yoast_head_json":{"title":"JIRAU ENERGIA LEVA CONHECIMENTO E CONSCI\u00caNCIA AMBIENTAL A ESTUDANTES E COMUNIDADES NO ENTORNO DA USINA - Jirau Energia","robots":{"index":"index","follow":"follow","max-snippet":"max-snippet:-1","max-image-preview":"max-image-preview:large","max-video-preview":"max-video-preview:-1"},"canonical":"https:\/\/www.jirauenergia.com.br\/en\/jirau-energia-leva-conhecimento-e-consciencia-ambiental-a-estudantes-e-comunidades-no-entorno-da-usina\/","og_locale":"en_US","og_type":"article","og_title":"JIRAU ENERGIA LEVA CONHECIMENTO E CONSCI\u00caNCIA AMBIENTAL A ESTUDANTES E COMUNIDADES NO ENTORNO DA USINA - Jirau Energia","og_description":"Projeto Jirau Itinerante e o Programa de Educa\u00e7\u00e3o Ambiental se uniram em uma semana de atividades em celebra\u00e7\u00e3o ao Dia da \u00c1rvore Entre os dias 15 e 19 de setembro, a Jirau Energia promoveu uma semana especial em celebra\u00e7\u00e3o ao Dia da \u00c1rvore, comemorado no \u00faltimo dia 21, realizado em parceria com o Observat\u00f3rio Socioambiental [&hellip;]","og_url":"https:\/\/www.jirauenergia.com.br\/en\/jirau-energia-leva-conhecimento-e-consciencia-ambiental-a-estudantes-e-comunidades-no-entorno-da-usina\/","og_site_name":"Jirau Energia","article_published_time":"2025-09-22T18:22:48+00:00","article_modified_time":"2025-09-22T18:22:49+00:00","og_image":[{"width":2048,"height":1365,"url":"https:\/\/www.jirauenergia.com.br\/wp-content\/uploads\/2025\/09\/JIRAU-ENERGIA_DIA-DA-ARVOR-2.jpg","type":"image\/jpeg"}],"author":"Wellington Amorim","twitter_card":"summary_large_image","twitter_misc":{"Written by":"Wellington Amorim","Est. reading time":"5 minutes"},"schema":{"@context":"https:\/\/schema.org","@graph":[{"@type":"Article","@id":"https:\/\/www.jirauenergia.com.br\/jirau-energia-leva-conhecimento-e-consciencia-ambiental-a-estudantes-e-comunidades-no-entorno-da-usina\/#article","isPartOf":{"@id":"https:\/\/www.jirauenergia.com.br\/jirau-energia-leva-conhecimento-e-consciencia-ambiental-a-estudantes-e-comunidades-no-entorno-da-usina\/"},"author":{"name":"Wellington Amorim","@id":"https:\/\/www.jirauenergia.com.br\/#\/schema\/person\/157075745b861def8eea5babfeac6151"},"headline":"JIRAU ENERGIA LEVA CONHECIMENTO E CONSCI\u00caNCIA AMBIENTAL A ESTUDANTES E COMUNIDADES NO ENTORNO DA USINA","datePublished":"2025-09-22T18:22:48+00:00","dateModified":"2025-09-22T18:22:49+00:00","mainEntityOfPage":{"@id":"https:\/\/www.jirauenergia.com.br\/jirau-energia-leva-conhecimento-e-consciencia-ambiental-a-estudantes-e-comunidades-no-entorno-da-usina\/"},"wordCount":869,"commentCount":0,"publisher":{"@id":"https:\/\/www.jirauenergia.com.br\/#organization"},"image":{"@id":"https:\/\/www.jirauenergia.com.br\/jirau-energia-leva-conhecimento-e-consciencia-ambiental-a-estudantes-e-comunidades-no-entorno-da-usina\/#primaryimage"},"thumbnailUrl":"https:\/\/www.jirauenergia.com.br\/wp-content\/uploads\/2025\/09\/JIRAU-ENERGIA_DIA-DA-ARVOR-2.jpg","articleSection":["Not\u00edcias"],"inLanguage":"en-US","potentialAction":[{"@type":"CommentAction","name":"Comment","target":["https:\/\/www.jirauenergia.com.br\/jirau-energia-leva-conhecimento-e-consciencia-ambiental-a-estudantes-e-comunidades-no-entorno-da-usina\/#respond"]}]},{"@type":"WebPage","@id":"https:\/\/www.jirauenergia.com.br\/jirau-energia-leva-conhecimento-e-consciencia-ambiental-a-estudantes-e-comunidades-no-entorno-da-usina\/","url":"https:\/\/www.jirauenergia.com.br\/jirau-energia-leva-conhecimento-e-consciencia-ambiental-a-estudantes-e-comunidades-no-entorno-da-usina\/","name":"JIRAU ENERGIA LEVA CONHECIMENTO E CONSCI\u00caNCIA AMBIENTAL A ESTUDANTES E COMUNIDADES NO ENTORNO DA USINA - Jirau Energia","isPartOf":{"@id":"https:\/\/www.jirauenergia.com.br\/#website"},"primaryImageOfPage":{"@id":"https:\/\/www.jirauenergia.com.br\/jirau-energia-leva-conhecimento-e-consciencia-ambiental-a-estudantes-e-comunidades-no-entorno-da-usina\/#primaryimage"},"image":{"@id":"https:\/\/www.jirauenergia.com.br\/jirau-energia-leva-conhecimento-e-consciencia-ambiental-a-estudantes-e-comunidades-no-entorno-da-usina\/#primaryimage"},"thumbnailUrl":"https:\/\/www.jirauenergia.com.br\/wp-content\/uploads\/2025\/09\/JIRAU-ENERGIA_DIA-DA-ARVOR-2.jpg","datePublished":"2025-09-22T18:22:48+00:00","dateModified":"2025-09-22T18:22:49+00:00","breadcrumb":{"@id":"https:\/\/www.jirauenergia.com.br\/jirau-energia-leva-conhecimento-e-consciencia-ambiental-a-estudantes-e-comunidades-no-entorno-da-usina\/#breadcrumb"},"inLanguage":"en-US","potentialAction":[{"@type":"ReadAction","target":["https:\/\/www.jirauenergia.com.br\/jirau-energia-leva-conhecimento-e-consciencia-ambiental-a-estudantes-e-comunidades-no-entorno-da-usina\/"]}]},{"@type":"ImageObject","inLanguage":"en-US","@id":"https:\/\/www.jirauenergia.com.br\/jirau-energia-leva-conhecimento-e-consciencia-ambiental-a-estudantes-e-comunidades-no-entorno-da-usina\/#primaryimage","url":"https:\/\/www.jirauenergia.com.br\/wp-content\/uploads\/2025\/09\/JIRAU-ENERGIA_DIA-DA-ARVOR-2.jpg","contentUrl":"https:\/\/www.jirauenergia.com.br\/wp-content\/uploads\/2025\/09\/JIRAU-ENERGIA_DIA-DA-ARVOR-2.jpg","width":2048,"height":1365},{"@type":"BreadcrumbList","@id":"https:\/\/www.jirauenergia.com.br\/jirau-energia-leva-conhecimento-e-consciencia-ambiental-a-estudantes-e-comunidades-no-entorno-da-usina\/#breadcrumb","itemListElement":[{"@type":"ListItem","position":1,"name":"In\u00edcio","item":"https:\/\/www.jirauenergia.com.br\/"},{"@type":"ListItem","position":2,"name":"JIRAU ENERGIA LEVA CONHECIMENTO E CONSCI\u00caNCIA AMBIENTAL A ESTUDANTES E COMUNIDADES NO ENTORNO DA USINA"}]},{"@type":"WebSite","@id":"https:\/\/www.jirauenergia.com.br\/#website","url":"https:\/\/www.jirauenergia.com.br\/","name":"JIRAU ENERGY","description":"","publisher":{"@id":"https:\/\/www.jirauenergia.com.br\/#organization"},"potentialAction":[{"@type":"SearchAction","target":{"@type":"EntryPoint","urlTemplate":"https:\/\/www.jirauenergia.com.br\/?s={search_term_string}"},"query-input":{"@type":"PropertyValueSpecification","valueRequired":true,"valueName":"search_term_string"}}],"inLanguage":"en-US"},{"@type":"Organization","@id":"https:\/\/www.jirauenergia.com.br\/#organization","name":"JIRAU ENERGY","url":"https:\/\/www.jirauenergia.com.br\/","logo":{"@type":"ImageObject","inLanguage":"en-US","@id":"https:\/\/www.jirauenergia.com.br\/#\/schema\/logo\/image\/","url":"https:\/\/www.jirauenergia.com.br\/wp-content\/uploads\/2021\/06\/cropped-logo-jirau-energia-1-1.png","contentUrl":"https:\/\/www.jirauenergia.com.br\/wp-content\/uploads\/2021\/06\/cropped-logo-jirau-energia-1-1.png","width":300,"height":86,"caption":"Jirau Energia"},"image":{"@id":"https:\/\/www.jirauenergia.com.br\/#\/schema\/logo\/image\/"}},{"@type":"Person","@id":"https:\/\/www.jirauenergia.com.br\/#\/schema\/person\/157075745b861def8eea5babfeac6151","name":"Wellington Amorim","image":{"@type":"ImageObject","inLanguage":"en-US","@id":"https:\/\/www.jirauenergia.com.br\/#\/schema\/person\/image\/","url":"https:\/\/secure.gravatar.com\/avatar\/b7ba4090b2756f662ca6291946e2bb97d39aabd87a1f72e39f758b80161cfd80?s=96&d=mm&r=g","contentUrl":"https:\/\/secure.gravatar.com\/avatar\/b7ba4090b2756f662ca6291946e2bb97d39aabd87a1f72e39f758b80161cfd80?s=96&d=mm&r=g","caption":"Wellington Amorim"},"url":"https:\/\/www.jirauenergia.com.br\/en\/author\/wellington-amorim\/"}]}},"_links":{"self":[{"href":"https:\/\/www.jirauenergia.com.br\/en\/wp-json\/wp\/v2\/posts\/19361","targetHints":{"allow":["GET"]}}],"collection":[{"href":"https:\/\/www.jirauenergia.com.br\/en\/wp-json\/wp\/v2\/posts"}],"about":[{"href":"https:\/\/www.jirauenergia.com.br\/en\/wp-json\/wp\/v2\/types\/post"}],"author":[{"embeddable":true,"href":"https:\/\/www.jirauenergia.com.br\/en\/wp-json\/wp\/v2\/users\/107"}],"replies":[{"embeddable":true,"href":"https:\/\/www.jirauenergia.com.br\/en\/wp-json\/wp\/v2\/comments?post=19361"}],"version-history":[{"count":1,"href":"https:\/\/www.jirauenergia.com.br\/en\/wp-json\/wp\/v2\/posts\/19361\/revisions"}],"predecessor-version":[{"id":19363,"href":"https:\/\/www.jirauenergia.com.br\/en\/wp-json\/wp\/v2\/posts\/19361\/revisions\/19363"}],"wp:featuredmedia":[{"embeddable":true,"href":"https:\/\/www.jirauenergia.com.br\/en\/wp-json\/wp\/v2\/media\/19362"}],"wp:attachment":[{"href":"https:\/\/www.jirauenergia.com.br\/en\/wp-json\/wp\/v2\/media?parent=19361"}],"wp:term":[{"taxonomy":"category","embeddable":true,"href":"https:\/\/www.jirauenergia.com.br\/en\/wp-json\/wp\/v2\/categories?post=19361"},{"taxonomy":"post_tag","embeddable":true,"href":"https:\/\/www.jirauenergia.com.br\/en\/wp-json\/wp\/v2\/tags?post=19361"},{"taxonomy":"tipo_de_noticias","embeddable":true,"href":"https:\/\/www.jirauenergia.com.br\/en\/wp-json\/wp\/v2\/tipo_de_noticias?post=19361"},{"taxonomy":"tipos_de_inovacao","embeddable":true,"href":"https:\/\/www.jirauenergia.com.br\/en\/wp-json\/wp\/v2\/tipos_de_inovacao?post=19361"},{"taxonomy":"categoria_episodios","embeddable":true,"href":"https:\/\/www.jirauenergia.com.br\/en\/wp-json\/wp\/v2\/categoria_episodios?post=19361"},{"taxonomy":"categorias_de_vaga","embeddable":true,"href":"https:\/\/www.jirauenergia.com.br\/en\/wp-json\/wp\/v2\/categorias_de_vaga?post=19361"},{"taxonomy":"categoria_de_programas","embeddable":true,"href":"https:\/\/www.jirauenergia.com.br\/en\/wp-json\/wp\/v2\/categoria_de_programas?post=19361"},{"taxonomy":"alfabeto_glossario","embeddable":true,"href":"https:\/\/www.jirauenergia.com.br\/en\/wp-json\/wp\/v2\/alfabeto_glossario?post=19361"},{"taxonomy":"categorias_de_pdf","embeddable":true,"href":"https:\/\/www.jirauenergia.com.br\/en\/wp-json\/wp\/v2\/categorias_de_pdf?post=19361"},{"taxonomy":"projetos_pdi","embeddable":true,"href":"https:\/\/www.jirauenergia.com.br\/en\/wp-json\/wp\/v2\/projetos_pdi?post=19361"}],"curies":[{"name":"wp","href":"https:\/\/api.w.org\/{rel}","templated":true}]}}