{"id":19305,"date":"2025-09-01T16:51:55","date_gmt":"2025-09-01T19:51:55","guid":{"rendered":"https:\/\/www.jirauenergia.com.br\/?p=19305"},"modified":"2025-12-05T15:13:54","modified_gmt":"2025-12-05T18:13:54","slug":"jirau-energia-participa-da-semana-do-patrimonio-promovida-pelo-iphan-em-rondonia","status":"publish","type":"post","link":"https:\/\/www.jirauenergia.com.br\/en\/jirau-energia-participa-da-semana-do-patrimonio-promovida-pelo-iphan-em-rondonia\/","title":{"rendered":"JIRAU ENERGIA PARTICIPA DA SEMANA DO PATRIM\u00d4NIO PROMOVIDA PELO IPHAN EM ROND\u00d4NIA"},"content":{"rendered":"<p><em>Evento refor\u00e7a a import\u00e2ncia da preserva\u00e7\u00e3o cultural e re\u00fane institui\u00e7\u00f5es parceiras em debates e atividades sobre o Patrim\u00f4nio Hist\u00f3rico da regi\u00e3o.<\/em><\/p>\n\n\n\n<p>A Jirau Energia participou da Semana do Patrim\u00f4nio, realizada entre os dias 28 e 30 de agosto no audit\u00f3rio do Complexo Madeira-Mamor\u00e9, em Porto Velho (RO). O evento foi promovido pela Superintend\u00eancia do Instituto do Patrim\u00f4nio Hist\u00f3rico e Art\u00edstico Nacional (IPHAN) em Rond\u00f4nia e contou com uma programa\u00e7\u00e3o diversificada de palestras, apresenta\u00e7\u00f5es culturais e oficinas t\u00e9cnicas voltadas \u00e0 valoriza\u00e7\u00e3o do patrim\u00f4nio hist\u00f3rico e cultural da regi\u00e3o.<\/p>\n\n\n\n<p>Com o tema central voltado ao papel do IPHAN, \u00e0s pr\u00e1ticas de preserva\u00e7\u00e3o e ao di\u00e1logo sobre identidade cultural, a iniciativa reuniu especialistas, gestores p\u00fablicos e representantes de institui\u00e7\u00f5es que atuam no desenvolvimento regional. A presen\u00e7a da Jirau Energia refor\u00e7a o compromisso da empresa em apoiar a\u00e7\u00f5es voltadas ao fortalecimento da hist\u00f3ria de Rond\u00f4nia e seus povos atrav\u00e9s da cultura, do meio ambiente e do desenvolvimento socioecon\u00f4mico das comunidades locais.<\/p>\n\n\n\n<p>Para Juliana Silva, Coordenadora de Socioeconomia da Jirau, \u00e9 motivo de orgulho estar presente na Semana do Patrim\u00f4nio e contribuir para debates t\u00e3o relevantes. \u201cAcreditamos que a preserva\u00e7\u00e3o cultural \u00e9 parte essencial do desenvolvimento sustent\u00e1vel, pois valoriza a mem\u00f3ria e as tradi\u00e7\u00f5es dos povos das comunidades da Amaz\u00f4nia, ao mesmo tempo em que fortalece a identidade coletiva da regi\u00e3o.\u201d, afirmou.<\/p>\n\n\n\n<figure class=\"wp-block-image size-large\"><img fetchpriority=\"high\" decoding=\"async\" width=\"1024\" height=\"577\" src=\"https:\/\/www.jirauenergia.com.br\/wp-content\/uploads\/2025\/09\/JULIANA-SILVA-COORDENADORA-DE-SOCIOECONOMIA-DA-JIRAU-ENERGIA-1024x577.jpg\" alt=\"\" class=\"wp-image-19306\" srcset=\"https:\/\/www.jirauenergia.com.br\/wp-content\/uploads\/2025\/09\/JULIANA-SILVA-COORDENADORA-DE-SOCIOECONOMIA-DA-JIRAU-ENERGIA-1024x577.jpg 1024w, https:\/\/www.jirauenergia.com.br\/wp-content\/uploads\/2025\/09\/JULIANA-SILVA-COORDENADORA-DE-SOCIOECONOMIA-DA-JIRAU-ENERGIA-300x169.jpg 300w, https:\/\/www.jirauenergia.com.br\/wp-content\/uploads\/2025\/09\/JULIANA-SILVA-COORDENADORA-DE-SOCIOECONOMIA-DA-JIRAU-ENERGIA-768x432.jpg 768w, https:\/\/www.jirauenergia.com.br\/wp-content\/uploads\/2025\/09\/JULIANA-SILVA-COORDENADORA-DE-SOCIOECONOMIA-DA-JIRAU-ENERGIA-1536x865.jpg 1536w, https:\/\/www.jirauenergia.com.br\/wp-content\/uploads\/2025\/09\/JULIANA-SILVA-COORDENADORA-DE-SOCIOECONOMIA-DA-JIRAU-ENERGIA-2048x1153.jpg 2048w, https:\/\/www.jirauenergia.com.br\/wp-content\/uploads\/2025\/09\/JULIANA-SILVA-COORDENADORA-DE-SOCIOECONOMIA-DA-JIRAU-ENERGIA-18x10.jpg 18w\" sizes=\"(max-width: 1024px) 100vw, 1024px\" \/><figcaption class=\"wp-element-caption\">                                     Juliana Silva, Coordenadora de Socioeconomia da Jirau Energia.<\/figcaption><\/figure>\n\n\n\n<p>M\u00f4nica Castro, Superintendente substituta do IPHAN Rond\u00f4nia, destacou que o di\u00e1logo entre Uni\u00e3o, estados e munic\u00edpios, assim como com a sociedade civil, incluindo agentes da iniciativa privada, \u00e9 de extrema import\u00e2ncia. \u201cA prote\u00e7\u00e3o e a promo\u00e7\u00e3o do patrim\u00f4nio cultural brasileiro \u00e9 uma atribui\u00e7\u00e3o que o Instituto do Patrim\u00f4nio Hist\u00f3rico e Art\u00edstico Nacional (IPHAN) exerce de modo compartilhado com a sociedade, como indica a Constitui\u00e7\u00e3o Federal de 1988. Al\u00e9m de exercer suas atribui\u00e7\u00f5es legais, o IPHAN busca promover a sustentabilidade do patrim\u00f4nio cultural nos territ\u00f3rios, seja ele material ou imaterial.\u201d, pontuou M\u00f4nica.&nbsp;<\/p>\n\n\n\n<p>Com essa parceria, a Jirau Energia reafirma sua miss\u00e3o de ser refer\u00eancia em gera\u00e7\u00e3o sustent\u00e1vel de energia na Amaz\u00f4nia, integrando inova\u00e7\u00e3o, respeito ambiental e valoriza\u00e7\u00e3o da diversidade cultural.<\/p>\n\n\n\n<figure class=\"wp-block-image size-large\"><img decoding=\"async\" width=\"1024\" height=\"665\" src=\"https:\/\/www.jirauenergia.com.br\/wp-content\/uploads\/2025\/09\/SEMANA-DO-PATRIMONIO-1024x665.jpg\" alt=\"\" class=\"wp-image-19309\" srcset=\"https:\/\/www.jirauenergia.com.br\/wp-content\/uploads\/2025\/09\/SEMANA-DO-PATRIMONIO-1024x665.jpg 1024w, https:\/\/www.jirauenergia.com.br\/wp-content\/uploads\/2025\/09\/SEMANA-DO-PATRIMONIO-300x195.jpg 300w, https:\/\/www.jirauenergia.com.br\/wp-content\/uploads\/2025\/09\/SEMANA-DO-PATRIMONIO-768x499.jpg 768w, https:\/\/www.jirauenergia.com.br\/wp-content\/uploads\/2025\/09\/SEMANA-DO-PATRIMONIO-1536x997.jpg 1536w, https:\/\/www.jirauenergia.com.br\/wp-content\/uploads\/2025\/09\/SEMANA-DO-PATRIMONIO-2048x1330.jpg 2048w, https:\/\/www.jirauenergia.com.br\/wp-content\/uploads\/2025\/09\/SEMANA-DO-PATRIMONIO-18x12.jpg 18w\" sizes=\"(max-width: 1024px) 100vw, 1024px\" \/><\/figure>","protected":false},"excerpt":{"rendered":"<p>Evento refor\u00e7a a import\u00e2ncia da preserva\u00e7\u00e3o cultural e re\u00fane institui\u00e7\u00f5es parceiras em debates e atividades sobre o Patrim\u00f4nio Hist\u00f3rico da regi\u00e3o. A Jirau Energia participou da Semana do Patrim\u00f4nio, realizada entre os dias 28 e 30 de agosto no audit\u00f3rio do Complexo Madeira-Mamor\u00e9, em Porto Velho (RO). O evento foi promovido pela Superintend\u00eancia do Instituto [&hellip;]<\/p>","protected":false},"author":107,"featured_media":19307,"comment_status":"open","ping_status":"open","sticky":false,"template":"","format":"standard","meta":{"_acf_changed":false,"footnotes":""},"categories":[37],"tags":[],"tipo_de_noticias":[15],"tipos_de_inovacao":[],"categoria_episodios":[],"categorias_de_vaga":[],"categoria_de_programas":[],"alfabeto_glossario":[],"categorias_de_pdf":[],"projetos_pdi":[],"class_list":["post-19305","post","type-post","status-publish","format-standard","has-post-thumbnail","hentry","category-noticias","tipo_de_noticias-noticias"],"acf":[],"yoast_head":"<!-- This site is optimized with the Yoast SEO plugin v25.9 - https:\/\/yoast.com\/wordpress\/plugins\/seo\/ -->\n<title>JIRAU ENERGIA PARTICIPA DA SEMANA DO PATRIM\u00d4NIO PROMOVIDA PELO IPHAN EM ROND\u00d4NIA - Jirau Energia<\/title>\n<meta name=\"robots\" content=\"index, follow, max-snippet:-1, max-image-preview:large, max-video-preview:-1\" \/>\n<link rel=\"canonical\" href=\"https:\/\/www.jirauenergia.com.br\/en\/jirau-energia-participa-da-semana-do-patrimonio-promovida-pelo-iphan-em-rondonia\/\" \/>\n<meta property=\"og:locale\" content=\"en_US\" \/>\n<meta property=\"og:type\" content=\"article\" \/>\n<meta property=\"og:title\" content=\"JIRAU ENERGIA PARTICIPA DA SEMANA DO PATRIM\u00d4NIO PROMOVIDA PELO IPHAN EM ROND\u00d4NIA - Jirau Energia\" \/>\n<meta property=\"og:description\" content=\"Evento refor\u00e7a a import\u00e2ncia da preserva\u00e7\u00e3o cultural e re\u00fane institui\u00e7\u00f5es parceiras em debates e atividades sobre o Patrim\u00f4nio Hist\u00f3rico da regi\u00e3o. A Jirau Energia participou da Semana do Patrim\u00f4nio, realizada entre os dias 28 e 30 de agosto no audit\u00f3rio do Complexo Madeira-Mamor\u00e9, em Porto Velho (RO). O evento foi promovido pela Superintend\u00eancia do Instituto [&hellip;]\" \/>\n<meta property=\"og:url\" content=\"https:\/\/www.jirauenergia.com.br\/en\/jirau-energia-participa-da-semana-do-patrimonio-promovida-pelo-iphan-em-rondonia\/\" \/>\n<meta property=\"og:site_name\" content=\"Jirau Energia\" \/>\n<meta property=\"article:published_time\" content=\"2025-09-01T19:51:55+00:00\" \/>\n<meta property=\"article:modified_time\" content=\"2025-12-05T18:13:54+00:00\" \/>\n<meta property=\"og:image\" content=\"https:\/\/www.jirauenergia.com.br\/wp-content\/uploads\/2025\/09\/SEMANA-DO-PATRIMONIO-scaled.jpeg\" \/>\n\t<meta property=\"og:image:width\" content=\"2560\" \/>\n\t<meta property=\"og:image:height\" content=\"1451\" \/>\n\t<meta property=\"og:image:type\" content=\"image\/jpeg\" \/>\n<meta name=\"author\" content=\"Wellington Amorim\" \/>\n<meta name=\"twitter:card\" content=\"summary_large_image\" \/>\n<meta name=\"twitter:label1\" content=\"Written by\" \/>\n\t<meta name=\"twitter:data1\" content=\"Wellington Amorim\" \/>\n\t<meta name=\"twitter:label2\" content=\"Est. reading time\" \/>\n\t<meta name=\"twitter:data2\" content=\"3 minutes\" \/>\n<script type=\"application\/ld+json\" class=\"yoast-schema-graph\">{\"@context\":\"https:\/\/schema.org\",\"@graph\":[{\"@type\":\"Article\",\"@id\":\"https:\/\/www.jirauenergia.com.br\/jirau-energia-participa-da-semana-do-patrimonio-promovida-pelo-iphan-em-rondonia\/#article\",\"isPartOf\":{\"@id\":\"https:\/\/www.jirauenergia.com.br\/jirau-energia-participa-da-semana-do-patrimonio-promovida-pelo-iphan-em-rondonia\/\"},\"author\":{\"name\":\"Wellington Amorim\",\"@id\":\"https:\/\/www.jirauenergia.com.br\/#\/schema\/person\/157075745b861def8eea5babfeac6151\"},\"headline\":\"JIRAU ENERGIA PARTICIPA DA SEMANA DO PATRIM\u00d4NIO PROMOVIDA PELO IPHAN EM ROND\u00d4NIA\",\"datePublished\":\"2025-09-01T19:51:55+00:00\",\"dateModified\":\"2025-12-05T18:13:54+00:00\",\"mainEntityOfPage\":{\"@id\":\"https:\/\/www.jirauenergia.com.br\/jirau-energia-participa-da-semana-do-patrimonio-promovida-pelo-iphan-em-rondonia\/\"},\"wordCount\":419,\"commentCount\":0,\"publisher\":{\"@id\":\"https:\/\/www.jirauenergia.com.br\/#organization\"},\"image\":{\"@id\":\"https:\/\/www.jirauenergia.com.br\/jirau-energia-participa-da-semana-do-patrimonio-promovida-pelo-iphan-em-rondonia\/#primaryimage\"},\"thumbnailUrl\":\"https:\/\/www.jirauenergia.com.br\/wp-content\/uploads\/2025\/09\/SEMANA-DO-PATRIMONIO-scaled.jpeg\",\"articleSection\":[\"Not\u00edcias\"],\"inLanguage\":\"en-US\",\"potentialAction\":[{\"@type\":\"CommentAction\",\"name\":\"Comment\",\"target\":[\"https:\/\/www.jirauenergia.com.br\/jirau-energia-participa-da-semana-do-patrimonio-promovida-pelo-iphan-em-rondonia\/#respond\"]}]},{\"@type\":\"WebPage\",\"@id\":\"https:\/\/www.jirauenergia.com.br\/jirau-energia-participa-da-semana-do-patrimonio-promovida-pelo-iphan-em-rondonia\/\",\"url\":\"https:\/\/www.jirauenergia.com.br\/jirau-energia-participa-da-semana-do-patrimonio-promovida-pelo-iphan-em-rondonia\/\",\"name\":\"JIRAU ENERGIA PARTICIPA DA SEMANA DO PATRIM\u00d4NIO PROMOVIDA PELO IPHAN EM ROND\u00d4NIA - Jirau Energia\",\"isPartOf\":{\"@id\":\"https:\/\/www.jirauenergia.com.br\/#website\"},\"primaryImageOfPage\":{\"@id\":\"https:\/\/www.jirauenergia.com.br\/jirau-energia-participa-da-semana-do-patrimonio-promovida-pelo-iphan-em-rondonia\/#primaryimage\"},\"image\":{\"@id\":\"https:\/\/www.jirauenergia.com.br\/jirau-energia-participa-da-semana-do-patrimonio-promovida-pelo-iphan-em-rondonia\/#primaryimage\"},\"thumbnailUrl\":\"https:\/\/www.jirauenergia.com.br\/wp-content\/uploads\/2025\/09\/SEMANA-DO-PATRIMONIO-scaled.jpeg\",\"datePublished\":\"2025-09-01T19:51:55+00:00\",\"dateModified\":\"2025-12-05T18:13:54+00:00\",\"breadcrumb\":{\"@id\":\"https:\/\/www.jirauenergia.com.br\/jirau-energia-participa-da-semana-do-patrimonio-promovida-pelo-iphan-em-rondonia\/#breadcrumb\"},\"inLanguage\":\"en-US\",\"potentialAction\":[{\"@type\":\"ReadAction\",\"target\":[\"https:\/\/www.jirauenergia.com.br\/jirau-energia-participa-da-semana-do-patrimonio-promovida-pelo-iphan-em-rondonia\/\"]}]},{\"@type\":\"ImageObject\",\"inLanguage\":\"en-US\",\"@id\":\"https:\/\/www.jirauenergia.com.br\/jirau-energia-participa-da-semana-do-patrimonio-promovida-pelo-iphan-em-rondonia\/#primaryimage\",\"url\":\"https:\/\/www.jirauenergia.com.br\/wp-content\/uploads\/2025\/09\/SEMANA-DO-PATRIMONIO-scaled.jpeg\",\"contentUrl\":\"https:\/\/www.jirauenergia.com.br\/wp-content\/uploads\/2025\/09\/SEMANA-DO-PATRIMONIO-scaled.jpeg\",\"width\":2560,\"height\":1451},{\"@type\":\"BreadcrumbList\",\"@id\":\"https:\/\/www.jirauenergia.com.br\/jirau-energia-participa-da-semana-do-patrimonio-promovida-pelo-iphan-em-rondonia\/#breadcrumb\",\"itemListElement\":[{\"@type\":\"ListItem\",\"position\":1,\"name\":\"In\u00edcio\",\"item\":\"https:\/\/www.jirauenergia.com.br\/\"},{\"@type\":\"ListItem\",\"position\":2,\"name\":\"JIRAU ENERGIA PARTICIPA DA SEMANA DO PATRIM\u00d4NIO PROMOVIDA PELO IPHAN EM ROND\u00d4NIA\"}]},{\"@type\":\"WebSite\",\"@id\":\"https:\/\/www.jirauenergia.com.br\/#website\",\"url\":\"https:\/\/www.jirauenergia.com.br\/\",\"name\":\"Jirau Energia\",\"description\":\"\",\"publisher\":{\"@id\":\"https:\/\/www.jirauenergia.com.br\/#organization\"},\"potentialAction\":[{\"@type\":\"SearchAction\",\"target\":{\"@type\":\"EntryPoint\",\"urlTemplate\":\"https:\/\/www.jirauenergia.com.br\/?s={search_term_string}\"},\"query-input\":{\"@type\":\"PropertyValueSpecification\",\"valueRequired\":true,\"valueName\":\"search_term_string\"}}],\"inLanguage\":\"en-US\"},{\"@type\":\"Organization\",\"@id\":\"https:\/\/www.jirauenergia.com.br\/#organization\",\"name\":\"Jirau Energia\",\"url\":\"https:\/\/www.jirauenergia.com.br\/\",\"logo\":{\"@type\":\"ImageObject\",\"inLanguage\":\"en-US\",\"@id\":\"https:\/\/www.jirauenergia.com.br\/#\/schema\/logo\/image\/\",\"url\":\"https:\/\/www.jirauenergia.com.br\/wp-content\/uploads\/2021\/06\/cropped-logo-jirau-energia-1-1.png\",\"contentUrl\":\"https:\/\/www.jirauenergia.com.br\/wp-content\/uploads\/2021\/06\/cropped-logo-jirau-energia-1-1.png\",\"width\":300,\"height\":86,\"caption\":\"Jirau Energia\"},\"image\":{\"@id\":\"https:\/\/www.jirauenergia.com.br\/#\/schema\/logo\/image\/\"}},{\"@type\":\"Person\",\"@id\":\"https:\/\/www.jirauenergia.com.br\/#\/schema\/person\/157075745b861def8eea5babfeac6151\",\"name\":\"Wellington Amorim\",\"image\":{\"@type\":\"ImageObject\",\"inLanguage\":\"en-US\",\"@id\":\"https:\/\/www.jirauenergia.com.br\/#\/schema\/person\/image\/\",\"url\":\"https:\/\/secure.gravatar.com\/avatar\/b7ba4090b2756f662ca6291946e2bb97d39aabd87a1f72e39f758b80161cfd80?s=96&d=mm&r=g\",\"contentUrl\":\"https:\/\/secure.gravatar.com\/avatar\/b7ba4090b2756f662ca6291946e2bb97d39aabd87a1f72e39f758b80161cfd80?s=96&d=mm&r=g\",\"caption\":\"Wellington Amorim\"},\"url\":\"https:\/\/www.jirauenergia.com.br\/en\/author\/wellington-amorim\/\"}]}<\/script>\n<!-- \/ Yoast SEO plugin. -->","yoast_head_json":{"title":"JIRAU ENERGIA PARTICIPA DA SEMANA DO PATRIM\u00d4NIO PROMOVIDA PELO IPHAN EM ROND\u00d4NIA - Jirau Energia","robots":{"index":"index","follow":"follow","max-snippet":"max-snippet:-1","max-image-preview":"max-image-preview:large","max-video-preview":"max-video-preview:-1"},"canonical":"https:\/\/www.jirauenergia.com.br\/en\/jirau-energia-participa-da-semana-do-patrimonio-promovida-pelo-iphan-em-rondonia\/","og_locale":"en_US","og_type":"article","og_title":"JIRAU ENERGIA PARTICIPA DA SEMANA DO PATRIM\u00d4NIO PROMOVIDA PELO IPHAN EM ROND\u00d4NIA - Jirau Energia","og_description":"Evento refor\u00e7a a import\u00e2ncia da preserva\u00e7\u00e3o cultural e re\u00fane institui\u00e7\u00f5es parceiras em debates e atividades sobre o Patrim\u00f4nio Hist\u00f3rico da regi\u00e3o. A Jirau Energia participou da Semana do Patrim\u00f4nio, realizada entre os dias 28 e 30 de agosto no audit\u00f3rio do Complexo Madeira-Mamor\u00e9, em Porto Velho (RO). O evento foi promovido pela Superintend\u00eancia do Instituto [&hellip;]","og_url":"https:\/\/www.jirauenergia.com.br\/en\/jirau-energia-participa-da-semana-do-patrimonio-promovida-pelo-iphan-em-rondonia\/","og_site_name":"Jirau Energia","article_published_time":"2025-09-01T19:51:55+00:00","article_modified_time":"2025-12-05T18:13:54+00:00","og_image":[{"width":2560,"height":1451,"url":"https:\/\/www.jirauenergia.com.br\/wp-content\/uploads\/2025\/09\/SEMANA-DO-PATRIMONIO-scaled.jpeg","type":"image\/jpeg"}],"author":"Wellington Amorim","twitter_card":"summary_large_image","twitter_misc":{"Written by":"Wellington Amorim","Est. reading time":"3 minutes"},"schema":{"@context":"https:\/\/schema.org","@graph":[{"@type":"Article","@id":"https:\/\/www.jirauenergia.com.br\/jirau-energia-participa-da-semana-do-patrimonio-promovida-pelo-iphan-em-rondonia\/#article","isPartOf":{"@id":"https:\/\/www.jirauenergia.com.br\/jirau-energia-participa-da-semana-do-patrimonio-promovida-pelo-iphan-em-rondonia\/"},"author":{"name":"Wellington Amorim","@id":"https:\/\/www.jirauenergia.com.br\/#\/schema\/person\/157075745b861def8eea5babfeac6151"},"headline":"JIRAU ENERGIA PARTICIPA DA SEMANA DO PATRIM\u00d4NIO PROMOVIDA PELO IPHAN EM ROND\u00d4NIA","datePublished":"2025-09-01T19:51:55+00:00","dateModified":"2025-12-05T18:13:54+00:00","mainEntityOfPage":{"@id":"https:\/\/www.jirauenergia.com.br\/jirau-energia-participa-da-semana-do-patrimonio-promovida-pelo-iphan-em-rondonia\/"},"wordCount":419,"commentCount":0,"publisher":{"@id":"https:\/\/www.jirauenergia.com.br\/#organization"},"image":{"@id":"https:\/\/www.jirauenergia.com.br\/jirau-energia-participa-da-semana-do-patrimonio-promovida-pelo-iphan-em-rondonia\/#primaryimage"},"thumbnailUrl":"https:\/\/www.jirauenergia.com.br\/wp-content\/uploads\/2025\/09\/SEMANA-DO-PATRIMONIO-scaled.jpeg","articleSection":["Not\u00edcias"],"inLanguage":"en-US","potentialAction":[{"@type":"CommentAction","name":"Comment","target":["https:\/\/www.jirauenergia.com.br\/jirau-energia-participa-da-semana-do-patrimonio-promovida-pelo-iphan-em-rondonia\/#respond"]}]},{"@type":"WebPage","@id":"https:\/\/www.jirauenergia.com.br\/jirau-energia-participa-da-semana-do-patrimonio-promovida-pelo-iphan-em-rondonia\/","url":"https:\/\/www.jirauenergia.com.br\/jirau-energia-participa-da-semana-do-patrimonio-promovida-pelo-iphan-em-rondonia\/","name":"JIRAU ENERGIA PARTICIPA DA SEMANA DO PATRIM\u00d4NIO PROMOVIDA PELO IPHAN EM ROND\u00d4NIA - Jirau Energia","isPartOf":{"@id":"https:\/\/www.jirauenergia.com.br\/#website"},"primaryImageOfPage":{"@id":"https:\/\/www.jirauenergia.com.br\/jirau-energia-participa-da-semana-do-patrimonio-promovida-pelo-iphan-em-rondonia\/#primaryimage"},"image":{"@id":"https:\/\/www.jirauenergia.com.br\/jirau-energia-participa-da-semana-do-patrimonio-promovida-pelo-iphan-em-rondonia\/#primaryimage"},"thumbnailUrl":"https:\/\/www.jirauenergia.com.br\/wp-content\/uploads\/2025\/09\/SEMANA-DO-PATRIMONIO-scaled.jpeg","datePublished":"2025-09-01T19:51:55+00:00","dateModified":"2025-12-05T18:13:54+00:00","breadcrumb":{"@id":"https:\/\/www.jirauenergia.com.br\/jirau-energia-participa-da-semana-do-patrimonio-promovida-pelo-iphan-em-rondonia\/#breadcrumb"},"inLanguage":"en-US","potentialAction":[{"@type":"ReadAction","target":["https:\/\/www.jirauenergia.com.br\/jirau-energia-participa-da-semana-do-patrimonio-promovida-pelo-iphan-em-rondonia\/"]}]},{"@type":"ImageObject","inLanguage":"en-US","@id":"https:\/\/www.jirauenergia.com.br\/jirau-energia-participa-da-semana-do-patrimonio-promovida-pelo-iphan-em-rondonia\/#primaryimage","url":"https:\/\/www.jirauenergia.com.br\/wp-content\/uploads\/2025\/09\/SEMANA-DO-PATRIMONIO-scaled.jpeg","contentUrl":"https:\/\/www.jirauenergia.com.br\/wp-content\/uploads\/2025\/09\/SEMANA-DO-PATRIMONIO-scaled.jpeg","width":2560,"height":1451},{"@type":"BreadcrumbList","@id":"https:\/\/www.jirauenergia.com.br\/jirau-energia-participa-da-semana-do-patrimonio-promovida-pelo-iphan-em-rondonia\/#breadcrumb","itemListElement":[{"@type":"ListItem","position":1,"name":"In\u00edcio","item":"https:\/\/www.jirauenergia.com.br\/"},{"@type":"ListItem","position":2,"name":"JIRAU ENERGIA PARTICIPA DA SEMANA DO PATRIM\u00d4NIO PROMOVIDA PELO IPHAN EM ROND\u00d4NIA"}]},{"@type":"WebSite","@id":"https:\/\/www.jirauenergia.com.br\/#website","url":"https:\/\/www.jirauenergia.com.br\/","name":"JIRAU ENERGY","description":"","publisher":{"@id":"https:\/\/www.jirauenergia.com.br\/#organization"},"potentialAction":[{"@type":"SearchAction","target":{"@type":"EntryPoint","urlTemplate":"https:\/\/www.jirauenergia.com.br\/?s={search_term_string}"},"query-input":{"@type":"PropertyValueSpecification","valueRequired":true,"valueName":"search_term_string"}}],"inLanguage":"en-US"},{"@type":"Organization","@id":"https:\/\/www.jirauenergia.com.br\/#organization","name":"JIRAU ENERGY","url":"https:\/\/www.jirauenergia.com.br\/","logo":{"@type":"ImageObject","inLanguage":"en-US","@id":"https:\/\/www.jirauenergia.com.br\/#\/schema\/logo\/image\/","url":"https:\/\/www.jirauenergia.com.br\/wp-content\/uploads\/2021\/06\/cropped-logo-jirau-energia-1-1.png","contentUrl":"https:\/\/www.jirauenergia.com.br\/wp-content\/uploads\/2021\/06\/cropped-logo-jirau-energia-1-1.png","width":300,"height":86,"caption":"Jirau Energia"},"image":{"@id":"https:\/\/www.jirauenergia.com.br\/#\/schema\/logo\/image\/"}},{"@type":"Person","@id":"https:\/\/www.jirauenergia.com.br\/#\/schema\/person\/157075745b861def8eea5babfeac6151","name":"Wellington Amorim","image":{"@type":"ImageObject","inLanguage":"en-US","@id":"https:\/\/www.jirauenergia.com.br\/#\/schema\/person\/image\/","url":"https:\/\/secure.gravatar.com\/avatar\/b7ba4090b2756f662ca6291946e2bb97d39aabd87a1f72e39f758b80161cfd80?s=96&d=mm&r=g","contentUrl":"https:\/\/secure.gravatar.com\/avatar\/b7ba4090b2756f662ca6291946e2bb97d39aabd87a1f72e39f758b80161cfd80?s=96&d=mm&r=g","caption":"Wellington Amorim"},"url":"https:\/\/www.jirauenergia.com.br\/en\/author\/wellington-amorim\/"}]}},"_links":{"self":[{"href":"https:\/\/www.jirauenergia.com.br\/en\/wp-json\/wp\/v2\/posts\/19305","targetHints":{"allow":["GET"]}}],"collection":[{"href":"https:\/\/www.jirauenergia.com.br\/en\/wp-json\/wp\/v2\/posts"}],"about":[{"href":"https:\/\/www.jirauenergia.com.br\/en\/wp-json\/wp\/v2\/types\/post"}],"author":[{"embeddable":true,"href":"https:\/\/www.jirauenergia.com.br\/en\/wp-json\/wp\/v2\/users\/107"}],"replies":[{"embeddable":true,"href":"https:\/\/www.jirauenergia.com.br\/en\/wp-json\/wp\/v2\/comments?post=19305"}],"version-history":[{"count":1,"href":"https:\/\/www.jirauenergia.com.br\/en\/wp-json\/wp\/v2\/posts\/19305\/revisions"}],"predecessor-version":[{"id":19311,"href":"https:\/\/www.jirauenergia.com.br\/en\/wp-json\/wp\/v2\/posts\/19305\/revisions\/19311"}],"wp:featuredmedia":[{"embeddable":true,"href":"https:\/\/www.jirauenergia.com.br\/en\/wp-json\/wp\/v2\/media\/19307"}],"wp:attachment":[{"href":"https:\/\/www.jirauenergia.com.br\/en\/wp-json\/wp\/v2\/media?parent=19305"}],"wp:term":[{"taxonomy":"category","embeddable":true,"href":"https:\/\/www.jirauenergia.com.br\/en\/wp-json\/wp\/v2\/categories?post=19305"},{"taxonomy":"post_tag","embeddable":true,"href":"https:\/\/www.jirauenergia.com.br\/en\/wp-json\/wp\/v2\/tags?post=19305"},{"taxonomy":"tipo_de_noticias","embeddable":true,"href":"https:\/\/www.jirauenergia.com.br\/en\/wp-json\/wp\/v2\/tipo_de_noticias?post=19305"},{"taxonomy":"tipos_de_inovacao","embeddable":true,"href":"https:\/\/www.jirauenergia.com.br\/en\/wp-json\/wp\/v2\/tipos_de_inovacao?post=19305"},{"taxonomy":"categoria_episodios","embeddable":true,"href":"https:\/\/www.jirauenergia.com.br\/en\/wp-json\/wp\/v2\/categoria_episodios?post=19305"},{"taxonomy":"categorias_de_vaga","embeddable":true,"href":"https:\/\/www.jirauenergia.com.br\/en\/wp-json\/wp\/v2\/categorias_de_vaga?post=19305"},{"taxonomy":"categoria_de_programas","embeddable":true,"href":"https:\/\/www.jirauenergia.com.br\/en\/wp-json\/wp\/v2\/categoria_de_programas?post=19305"},{"taxonomy":"alfabeto_glossario","embeddable":true,"href":"https:\/\/www.jirauenergia.com.br\/en\/wp-json\/wp\/v2\/alfabeto_glossario?post=19305"},{"taxonomy":"categorias_de_pdf","embeddable":true,"href":"https:\/\/www.jirauenergia.com.br\/en\/wp-json\/wp\/v2\/categorias_de_pdf?post=19305"},{"taxonomy":"projetos_pdi","embeddable":true,"href":"https:\/\/www.jirauenergia.com.br\/en\/wp-json\/wp\/v2\/projetos_pdi?post=19305"}],"curies":[{"name":"wp","href":"https:\/\/api.w.org\/{rel}","templated":true}]}}