{"id":19258,"date":"2025-05-30T16:24:00","date_gmt":"2025-05-30T19:24:00","guid":{"rendered":"https:\/\/www.jirauenergia.com.br\/?p=19258"},"modified":"2025-08-08T16:27:15","modified_gmt":"2025-08-08T19:27:15","slug":"jirau-energia-recebe-acao-educativa-do-detran-ro-no-maio-amarelo-com-foco-na-valorizacao-da-vida","status":"publish","type":"post","link":"https:\/\/www.jirauenergia.com.br\/en\/jirau-energia-recebe-acao-educativa-do-detran-ro-no-maio-amarelo-com-foco-na-valorizacao-da-vida\/","title":{"rendered":"JIRAU ENERGIA RECEBE A\u00c7\u00c3O EDUCATIVA DO DETRAN-RO NO MAIO AMARELO COM FOCO NA VALORIZA\u00c7\u00c3O DA VIDA"},"content":{"rendered":"<p><em>A iniciativa incluiu din\u00e2micas com uso de celular, simula\u00e7\u00f5es com \u00f3culos que simulam os efeitos do \u00e1lcool no organismo, distribui\u00e7\u00e3o de baf\u00f4metros descart\u00e1veis e materiais educativos.<\/em><\/p>\n\n\n\n<p>Com o compromisso de promover a seguran\u00e7a e o bem-estar de seus empregados, a Jirau Energia recebeu, nesta ter\u00e7a-feira (27), uma a\u00e7\u00e3o educativa realizada pelo Departamento Estadual de Tr\u00e2nsito de Rond\u00f4nia (Detran-RO), por meio da Escola P\u00fablica de Tr\u00e2nsito (EPT). A atividade integra a campanha internacional Maio Amarelo, que neste ano traz o lema: \u201cDesacelere. O bem maior \u00e9 a vida.\u201d<\/p>\n\n\n\n<p>A programa\u00e7\u00e3o aconteceu na pra\u00e7a do S da usina e reuniu empregados pr\u00f3prios e terceiros, que participaram de uma palestra e de atividades interativas voltadas \u00e0 reflex\u00e3o sobre atitudes no tr\u00e2nsito. A iniciativa incluiu din\u00e2micas com uso do celular, simula\u00e7\u00f5es com \u00f3culos que reproduzem os efeitos do \u00e1lcool no organismo, distribui\u00e7\u00e3o de baf\u00f4metros descart\u00e1veis e materiais educativos, al\u00e9m da instala\u00e7\u00e3o do T\u00fanel do Tr\u00e2nsito, novidade da edi\u00e7\u00e3o 2025 da campanha em Rond\u00f4nia.<\/p>\n\n\n\n<p>Para o vice-diretor da EPT, Ruymar Pereira de Lima, que conduziu a palestra, a a\u00e7\u00e3o teve como foco provocar uma reflex\u00e3o consciente sobre o comportamento no tr\u00e2nsito. \u201cO objetivo foi despertar a consci\u00eancia sobre nossas atitudes no tr\u00e2nsito. Atrav\u00e9s de experi\u00eancias pr\u00e1ticas, conseguimos refor\u00e7ar o valor da vida e a import\u00e2ncia de desacelerar. Foi um momento de introspec\u00e7\u00e3o e responsabilidade,\u201d destacou Ruymar.<\/p>\n\n\n\n<p>Durante a atividade, foram sorteados capacetes de seguran\u00e7a e cortadores de linha de pipa, item essencial para motociclistas. Para o presidente da CIPA da Jirau Energia, Bruno Collins, a a\u00e7\u00e3o refor\u00e7a a cultura de seguran\u00e7a no ambiente de trabalho. \u201cEssa ideia vinha sendo constru\u00edda h\u00e1 algum tempo com o apoio dos membros da CIPA. Com o engajamento do Detran, conseguimos realizar essa importante a\u00e7\u00e3o no m\u00eas do Maio Amarelo. Foi uma excelente oportunidade de promover educa\u00e7\u00e3o e conscientiza\u00e7\u00e3o entre os nossos colaboradores,\u201d afirmou Bruno.<\/p>\n\n\n\n<p>Ao final da programa\u00e7\u00e3o, a equipe do Detran-RO realizou uma visita institucional \u00e0s instala\u00e7\u00f5es da Usina Jirau, conhecendo a Casa de For\u00e7a, o vertedouro e o sistema de descarregamento de troncos do Rio Madeira.<\/p>\n\n\n\n<p>A a\u00e7\u00e3o refor\u00e7a o compromisso da Jirau Energia com a valoriza\u00e7\u00e3o da vida e a promo\u00e7\u00e3o de um ambiente de trabalho mais seguro, por meio de parcerias que estimulam a conscientiza\u00e7\u00e3o e a responsabilidade no tr\u00e2nsito.<\/p>","protected":false},"excerpt":{"rendered":"<p>A iniciativa incluiu din\u00e2micas com uso de celular, simula\u00e7\u00f5es com \u00f3culos que simulam os efeitos do \u00e1lcool no organismo, distribui\u00e7\u00e3o de baf\u00f4metros descart\u00e1veis e materiais educativos. Com o compromisso de promover a seguran\u00e7a e o bem-estar de seus empregados, a Jirau Energia recebeu, nesta ter\u00e7a-feira (27), uma a\u00e7\u00e3o educativa realizada pelo Departamento Estadual de Tr\u00e2nsito [&hellip;]<\/p>","protected":false},"author":85,"featured_media":19259,"comment_status":"open","ping_status":"open","sticky":false,"template":"","format":"standard","meta":{"_acf_changed":false,"footnotes":""},"categories":[37],"tags":[],"tipo_de_noticias":[15],"tipos_de_inovacao":[],"categoria_episodios":[],"categorias_de_vaga":[],"categoria_de_programas":[],"alfabeto_glossario":[],"categorias_de_pdf":[],"projetos_pdi":[],"class_list":["post-19258","post","type-post","status-publish","format-standard","has-post-thumbnail","hentry","category-noticias","tipo_de_noticias-noticias"],"acf":[],"yoast_head":"<!-- This site is optimized with the Yoast SEO plugin v25.9 - https:\/\/yoast.com\/wordpress\/plugins\/seo\/ -->\n<title>JIRAU ENERGIA RECEBE A\u00c7\u00c3O EDUCATIVA DO DETRAN-RO NO MAIO AMARELO COM FOCO NA VALORIZA\u00c7\u00c3O DA VIDA - Jirau Energia<\/title>\n<meta name=\"robots\" content=\"index, follow, max-snippet:-1, max-image-preview:large, max-video-preview:-1\" \/>\n<link rel=\"canonical\" href=\"https:\/\/www.jirauenergia.com.br\/en\/jirau-energia-recebe-acao-educativa-do-detran-ro-no-maio-amarelo-com-foco-na-valorizacao-da-vida\/\" \/>\n<meta property=\"og:locale\" content=\"en_US\" \/>\n<meta property=\"og:type\" content=\"article\" \/>\n<meta property=\"og:title\" content=\"JIRAU ENERGIA RECEBE A\u00c7\u00c3O EDUCATIVA DO DETRAN-RO NO MAIO AMARELO COM FOCO NA VALORIZA\u00c7\u00c3O DA VIDA - Jirau Energia\" \/>\n<meta property=\"og:description\" content=\"A iniciativa incluiu din\u00e2micas com uso de celular, simula\u00e7\u00f5es com \u00f3culos que simulam os efeitos do \u00e1lcool no organismo, distribui\u00e7\u00e3o de baf\u00f4metros descart\u00e1veis e materiais educativos. Com o compromisso de promover a seguran\u00e7a e o bem-estar de seus empregados, a Jirau Energia recebeu, nesta ter\u00e7a-feira (27), uma a\u00e7\u00e3o educativa realizada pelo Departamento Estadual de Tr\u00e2nsito [&hellip;]\" \/>\n<meta property=\"og:url\" content=\"https:\/\/www.jirauenergia.com.br\/en\/jirau-energia-recebe-acao-educativa-do-detran-ro-no-maio-amarelo-com-foco-na-valorizacao-da-vida\/\" \/>\n<meta property=\"og:site_name\" content=\"Jirau Energia\" \/>\n<meta property=\"article:published_time\" content=\"2025-05-30T19:24:00+00:00\" \/>\n<meta property=\"article:modified_time\" content=\"2025-08-08T19:27:15+00:00\" \/>\n<meta property=\"og:image\" content=\"https:\/\/www.jirauenergia.com.br\/wp-content\/uploads\/2025\/08\/PARADA-DE-SEGURANCA-MAIO-AMARELO-13.jpeg\" \/>\n\t<meta property=\"og:image:width\" content=\"1600\" \/>\n\t<meta property=\"og:image:height\" content=\"1200\" \/>\n\t<meta property=\"og:image:type\" content=\"image\/jpeg\" \/>\n<meta name=\"author\" content=\"Luan Moura\" \/>\n<meta name=\"twitter:card\" content=\"summary_large_image\" \/>\n<meta name=\"twitter:label1\" content=\"Written by\" \/>\n\t<meta name=\"twitter:data1\" content=\"Luan Moura\" \/>\n\t<meta name=\"twitter:label2\" content=\"Est. reading time\" \/>\n\t<meta name=\"twitter:data2\" content=\"3 minutes\" \/>\n<script type=\"application\/ld+json\" class=\"yoast-schema-graph\">{\"@context\":\"https:\/\/schema.org\",\"@graph\":[{\"@type\":\"Article\",\"@id\":\"https:\/\/www.jirauenergia.com.br\/jirau-energia-recebe-acao-educativa-do-detran-ro-no-maio-amarelo-com-foco-na-valorizacao-da-vida\/#article\",\"isPartOf\":{\"@id\":\"https:\/\/www.jirauenergia.com.br\/jirau-energia-recebe-acao-educativa-do-detran-ro-no-maio-amarelo-com-foco-na-valorizacao-da-vida\/\"},\"author\":{\"name\":\"Luan Moura\",\"@id\":\"https:\/\/www.jirauenergia.com.br\/#\/schema\/person\/58029cf7ee8500cc847d8b5a0c3c026e\"},\"headline\":\"JIRAU ENERGIA RECEBE A\u00c7\u00c3O EDUCATIVA DO DETRAN-RO NO MAIO AMARELO COM FOCO NA VALORIZA\u00c7\u00c3O DA VIDA\",\"datePublished\":\"2025-05-30T19:24:00+00:00\",\"dateModified\":\"2025-08-08T19:27:15+00:00\",\"mainEntityOfPage\":{\"@id\":\"https:\/\/www.jirauenergia.com.br\/jirau-energia-recebe-acao-educativa-do-detran-ro-no-maio-amarelo-com-foco-na-valorizacao-da-vida\/\"},\"wordCount\":446,\"commentCount\":0,\"publisher\":{\"@id\":\"https:\/\/www.jirauenergia.com.br\/#organization\"},\"image\":{\"@id\":\"https:\/\/www.jirauenergia.com.br\/jirau-energia-recebe-acao-educativa-do-detran-ro-no-maio-amarelo-com-foco-na-valorizacao-da-vida\/#primaryimage\"},\"thumbnailUrl\":\"https:\/\/www.jirauenergia.com.br\/wp-content\/uploads\/2025\/08\/PARADA-DE-SEGURANCA-MAIO-AMARELO-13.jpeg\",\"articleSection\":[\"Not\u00edcias\"],\"inLanguage\":\"en-US\",\"potentialAction\":[{\"@type\":\"CommentAction\",\"name\":\"Comment\",\"target\":[\"https:\/\/www.jirauenergia.com.br\/jirau-energia-recebe-acao-educativa-do-detran-ro-no-maio-amarelo-com-foco-na-valorizacao-da-vida\/#respond\"]}]},{\"@type\":\"WebPage\",\"@id\":\"https:\/\/www.jirauenergia.com.br\/jirau-energia-recebe-acao-educativa-do-detran-ro-no-maio-amarelo-com-foco-na-valorizacao-da-vida\/\",\"url\":\"https:\/\/www.jirauenergia.com.br\/jirau-energia-recebe-acao-educativa-do-detran-ro-no-maio-amarelo-com-foco-na-valorizacao-da-vida\/\",\"name\":\"JIRAU ENERGIA RECEBE A\u00c7\u00c3O EDUCATIVA DO DETRAN-RO NO MAIO AMARELO COM FOCO NA VALORIZA\u00c7\u00c3O DA VIDA - Jirau Energia\",\"isPartOf\":{\"@id\":\"https:\/\/www.jirauenergia.com.br\/#website\"},\"primaryImageOfPage\":{\"@id\":\"https:\/\/www.jirauenergia.com.br\/jirau-energia-recebe-acao-educativa-do-detran-ro-no-maio-amarelo-com-foco-na-valorizacao-da-vida\/#primaryimage\"},\"image\":{\"@id\":\"https:\/\/www.jirauenergia.com.br\/jirau-energia-recebe-acao-educativa-do-detran-ro-no-maio-amarelo-com-foco-na-valorizacao-da-vida\/#primaryimage\"},\"thumbnailUrl\":\"https:\/\/www.jirauenergia.com.br\/wp-content\/uploads\/2025\/08\/PARADA-DE-SEGURANCA-MAIO-AMARELO-13.jpeg\",\"datePublished\":\"2025-05-30T19:24:00+00:00\",\"dateModified\":\"2025-08-08T19:27:15+00:00\",\"breadcrumb\":{\"@id\":\"https:\/\/www.jirauenergia.com.br\/jirau-energia-recebe-acao-educativa-do-detran-ro-no-maio-amarelo-com-foco-na-valorizacao-da-vida\/#breadcrumb\"},\"inLanguage\":\"en-US\",\"potentialAction\":[{\"@type\":\"ReadAction\",\"target\":[\"https:\/\/www.jirauenergia.com.br\/jirau-energia-recebe-acao-educativa-do-detran-ro-no-maio-amarelo-com-foco-na-valorizacao-da-vida\/\"]}]},{\"@type\":\"ImageObject\",\"inLanguage\":\"en-US\",\"@id\":\"https:\/\/www.jirauenergia.com.br\/jirau-energia-recebe-acao-educativa-do-detran-ro-no-maio-amarelo-com-foco-na-valorizacao-da-vida\/#primaryimage\",\"url\":\"https:\/\/www.jirauenergia.com.br\/wp-content\/uploads\/2025\/08\/PARADA-DE-SEGURANCA-MAIO-AMARELO-13.jpeg\",\"contentUrl\":\"https:\/\/www.jirauenergia.com.br\/wp-content\/uploads\/2025\/08\/PARADA-DE-SEGURANCA-MAIO-AMARELO-13.jpeg\",\"width\":1600,\"height\":1200},{\"@type\":\"BreadcrumbList\",\"@id\":\"https:\/\/www.jirauenergia.com.br\/jirau-energia-recebe-acao-educativa-do-detran-ro-no-maio-amarelo-com-foco-na-valorizacao-da-vida\/#breadcrumb\",\"itemListElement\":[{\"@type\":\"ListItem\",\"position\":1,\"name\":\"In\u00edcio\",\"item\":\"https:\/\/www.jirauenergia.com.br\/\"},{\"@type\":\"ListItem\",\"position\":2,\"name\":\"JIRAU ENERGIA RECEBE A\u00c7\u00c3O EDUCATIVA DO DETRAN-RO NO MAIO AMARELO COM FOCO NA VALORIZA\u00c7\u00c3O DA VIDA\"}]},{\"@type\":\"WebSite\",\"@id\":\"https:\/\/www.jirauenergia.com.br\/#website\",\"url\":\"https:\/\/www.jirauenergia.com.br\/\",\"name\":\"Jirau Energia\",\"description\":\"\",\"publisher\":{\"@id\":\"https:\/\/www.jirauenergia.com.br\/#organization\"},\"potentialAction\":[{\"@type\":\"SearchAction\",\"target\":{\"@type\":\"EntryPoint\",\"urlTemplate\":\"https:\/\/www.jirauenergia.com.br\/?s={search_term_string}\"},\"query-input\":{\"@type\":\"PropertyValueSpecification\",\"valueRequired\":true,\"valueName\":\"search_term_string\"}}],\"inLanguage\":\"en-US\"},{\"@type\":\"Organization\",\"@id\":\"https:\/\/www.jirauenergia.com.br\/#organization\",\"name\":\"Jirau Energia\",\"url\":\"https:\/\/www.jirauenergia.com.br\/\",\"logo\":{\"@type\":\"ImageObject\",\"inLanguage\":\"en-US\",\"@id\":\"https:\/\/www.jirauenergia.com.br\/#\/schema\/logo\/image\/\",\"url\":\"https:\/\/www.jirauenergia.com.br\/wp-content\/uploads\/2021\/06\/cropped-logo-jirau-energia-1-1.png\",\"contentUrl\":\"https:\/\/www.jirauenergia.com.br\/wp-content\/uploads\/2021\/06\/cropped-logo-jirau-energia-1-1.png\",\"width\":300,\"height\":86,\"caption\":\"Jirau Energia\"},\"image\":{\"@id\":\"https:\/\/www.jirauenergia.com.br\/#\/schema\/logo\/image\/\"}},{\"@type\":\"Person\",\"@id\":\"https:\/\/www.jirauenergia.com.br\/#\/schema\/person\/58029cf7ee8500cc847d8b5a0c3c026e\",\"name\":\"Luan Moura\",\"image\":{\"@type\":\"ImageObject\",\"inLanguage\":\"en-US\",\"@id\":\"https:\/\/www.jirauenergia.com.br\/#\/schema\/person\/image\/\",\"url\":\"https:\/\/secure.gravatar.com\/avatar\/53829106ec1551655270f39e9e3a9f216a17c24a0966f011cda9a98b3a63b7be?s=96&d=mm&r=g\",\"contentUrl\":\"https:\/\/secure.gravatar.com\/avatar\/53829106ec1551655270f39e9e3a9f216a17c24a0966f011cda9a98b3a63b7be?s=96&d=mm&r=g\",\"caption\":\"Luan Moura\"},\"url\":\"https:\/\/www.jirauenergia.com.br\/en\/author\/luan\/\"}]}<\/script>\n<!-- \/ Yoast SEO plugin. -->","yoast_head_json":{"title":"JIRAU ENERGIA RECEBE A\u00c7\u00c3O EDUCATIVA DO DETRAN-RO NO MAIO AMARELO COM FOCO NA VALORIZA\u00c7\u00c3O DA VIDA - Jirau Energia","robots":{"index":"index","follow":"follow","max-snippet":"max-snippet:-1","max-image-preview":"max-image-preview:large","max-video-preview":"max-video-preview:-1"},"canonical":"https:\/\/www.jirauenergia.com.br\/en\/jirau-energia-recebe-acao-educativa-do-detran-ro-no-maio-amarelo-com-foco-na-valorizacao-da-vida\/","og_locale":"en_US","og_type":"article","og_title":"JIRAU ENERGIA RECEBE A\u00c7\u00c3O EDUCATIVA DO DETRAN-RO NO MAIO AMARELO COM FOCO NA VALORIZA\u00c7\u00c3O DA VIDA - Jirau Energia","og_description":"A iniciativa incluiu din\u00e2micas com uso de celular, simula\u00e7\u00f5es com \u00f3culos que simulam os efeitos do \u00e1lcool no organismo, distribui\u00e7\u00e3o de baf\u00f4metros descart\u00e1veis e materiais educativos. Com o compromisso de promover a seguran\u00e7a e o bem-estar de seus empregados, a Jirau Energia recebeu, nesta ter\u00e7a-feira (27), uma a\u00e7\u00e3o educativa realizada pelo Departamento Estadual de Tr\u00e2nsito [&hellip;]","og_url":"https:\/\/www.jirauenergia.com.br\/en\/jirau-energia-recebe-acao-educativa-do-detran-ro-no-maio-amarelo-com-foco-na-valorizacao-da-vida\/","og_site_name":"Jirau Energia","article_published_time":"2025-05-30T19:24:00+00:00","article_modified_time":"2025-08-08T19:27:15+00:00","og_image":[{"width":1600,"height":1200,"url":"https:\/\/www.jirauenergia.com.br\/wp-content\/uploads\/2025\/08\/PARADA-DE-SEGURANCA-MAIO-AMARELO-13.jpeg","type":"image\/jpeg"}],"author":"Luan Moura","twitter_card":"summary_large_image","twitter_misc":{"Written by":"Luan Moura","Est. reading time":"3 minutes"},"schema":{"@context":"https:\/\/schema.org","@graph":[{"@type":"Article","@id":"https:\/\/www.jirauenergia.com.br\/jirau-energia-recebe-acao-educativa-do-detran-ro-no-maio-amarelo-com-foco-na-valorizacao-da-vida\/#article","isPartOf":{"@id":"https:\/\/www.jirauenergia.com.br\/jirau-energia-recebe-acao-educativa-do-detran-ro-no-maio-amarelo-com-foco-na-valorizacao-da-vida\/"},"author":{"name":"Luan Moura","@id":"https:\/\/www.jirauenergia.com.br\/#\/schema\/person\/58029cf7ee8500cc847d8b5a0c3c026e"},"headline":"JIRAU ENERGIA RECEBE A\u00c7\u00c3O EDUCATIVA DO DETRAN-RO NO MAIO AMARELO COM FOCO NA VALORIZA\u00c7\u00c3O DA VIDA","datePublished":"2025-05-30T19:24:00+00:00","dateModified":"2025-08-08T19:27:15+00:00","mainEntityOfPage":{"@id":"https:\/\/www.jirauenergia.com.br\/jirau-energia-recebe-acao-educativa-do-detran-ro-no-maio-amarelo-com-foco-na-valorizacao-da-vida\/"},"wordCount":446,"commentCount":0,"publisher":{"@id":"https:\/\/www.jirauenergia.com.br\/#organization"},"image":{"@id":"https:\/\/www.jirauenergia.com.br\/jirau-energia-recebe-acao-educativa-do-detran-ro-no-maio-amarelo-com-foco-na-valorizacao-da-vida\/#primaryimage"},"thumbnailUrl":"https:\/\/www.jirauenergia.com.br\/wp-content\/uploads\/2025\/08\/PARADA-DE-SEGURANCA-MAIO-AMARELO-13.jpeg","articleSection":["Not\u00edcias"],"inLanguage":"en-US","potentialAction":[{"@type":"CommentAction","name":"Comment","target":["https:\/\/www.jirauenergia.com.br\/jirau-energia-recebe-acao-educativa-do-detran-ro-no-maio-amarelo-com-foco-na-valorizacao-da-vida\/#respond"]}]},{"@type":"WebPage","@id":"https:\/\/www.jirauenergia.com.br\/jirau-energia-recebe-acao-educativa-do-detran-ro-no-maio-amarelo-com-foco-na-valorizacao-da-vida\/","url":"https:\/\/www.jirauenergia.com.br\/jirau-energia-recebe-acao-educativa-do-detran-ro-no-maio-amarelo-com-foco-na-valorizacao-da-vida\/","name":"JIRAU ENERGIA RECEBE A\u00c7\u00c3O EDUCATIVA DO DETRAN-RO NO MAIO AMARELO COM FOCO NA VALORIZA\u00c7\u00c3O DA VIDA - Jirau Energia","isPartOf":{"@id":"https:\/\/www.jirauenergia.com.br\/#website"},"primaryImageOfPage":{"@id":"https:\/\/www.jirauenergia.com.br\/jirau-energia-recebe-acao-educativa-do-detran-ro-no-maio-amarelo-com-foco-na-valorizacao-da-vida\/#primaryimage"},"image":{"@id":"https:\/\/www.jirauenergia.com.br\/jirau-energia-recebe-acao-educativa-do-detran-ro-no-maio-amarelo-com-foco-na-valorizacao-da-vida\/#primaryimage"},"thumbnailUrl":"https:\/\/www.jirauenergia.com.br\/wp-content\/uploads\/2025\/08\/PARADA-DE-SEGURANCA-MAIO-AMARELO-13.jpeg","datePublished":"2025-05-30T19:24:00+00:00","dateModified":"2025-08-08T19:27:15+00:00","breadcrumb":{"@id":"https:\/\/www.jirauenergia.com.br\/jirau-energia-recebe-acao-educativa-do-detran-ro-no-maio-amarelo-com-foco-na-valorizacao-da-vida\/#breadcrumb"},"inLanguage":"en-US","potentialAction":[{"@type":"ReadAction","target":["https:\/\/www.jirauenergia.com.br\/jirau-energia-recebe-acao-educativa-do-detran-ro-no-maio-amarelo-com-foco-na-valorizacao-da-vida\/"]}]},{"@type":"ImageObject","inLanguage":"en-US","@id":"https:\/\/www.jirauenergia.com.br\/jirau-energia-recebe-acao-educativa-do-detran-ro-no-maio-amarelo-com-foco-na-valorizacao-da-vida\/#primaryimage","url":"https:\/\/www.jirauenergia.com.br\/wp-content\/uploads\/2025\/08\/PARADA-DE-SEGURANCA-MAIO-AMARELO-13.jpeg","contentUrl":"https:\/\/www.jirauenergia.com.br\/wp-content\/uploads\/2025\/08\/PARADA-DE-SEGURANCA-MAIO-AMARELO-13.jpeg","width":1600,"height":1200},{"@type":"BreadcrumbList","@id":"https:\/\/www.jirauenergia.com.br\/jirau-energia-recebe-acao-educativa-do-detran-ro-no-maio-amarelo-com-foco-na-valorizacao-da-vida\/#breadcrumb","itemListElement":[{"@type":"ListItem","position":1,"name":"In\u00edcio","item":"https:\/\/www.jirauenergia.com.br\/"},{"@type":"ListItem","position":2,"name":"JIRAU ENERGIA RECEBE A\u00c7\u00c3O EDUCATIVA DO DETRAN-RO NO MAIO AMARELO COM FOCO NA VALORIZA\u00c7\u00c3O DA VIDA"}]},{"@type":"WebSite","@id":"https:\/\/www.jirauenergia.com.br\/#website","url":"https:\/\/www.jirauenergia.com.br\/","name":"JIRAU ENERGY","description":"","publisher":{"@id":"https:\/\/www.jirauenergia.com.br\/#organization"},"potentialAction":[{"@type":"SearchAction","target":{"@type":"EntryPoint","urlTemplate":"https:\/\/www.jirauenergia.com.br\/?s={search_term_string}"},"query-input":{"@type":"PropertyValueSpecification","valueRequired":true,"valueName":"search_term_string"}}],"inLanguage":"en-US"},{"@type":"Organization","@id":"https:\/\/www.jirauenergia.com.br\/#organization","name":"JIRAU ENERGY","url":"https:\/\/www.jirauenergia.com.br\/","logo":{"@type":"ImageObject","inLanguage":"en-US","@id":"https:\/\/www.jirauenergia.com.br\/#\/schema\/logo\/image\/","url":"https:\/\/www.jirauenergia.com.br\/wp-content\/uploads\/2021\/06\/cropped-logo-jirau-energia-1-1.png","contentUrl":"https:\/\/www.jirauenergia.com.br\/wp-content\/uploads\/2021\/06\/cropped-logo-jirau-energia-1-1.png","width":300,"height":86,"caption":"Jirau Energia"},"image":{"@id":"https:\/\/www.jirauenergia.com.br\/#\/schema\/logo\/image\/"}},{"@type":"Person","@id":"https:\/\/www.jirauenergia.com.br\/#\/schema\/person\/58029cf7ee8500cc847d8b5a0c3c026e","name":"Luan Moura","image":{"@type":"ImageObject","inLanguage":"en-US","@id":"https:\/\/www.jirauenergia.com.br\/#\/schema\/person\/image\/","url":"https:\/\/secure.gravatar.com\/avatar\/53829106ec1551655270f39e9e3a9f216a17c24a0966f011cda9a98b3a63b7be?s=96&d=mm&r=g","contentUrl":"https:\/\/secure.gravatar.com\/avatar\/53829106ec1551655270f39e9e3a9f216a17c24a0966f011cda9a98b3a63b7be?s=96&d=mm&r=g","caption":"Luan Moura"},"url":"https:\/\/www.jirauenergia.com.br\/en\/author\/luan\/"}]}},"_links":{"self":[{"href":"https:\/\/www.jirauenergia.com.br\/en\/wp-json\/wp\/v2\/posts\/19258","targetHints":{"allow":["GET"]}}],"collection":[{"href":"https:\/\/www.jirauenergia.com.br\/en\/wp-json\/wp\/v2\/posts"}],"about":[{"href":"https:\/\/www.jirauenergia.com.br\/en\/wp-json\/wp\/v2\/types\/post"}],"author":[{"embeddable":true,"href":"https:\/\/www.jirauenergia.com.br\/en\/wp-json\/wp\/v2\/users\/85"}],"replies":[{"embeddable":true,"href":"https:\/\/www.jirauenergia.com.br\/en\/wp-json\/wp\/v2\/comments?post=19258"}],"version-history":[{"count":1,"href":"https:\/\/www.jirauenergia.com.br\/en\/wp-json\/wp\/v2\/posts\/19258\/revisions"}],"predecessor-version":[{"id":19260,"href":"https:\/\/www.jirauenergia.com.br\/en\/wp-json\/wp\/v2\/posts\/19258\/revisions\/19260"}],"wp:featuredmedia":[{"embeddable":true,"href":"https:\/\/www.jirauenergia.com.br\/en\/wp-json\/wp\/v2\/media\/19259"}],"wp:attachment":[{"href":"https:\/\/www.jirauenergia.com.br\/en\/wp-json\/wp\/v2\/media?parent=19258"}],"wp:term":[{"taxonomy":"category","embeddable":true,"href":"https:\/\/www.jirauenergia.com.br\/en\/wp-json\/wp\/v2\/categories?post=19258"},{"taxonomy":"post_tag","embeddable":true,"href":"https:\/\/www.jirauenergia.com.br\/en\/wp-json\/wp\/v2\/tags?post=19258"},{"taxonomy":"tipo_de_noticias","embeddable":true,"href":"https:\/\/www.jirauenergia.com.br\/en\/wp-json\/wp\/v2\/tipo_de_noticias?post=19258"},{"taxonomy":"tipos_de_inovacao","embeddable":true,"href":"https:\/\/www.jirauenergia.com.br\/en\/wp-json\/wp\/v2\/tipos_de_inovacao?post=19258"},{"taxonomy":"categoria_episodios","embeddable":true,"href":"https:\/\/www.jirauenergia.com.br\/en\/wp-json\/wp\/v2\/categoria_episodios?post=19258"},{"taxonomy":"categorias_de_vaga","embeddable":true,"href":"https:\/\/www.jirauenergia.com.br\/en\/wp-json\/wp\/v2\/categorias_de_vaga?post=19258"},{"taxonomy":"categoria_de_programas","embeddable":true,"href":"https:\/\/www.jirauenergia.com.br\/en\/wp-json\/wp\/v2\/categoria_de_programas?post=19258"},{"taxonomy":"alfabeto_glossario","embeddable":true,"href":"https:\/\/www.jirauenergia.com.br\/en\/wp-json\/wp\/v2\/alfabeto_glossario?post=19258"},{"taxonomy":"categorias_de_pdf","embeddable":true,"href":"https:\/\/www.jirauenergia.com.br\/en\/wp-json\/wp\/v2\/categorias_de_pdf?post=19258"},{"taxonomy":"projetos_pdi","embeddable":true,"href":"https:\/\/www.jirauenergia.com.br\/en\/wp-json\/wp\/v2\/projetos_pdi?post=19258"}],"curies":[{"name":"wp","href":"https:\/\/api.w.org\/{rel}","templated":true}]}}