{"id":19189,"date":"2025-06-27T10:46:00","date_gmt":"2025-06-27T13:46:00","guid":{"rendered":"https:\/\/www.jirauenergia.com.br\/?p=19189"},"modified":"2025-07-02T10:50:03","modified_gmt":"2025-07-02T13:50:03","slug":"jirau-energia-realiza-3a-feira-de-conscientizacao-e-prevencao-contra-queimadas","status":"publish","type":"post","link":"https:\/\/www.jirauenergia.com.br\/en\/jirau-energia-realiza-3a-feira-de-conscientizacao-e-prevencao-contra-queimadas\/","title":{"rendered":"JIRAU ENERGIA REALIZA 3\u00aa FEIRA DE CONSCIENTIZA\u00c7\u00c3O E PREVEN\u00c7\u00c3O CONTRA QUEIMADAS"},"content":{"rendered":"<p><em>Evento reuniu estudantes e popula\u00e7\u00e3o em geral no Galp\u00e3o da Feira, em Nova Mutum Paran\u00e1<\/em>.<\/p>\n\n\n\n<p>A Jirau Energia realizou, nesta quarta (25), a terceira edi\u00e7\u00e3o da Feira de Conscientiza\u00e7\u00e3o e Preven\u00e7\u00e3o Contra Queimadas, com o objetivo de continuar ampliando o di\u00e1logo sobre os riscos das queimadas e fortalecer a cultura de preven\u00e7\u00e3o junto \u00e0s comunidades da regi\u00e3o. O evento aconteceu no Galp\u00e3o da Feira, em Nova Mutum Paran\u00e1, e contou com a participa\u00e7\u00e3o de aproximadamente 673 pessoas, entre popula\u00e7\u00e3o em geral, alunos e professoras das escolas de Nossa Senhora de Nazar\u00e9, Boa Esperan\u00e7a, Ol\u00edmpia Salvatore e Encantos de Mutum.<\/p>\n\n\n\n<p>A programa\u00e7\u00e3o contou com diversas atividades ao longo do dia, como visita\u00e7\u00f5es ao Planet\u00e1rio AstroIFRO, Campus Calama, do Instituto Federal de Rond\u00f4nia, exposi\u00e7\u00f5es educativas em estandes de institui\u00e7\u00f5es parceiras, apresenta\u00e7\u00f5es culturais e comercializa\u00e7\u00e3o de alimentos por empreendedoras locais no per\u00edodo da noite.<\/p>\n\n\n\n<p>Durante a abertura, o Gerente de Meio Ambiente e Socioeconomia da Jirau Energia, Ver\u00edssimo Neto, destacou a import\u00e2ncia da atua\u00e7\u00e3o conjunta na preven\u00e7\u00e3o \u00e0s queimadas. \u201cMais do que combater o fogo, acreditamos na for\u00e7a da educa\u00e7\u00e3o e do envolvimento comunit\u00e1rio para mudar a realidade. Ao longo dos \u00faltimos 15 anos, essa iniciativa vem ganhando corpo, somando esfor\u00e7os com diversas institui\u00e7\u00f5es e levando conscientiza\u00e7\u00e3o para milhares de pessoas. \u00c9 uma constru\u00e7\u00e3o coletiva que nos enche de orgulho\u201d, afirmou.<\/p>\n\n\n\n<p>O Supervisor Estadual de Brigada do PREVFOGO\/Ibama, Ivan Rosa de Paula \u201cA proposta deste evento \u00e9 levar conscientiza\u00e7\u00e3o para as crian\u00e7as, para que elas se tornem multiplicadoras desse conhecimento em casa, sensibilizando suas fam\u00edlias sobre os riscos das queimadas. Assim, promovemos mais sa\u00fade para todos e contribu\u00edmos com a preserva\u00e7\u00e3o do meio ambiente.\u201d Pontuou Ivan.<\/p>\n\n\n\n<p>Ao longo do dia, os estudantes visitaram os estandes das institui\u00e7\u00f5es participantes, que apresentaram a\u00e7\u00f5es de preven\u00e7\u00e3o, pesquisa e monitoramento ambiental. Participaram da feira representantes do PrevFogo\/Ibama, Embrapa, Eletrobr\u00e1s, Sebrae, Defesa Civil, Sema, Sedam, Semagric, IFRO Campus Calama, Corpo de Bombeiros, ASMUNOMU, Observat\u00f3rio Socioambiental e COOPPROJIRAU com o Programa de Educa\u00e7\u00e3o Ambiental da Usina Jirau.<\/p>\n\n\n\n<p>A feira \u00e9 uma das a\u00e7\u00f5es do Programa de Educa\u00e7\u00e3o Ambiental da Jirau Energia e tem como objetivo formar multiplicadores do conhecimento, especialmente entre o p\u00fablico jovem, promovendo o engajamento para pr\u00e1ticas mais sustent\u00e1veis e seguras frente aos desafios clim\u00e1ticos da regi\u00e3o.<\/p>","protected":false},"excerpt":{"rendered":"<p>Evento reuniu estudantes e popula\u00e7\u00e3o em geral no Galp\u00e3o da Feira, em Nova Mutum Paran\u00e1. A Jirau Energia realizou, nesta quarta (25), a terceira edi\u00e7\u00e3o da Feira de Conscientiza\u00e7\u00e3o e Preven\u00e7\u00e3o Contra Queimadas, com o objetivo de continuar ampliando o di\u00e1logo sobre os riscos das queimadas e fortalecer a cultura de preven\u00e7\u00e3o junto \u00e0s comunidades [&hellip;]<\/p>","protected":false},"author":85,"featured_media":19190,"comment_status":"open","ping_status":"open","sticky":false,"template":"","format":"standard","meta":{"_acf_changed":false,"footnotes":""},"categories":[37],"tags":[],"tipo_de_noticias":[15],"tipos_de_inovacao":[],"categoria_episodios":[],"categorias_de_vaga":[],"categoria_de_programas":[],"alfabeto_glossario":[],"categorias_de_pdf":[],"projetos_pdi":[],"class_list":["post-19189","post","type-post","status-publish","format-standard","has-post-thumbnail","hentry","category-noticias","tipo_de_noticias-noticias"],"acf":[],"yoast_head":"<!-- This site is optimized with the Yoast SEO plugin v25.9 - https:\/\/yoast.com\/wordpress\/plugins\/seo\/ -->\n<title>JIRAU ENERGIA REALIZA 3\u00aa FEIRA DE CONSCIENTIZA\u00c7\u00c3O E PREVEN\u00c7\u00c3O CONTRA QUEIMADAS - Jirau Energia<\/title>\n<meta name=\"robots\" content=\"index, follow, max-snippet:-1, max-image-preview:large, max-video-preview:-1\" \/>\n<link rel=\"canonical\" href=\"https:\/\/www.jirauenergia.com.br\/en\/jirau-energia-realiza-3a-feira-de-conscientizacao-e-prevencao-contra-queimadas\/\" \/>\n<meta property=\"og:locale\" content=\"en_US\" \/>\n<meta property=\"og:type\" content=\"article\" \/>\n<meta property=\"og:title\" content=\"JIRAU ENERGIA REALIZA 3\u00aa FEIRA DE CONSCIENTIZA\u00c7\u00c3O E PREVEN\u00c7\u00c3O CONTRA QUEIMADAS - Jirau Energia\" \/>\n<meta property=\"og:description\" content=\"Evento reuniu estudantes e popula\u00e7\u00e3o em geral no Galp\u00e3o da Feira, em Nova Mutum Paran\u00e1. A Jirau Energia realizou, nesta quarta (25), a terceira edi\u00e7\u00e3o da Feira de Conscientiza\u00e7\u00e3o e Preven\u00e7\u00e3o Contra Queimadas, com o objetivo de continuar ampliando o di\u00e1logo sobre os riscos das queimadas e fortalecer a cultura de preven\u00e7\u00e3o junto \u00e0s comunidades [&hellip;]\" \/>\n<meta property=\"og:url\" content=\"https:\/\/www.jirauenergia.com.br\/en\/jirau-energia-realiza-3a-feira-de-conscientizacao-e-prevencao-contra-queimadas\/\" \/>\n<meta property=\"og:site_name\" content=\"Jirau Energia\" \/>\n<meta property=\"article:published_time\" content=\"2025-06-27T13:46:00+00:00\" \/>\n<meta property=\"article:modified_time\" content=\"2025-07-02T13:50:03+00:00\" \/>\n<meta property=\"og:image\" content=\"https:\/\/www.jirauenergia.com.br\/wp-content\/uploads\/2025\/07\/3a-FEIRA-DE-CONSCIENTIZACAO-E-PREVENCAO-CONTRA-QUEIMADAS.jpg\" \/>\n\t<meta property=\"og:image:width\" content=\"2000\" \/>\n\t<meta property=\"og:image:height\" content=\"1333\" \/>\n\t<meta property=\"og:image:type\" content=\"image\/jpeg\" \/>\n<meta name=\"author\" content=\"Luan Moura\" \/>\n<meta name=\"twitter:card\" content=\"summary_large_image\" \/>\n<meta name=\"twitter:label1\" content=\"Written by\" \/>\n\t<meta name=\"twitter:data1\" content=\"Luan Moura\" \/>\n\t<meta name=\"twitter:label2\" content=\"Est. reading time\" \/>\n\t<meta name=\"twitter:data2\" content=\"3 minutes\" \/>\n<script type=\"application\/ld+json\" class=\"yoast-schema-graph\">{\"@context\":\"https:\/\/schema.org\",\"@graph\":[{\"@type\":\"Article\",\"@id\":\"https:\/\/www.jirauenergia.com.br\/jirau-energia-realiza-3a-feira-de-conscientizacao-e-prevencao-contra-queimadas\/#article\",\"isPartOf\":{\"@id\":\"https:\/\/www.jirauenergia.com.br\/jirau-energia-realiza-3a-feira-de-conscientizacao-e-prevencao-contra-queimadas\/\"},\"author\":{\"name\":\"Luan Moura\",\"@id\":\"https:\/\/www.jirauenergia.com.br\/#\/schema\/person\/58029cf7ee8500cc847d8b5a0c3c026e\"},\"headline\":\"JIRAU ENERGIA REALIZA 3\u00aa FEIRA DE CONSCIENTIZA\u00c7\u00c3O E PREVEN\u00c7\u00c3O CONTRA QUEIMADAS\",\"datePublished\":\"2025-06-27T13:46:00+00:00\",\"dateModified\":\"2025-07-02T13:50:03+00:00\",\"mainEntityOfPage\":{\"@id\":\"https:\/\/www.jirauenergia.com.br\/jirau-energia-realiza-3a-feira-de-conscientizacao-e-prevencao-contra-queimadas\/\"},\"wordCount\":430,\"commentCount\":0,\"publisher\":{\"@id\":\"https:\/\/www.jirauenergia.com.br\/#organization\"},\"image\":{\"@id\":\"https:\/\/www.jirauenergia.com.br\/jirau-energia-realiza-3a-feira-de-conscientizacao-e-prevencao-contra-queimadas\/#primaryimage\"},\"thumbnailUrl\":\"https:\/\/www.jirauenergia.com.br\/wp-content\/uploads\/2025\/07\/3a-FEIRA-DE-CONSCIENTIZACAO-E-PREVENCAO-CONTRA-QUEIMADAS.jpg\",\"articleSection\":[\"Not\u00edcias\"],\"inLanguage\":\"en-US\",\"potentialAction\":[{\"@type\":\"CommentAction\",\"name\":\"Comment\",\"target\":[\"https:\/\/www.jirauenergia.com.br\/jirau-energia-realiza-3a-feira-de-conscientizacao-e-prevencao-contra-queimadas\/#respond\"]}]},{\"@type\":\"WebPage\",\"@id\":\"https:\/\/www.jirauenergia.com.br\/jirau-energia-realiza-3a-feira-de-conscientizacao-e-prevencao-contra-queimadas\/\",\"url\":\"https:\/\/www.jirauenergia.com.br\/jirau-energia-realiza-3a-feira-de-conscientizacao-e-prevencao-contra-queimadas\/\",\"name\":\"JIRAU ENERGIA REALIZA 3\u00aa FEIRA DE CONSCIENTIZA\u00c7\u00c3O E PREVEN\u00c7\u00c3O CONTRA QUEIMADAS - Jirau Energia\",\"isPartOf\":{\"@id\":\"https:\/\/www.jirauenergia.com.br\/#website\"},\"primaryImageOfPage\":{\"@id\":\"https:\/\/www.jirauenergia.com.br\/jirau-energia-realiza-3a-feira-de-conscientizacao-e-prevencao-contra-queimadas\/#primaryimage\"},\"image\":{\"@id\":\"https:\/\/www.jirauenergia.com.br\/jirau-energia-realiza-3a-feira-de-conscientizacao-e-prevencao-contra-queimadas\/#primaryimage\"},\"thumbnailUrl\":\"https:\/\/www.jirauenergia.com.br\/wp-content\/uploads\/2025\/07\/3a-FEIRA-DE-CONSCIENTIZACAO-E-PREVENCAO-CONTRA-QUEIMADAS.jpg\",\"datePublished\":\"2025-06-27T13:46:00+00:00\",\"dateModified\":\"2025-07-02T13:50:03+00:00\",\"breadcrumb\":{\"@id\":\"https:\/\/www.jirauenergia.com.br\/jirau-energia-realiza-3a-feira-de-conscientizacao-e-prevencao-contra-queimadas\/#breadcrumb\"},\"inLanguage\":\"en-US\",\"potentialAction\":[{\"@type\":\"ReadAction\",\"target\":[\"https:\/\/www.jirauenergia.com.br\/jirau-energia-realiza-3a-feira-de-conscientizacao-e-prevencao-contra-queimadas\/\"]}]},{\"@type\":\"ImageObject\",\"inLanguage\":\"en-US\",\"@id\":\"https:\/\/www.jirauenergia.com.br\/jirau-energia-realiza-3a-feira-de-conscientizacao-e-prevencao-contra-queimadas\/#primaryimage\",\"url\":\"https:\/\/www.jirauenergia.com.br\/wp-content\/uploads\/2025\/07\/3a-FEIRA-DE-CONSCIENTIZACAO-E-PREVENCAO-CONTRA-QUEIMADAS.jpg\",\"contentUrl\":\"https:\/\/www.jirauenergia.com.br\/wp-content\/uploads\/2025\/07\/3a-FEIRA-DE-CONSCIENTIZACAO-E-PREVENCAO-CONTRA-QUEIMADAS.jpg\",\"width\":2000,\"height\":1333},{\"@type\":\"BreadcrumbList\",\"@id\":\"https:\/\/www.jirauenergia.com.br\/jirau-energia-realiza-3a-feira-de-conscientizacao-e-prevencao-contra-queimadas\/#breadcrumb\",\"itemListElement\":[{\"@type\":\"ListItem\",\"position\":1,\"name\":\"In\u00edcio\",\"item\":\"https:\/\/www.jirauenergia.com.br\/\"},{\"@type\":\"ListItem\",\"position\":2,\"name\":\"JIRAU ENERGIA REALIZA 3\u00aa FEIRA DE CONSCIENTIZA\u00c7\u00c3O E PREVEN\u00c7\u00c3O CONTRA QUEIMADAS\"}]},{\"@type\":\"WebSite\",\"@id\":\"https:\/\/www.jirauenergia.com.br\/#website\",\"url\":\"https:\/\/www.jirauenergia.com.br\/\",\"name\":\"Jirau Energia\",\"description\":\"\",\"publisher\":{\"@id\":\"https:\/\/www.jirauenergia.com.br\/#organization\"},\"potentialAction\":[{\"@type\":\"SearchAction\",\"target\":{\"@type\":\"EntryPoint\",\"urlTemplate\":\"https:\/\/www.jirauenergia.com.br\/?s={search_term_string}\"},\"query-input\":{\"@type\":\"PropertyValueSpecification\",\"valueRequired\":true,\"valueName\":\"search_term_string\"}}],\"inLanguage\":\"en-US\"},{\"@type\":\"Organization\",\"@id\":\"https:\/\/www.jirauenergia.com.br\/#organization\",\"name\":\"Jirau Energia\",\"url\":\"https:\/\/www.jirauenergia.com.br\/\",\"logo\":{\"@type\":\"ImageObject\",\"inLanguage\":\"en-US\",\"@id\":\"https:\/\/www.jirauenergia.com.br\/#\/schema\/logo\/image\/\",\"url\":\"https:\/\/www.jirauenergia.com.br\/wp-content\/uploads\/2021\/06\/cropped-logo-jirau-energia-1-1.png\",\"contentUrl\":\"https:\/\/www.jirauenergia.com.br\/wp-content\/uploads\/2021\/06\/cropped-logo-jirau-energia-1-1.png\",\"width\":300,\"height\":86,\"caption\":\"Jirau Energia\"},\"image\":{\"@id\":\"https:\/\/www.jirauenergia.com.br\/#\/schema\/logo\/image\/\"}},{\"@type\":\"Person\",\"@id\":\"https:\/\/www.jirauenergia.com.br\/#\/schema\/person\/58029cf7ee8500cc847d8b5a0c3c026e\",\"name\":\"Luan Moura\",\"image\":{\"@type\":\"ImageObject\",\"inLanguage\":\"en-US\",\"@id\":\"https:\/\/www.jirauenergia.com.br\/#\/schema\/person\/image\/\",\"url\":\"https:\/\/secure.gravatar.com\/avatar\/53829106ec1551655270f39e9e3a9f216a17c24a0966f011cda9a98b3a63b7be?s=96&d=mm&r=g\",\"contentUrl\":\"https:\/\/secure.gravatar.com\/avatar\/53829106ec1551655270f39e9e3a9f216a17c24a0966f011cda9a98b3a63b7be?s=96&d=mm&r=g\",\"caption\":\"Luan Moura\"},\"url\":\"https:\/\/www.jirauenergia.com.br\/en\/author\/luan\/\"}]}<\/script>\n<!-- \/ Yoast SEO plugin. -->","yoast_head_json":{"title":"JIRAU ENERGIA REALIZA 3\u00aa FEIRA DE CONSCIENTIZA\u00c7\u00c3O E PREVEN\u00c7\u00c3O CONTRA QUEIMADAS - Jirau Energia","robots":{"index":"index","follow":"follow","max-snippet":"max-snippet:-1","max-image-preview":"max-image-preview:large","max-video-preview":"max-video-preview:-1"},"canonical":"https:\/\/www.jirauenergia.com.br\/en\/jirau-energia-realiza-3a-feira-de-conscientizacao-e-prevencao-contra-queimadas\/","og_locale":"en_US","og_type":"article","og_title":"JIRAU ENERGIA REALIZA 3\u00aa FEIRA DE CONSCIENTIZA\u00c7\u00c3O E PREVEN\u00c7\u00c3O CONTRA QUEIMADAS - Jirau Energia","og_description":"Evento reuniu estudantes e popula\u00e7\u00e3o em geral no Galp\u00e3o da Feira, em Nova Mutum Paran\u00e1. A Jirau Energia realizou, nesta quarta (25), a terceira edi\u00e7\u00e3o da Feira de Conscientiza\u00e7\u00e3o e Preven\u00e7\u00e3o Contra Queimadas, com o objetivo de continuar ampliando o di\u00e1logo sobre os riscos das queimadas e fortalecer a cultura de preven\u00e7\u00e3o junto \u00e0s comunidades [&hellip;]","og_url":"https:\/\/www.jirauenergia.com.br\/en\/jirau-energia-realiza-3a-feira-de-conscientizacao-e-prevencao-contra-queimadas\/","og_site_name":"Jirau Energia","article_published_time":"2025-06-27T13:46:00+00:00","article_modified_time":"2025-07-02T13:50:03+00:00","og_image":[{"width":2000,"height":1333,"url":"https:\/\/www.jirauenergia.com.br\/wp-content\/uploads\/2025\/07\/3a-FEIRA-DE-CONSCIENTIZACAO-E-PREVENCAO-CONTRA-QUEIMADAS.jpg","type":"image\/jpeg"}],"author":"Luan Moura","twitter_card":"summary_large_image","twitter_misc":{"Written by":"Luan Moura","Est. reading time":"3 minutes"},"schema":{"@context":"https:\/\/schema.org","@graph":[{"@type":"Article","@id":"https:\/\/www.jirauenergia.com.br\/jirau-energia-realiza-3a-feira-de-conscientizacao-e-prevencao-contra-queimadas\/#article","isPartOf":{"@id":"https:\/\/www.jirauenergia.com.br\/jirau-energia-realiza-3a-feira-de-conscientizacao-e-prevencao-contra-queimadas\/"},"author":{"name":"Luan Moura","@id":"https:\/\/www.jirauenergia.com.br\/#\/schema\/person\/58029cf7ee8500cc847d8b5a0c3c026e"},"headline":"JIRAU ENERGIA REALIZA 3\u00aa FEIRA DE CONSCIENTIZA\u00c7\u00c3O E PREVEN\u00c7\u00c3O CONTRA QUEIMADAS","datePublished":"2025-06-27T13:46:00+00:00","dateModified":"2025-07-02T13:50:03+00:00","mainEntityOfPage":{"@id":"https:\/\/www.jirauenergia.com.br\/jirau-energia-realiza-3a-feira-de-conscientizacao-e-prevencao-contra-queimadas\/"},"wordCount":430,"commentCount":0,"publisher":{"@id":"https:\/\/www.jirauenergia.com.br\/#organization"},"image":{"@id":"https:\/\/www.jirauenergia.com.br\/jirau-energia-realiza-3a-feira-de-conscientizacao-e-prevencao-contra-queimadas\/#primaryimage"},"thumbnailUrl":"https:\/\/www.jirauenergia.com.br\/wp-content\/uploads\/2025\/07\/3a-FEIRA-DE-CONSCIENTIZACAO-E-PREVENCAO-CONTRA-QUEIMADAS.jpg","articleSection":["Not\u00edcias"],"inLanguage":"en-US","potentialAction":[{"@type":"CommentAction","name":"Comment","target":["https:\/\/www.jirauenergia.com.br\/jirau-energia-realiza-3a-feira-de-conscientizacao-e-prevencao-contra-queimadas\/#respond"]}]},{"@type":"WebPage","@id":"https:\/\/www.jirauenergia.com.br\/jirau-energia-realiza-3a-feira-de-conscientizacao-e-prevencao-contra-queimadas\/","url":"https:\/\/www.jirauenergia.com.br\/jirau-energia-realiza-3a-feira-de-conscientizacao-e-prevencao-contra-queimadas\/","name":"JIRAU ENERGIA REALIZA 3\u00aa FEIRA DE CONSCIENTIZA\u00c7\u00c3O E PREVEN\u00c7\u00c3O CONTRA QUEIMADAS - Jirau Energia","isPartOf":{"@id":"https:\/\/www.jirauenergia.com.br\/#website"},"primaryImageOfPage":{"@id":"https:\/\/www.jirauenergia.com.br\/jirau-energia-realiza-3a-feira-de-conscientizacao-e-prevencao-contra-queimadas\/#primaryimage"},"image":{"@id":"https:\/\/www.jirauenergia.com.br\/jirau-energia-realiza-3a-feira-de-conscientizacao-e-prevencao-contra-queimadas\/#primaryimage"},"thumbnailUrl":"https:\/\/www.jirauenergia.com.br\/wp-content\/uploads\/2025\/07\/3a-FEIRA-DE-CONSCIENTIZACAO-E-PREVENCAO-CONTRA-QUEIMADAS.jpg","datePublished":"2025-06-27T13:46:00+00:00","dateModified":"2025-07-02T13:50:03+00:00","breadcrumb":{"@id":"https:\/\/www.jirauenergia.com.br\/jirau-energia-realiza-3a-feira-de-conscientizacao-e-prevencao-contra-queimadas\/#breadcrumb"},"inLanguage":"en-US","potentialAction":[{"@type":"ReadAction","target":["https:\/\/www.jirauenergia.com.br\/jirau-energia-realiza-3a-feira-de-conscientizacao-e-prevencao-contra-queimadas\/"]}]},{"@type":"ImageObject","inLanguage":"en-US","@id":"https:\/\/www.jirauenergia.com.br\/jirau-energia-realiza-3a-feira-de-conscientizacao-e-prevencao-contra-queimadas\/#primaryimage","url":"https:\/\/www.jirauenergia.com.br\/wp-content\/uploads\/2025\/07\/3a-FEIRA-DE-CONSCIENTIZACAO-E-PREVENCAO-CONTRA-QUEIMADAS.jpg","contentUrl":"https:\/\/www.jirauenergia.com.br\/wp-content\/uploads\/2025\/07\/3a-FEIRA-DE-CONSCIENTIZACAO-E-PREVENCAO-CONTRA-QUEIMADAS.jpg","width":2000,"height":1333},{"@type":"BreadcrumbList","@id":"https:\/\/www.jirauenergia.com.br\/jirau-energia-realiza-3a-feira-de-conscientizacao-e-prevencao-contra-queimadas\/#breadcrumb","itemListElement":[{"@type":"ListItem","position":1,"name":"In\u00edcio","item":"https:\/\/www.jirauenergia.com.br\/"},{"@type":"ListItem","position":2,"name":"JIRAU ENERGIA REALIZA 3\u00aa FEIRA DE CONSCIENTIZA\u00c7\u00c3O E PREVEN\u00c7\u00c3O CONTRA QUEIMADAS"}]},{"@type":"WebSite","@id":"https:\/\/www.jirauenergia.com.br\/#website","url":"https:\/\/www.jirauenergia.com.br\/","name":"JIRAU ENERGY","description":"","publisher":{"@id":"https:\/\/www.jirauenergia.com.br\/#organization"},"potentialAction":[{"@type":"SearchAction","target":{"@type":"EntryPoint","urlTemplate":"https:\/\/www.jirauenergia.com.br\/?s={search_term_string}"},"query-input":{"@type":"PropertyValueSpecification","valueRequired":true,"valueName":"search_term_string"}}],"inLanguage":"en-US"},{"@type":"Organization","@id":"https:\/\/www.jirauenergia.com.br\/#organization","name":"JIRAU ENERGY","url":"https:\/\/www.jirauenergia.com.br\/","logo":{"@type":"ImageObject","inLanguage":"en-US","@id":"https:\/\/www.jirauenergia.com.br\/#\/schema\/logo\/image\/","url":"https:\/\/www.jirauenergia.com.br\/wp-content\/uploads\/2021\/06\/cropped-logo-jirau-energia-1-1.png","contentUrl":"https:\/\/www.jirauenergia.com.br\/wp-content\/uploads\/2021\/06\/cropped-logo-jirau-energia-1-1.png","width":300,"height":86,"caption":"Jirau Energia"},"image":{"@id":"https:\/\/www.jirauenergia.com.br\/#\/schema\/logo\/image\/"}},{"@type":"Person","@id":"https:\/\/www.jirauenergia.com.br\/#\/schema\/person\/58029cf7ee8500cc847d8b5a0c3c026e","name":"Luan Moura","image":{"@type":"ImageObject","inLanguage":"en-US","@id":"https:\/\/www.jirauenergia.com.br\/#\/schema\/person\/image\/","url":"https:\/\/secure.gravatar.com\/avatar\/53829106ec1551655270f39e9e3a9f216a17c24a0966f011cda9a98b3a63b7be?s=96&d=mm&r=g","contentUrl":"https:\/\/secure.gravatar.com\/avatar\/53829106ec1551655270f39e9e3a9f216a17c24a0966f011cda9a98b3a63b7be?s=96&d=mm&r=g","caption":"Luan Moura"},"url":"https:\/\/www.jirauenergia.com.br\/en\/author\/luan\/"}]}},"_links":{"self":[{"href":"https:\/\/www.jirauenergia.com.br\/en\/wp-json\/wp\/v2\/posts\/19189","targetHints":{"allow":["GET"]}}],"collection":[{"href":"https:\/\/www.jirauenergia.com.br\/en\/wp-json\/wp\/v2\/posts"}],"about":[{"href":"https:\/\/www.jirauenergia.com.br\/en\/wp-json\/wp\/v2\/types\/post"}],"author":[{"embeddable":true,"href":"https:\/\/www.jirauenergia.com.br\/en\/wp-json\/wp\/v2\/users\/85"}],"replies":[{"embeddable":true,"href":"https:\/\/www.jirauenergia.com.br\/en\/wp-json\/wp\/v2\/comments?post=19189"}],"version-history":[{"count":1,"href":"https:\/\/www.jirauenergia.com.br\/en\/wp-json\/wp\/v2\/posts\/19189\/revisions"}],"predecessor-version":[{"id":19191,"href":"https:\/\/www.jirauenergia.com.br\/en\/wp-json\/wp\/v2\/posts\/19189\/revisions\/19191"}],"wp:featuredmedia":[{"embeddable":true,"href":"https:\/\/www.jirauenergia.com.br\/en\/wp-json\/wp\/v2\/media\/19190"}],"wp:attachment":[{"href":"https:\/\/www.jirauenergia.com.br\/en\/wp-json\/wp\/v2\/media?parent=19189"}],"wp:term":[{"taxonomy":"category","embeddable":true,"href":"https:\/\/www.jirauenergia.com.br\/en\/wp-json\/wp\/v2\/categories?post=19189"},{"taxonomy":"post_tag","embeddable":true,"href":"https:\/\/www.jirauenergia.com.br\/en\/wp-json\/wp\/v2\/tags?post=19189"},{"taxonomy":"tipo_de_noticias","embeddable":true,"href":"https:\/\/www.jirauenergia.com.br\/en\/wp-json\/wp\/v2\/tipo_de_noticias?post=19189"},{"taxonomy":"tipos_de_inovacao","embeddable":true,"href":"https:\/\/www.jirauenergia.com.br\/en\/wp-json\/wp\/v2\/tipos_de_inovacao?post=19189"},{"taxonomy":"categoria_episodios","embeddable":true,"href":"https:\/\/www.jirauenergia.com.br\/en\/wp-json\/wp\/v2\/categoria_episodios?post=19189"},{"taxonomy":"categorias_de_vaga","embeddable":true,"href":"https:\/\/www.jirauenergia.com.br\/en\/wp-json\/wp\/v2\/categorias_de_vaga?post=19189"},{"taxonomy":"categoria_de_programas","embeddable":true,"href":"https:\/\/www.jirauenergia.com.br\/en\/wp-json\/wp\/v2\/categoria_de_programas?post=19189"},{"taxonomy":"alfabeto_glossario","embeddable":true,"href":"https:\/\/www.jirauenergia.com.br\/en\/wp-json\/wp\/v2\/alfabeto_glossario?post=19189"},{"taxonomy":"categorias_de_pdf","embeddable":true,"href":"https:\/\/www.jirauenergia.com.br\/en\/wp-json\/wp\/v2\/categorias_de_pdf?post=19189"},{"taxonomy":"projetos_pdi","embeddable":true,"href":"https:\/\/www.jirauenergia.com.br\/en\/wp-json\/wp\/v2\/projetos_pdi?post=19189"}],"curies":[{"name":"wp","href":"https:\/\/api.w.org\/{rel}","templated":true}]}}