{"id":19184,"date":"2025-06-27T12:05:33","date_gmt":"2025-06-27T15:05:33","guid":{"rendered":"https:\/\/www.jirauenergia.com.br\/?p=19184"},"modified":"2025-08-08T16:43:37","modified_gmt":"2025-08-08T19:43:37","slug":"jirau-energia-realiza-semana-do-meio-ambiente-com-acoes-educativas-e-de-conscientizacao-socioambiental","status":"publish","type":"post","link":"https:\/\/www.jirauenergia.com.br\/en\/jirau-energia-realiza-semana-do-meio-ambiente-com-acoes-educativas-e-de-conscientizacao-socioambiental\/","title":{"rendered":"JIRAU ENERGIA REALIZA SEMANA DO MEIO AMBIENTE COM A\u00c7\u00d5ES EDUCATIVAS E DE CONSCIENTIZA\u00c7\u00c3O SOCIOAMBIENTAL"},"content":{"rendered":"<p><em>Programa\u00e7\u00e3o contemplou empregados pr\u00f3prios e terceirizados da usina Jirau, al\u00e9m de alunos e moradores de Nova Mutum Paran\u00e1 e regi\u00e3o.<\/em><\/p>\n\n\n\n<div class=\"wp-block-group is-nowrap is-layout-flex wp-container-core-group-is-layout-ad2f72ca wp-block-group-is-layout-flex\">\n<p>A Semana de Meio Ambiente da Jirau Energia, realizada entre os dias 2 e 6 de junho, foi marcada por uma s\u00e9rie de atividades voltadas \u00e0 conscientiza\u00e7\u00e3o ambiental. A iniciativa integra o Programa de Educa\u00e7\u00e3o Ambiental (PEA), que neste ano celebra seus 15 anos de hist\u00f3ria e atua\u00e7\u00e3o, e tem como objetivo promover estimular atitudes respons\u00e1veis em rela\u00e7\u00e3o ao planeta, com foco em a\u00e7\u00f5es realizadas diariamente dentro e fora da usina.<\/p>\n<\/div>\n\n\n\n<p>A programa\u00e7\u00e3o teve in\u00edcio na segunda-feira (2), com a abertura oficial durante a Parada de Meio Ambiente, que reuniu cerca de 700 empregados pr\u00f3prios e terceirizados da usina Jirau. Ao longo da semana, no hor\u00e1rio de almo\u00e7o, foram apresentados projetos socioambientais executados por profissionais da Jirau Energia, empresas parceiras, al\u00e9m das a\u00e7\u00f5es de conscientiza\u00e7\u00e3o sobre o combate \u00e0s queimadas com Pol\u00edcia Ambiental e Sedam.<\/p>\n\n\n\n<p>No dia 4 de junho, a programa\u00e7\u00e3o foi levada \u00e0 comunidade com um evento no Clube de Nova Mutum Paran\u00e1, voltado especialmente para as escolas locais. O encontro reuniu mais de 500 participantes, divididos entre manh\u00e3 e tarde. Al\u00e9m de apresenta\u00e7\u00f5es de <em>ballet<\/em> e jud\u00f4 do Projeto Moldando Talentos, o evento destacou a trajet\u00f3ria dos 15 anos do PEA.<\/p>\n\n\n\n<p>Entre os destaques, esteve a sess\u00e3o experimental de Astronomia, realizada em parceria com a COOPPROJIRAU, o grupo de pesquisa AstroIFRO e o Instituto Federal de Rond\u00f4nia \u2013 Campus Porto Velho Calama, que disponibilizou o Planet\u00e1rio M\u00f3vel Vera Rubin. A atividade ofereceu ao p\u00fablico uma experi\u00eancia de observa\u00e7\u00e3o da lua por telesc\u00f3pio, simula\u00e7\u00e3o do c\u00e9u noturno com o <em>software Stellarium<\/em>, explica\u00e7\u00f5es acess\u00edveis sobre constela\u00e7\u00f5es e um v\u00eddeo interativo sobre o Sistema Solar.<\/p>\n\n\n\n<p>Para o Gerente de Meio Ambiente e Socioeconomia da Jirau Energia, Ver\u00edssimo Neto, as atividades refor\u00e7aram o compromisso da empresa com a sustentabilidade e o desenvolvimento respons\u00e1vel. \u201cA Semana de Meio Ambiente refor\u00e7a nossa miss\u00e3o de aliar desenvolvimento \u00e0 responsabilidade socioambiental. Celebrar os 15 anos do PEA com a\u00e7\u00f5es que envolvem nossos colaboradores e a comunidade demonstra que estamos no caminho certo, construindo um legado de conscientiza\u00e7\u00e3o e engajamento ambiental\u201d, afirma Ver\u00edssimo.<\/p>\n\n\n\n<p>O evento contou com a parceria das empresas Naturae, Prote\u00e7\u00e3o M\u00e1xima, Oikos, Jequitib\u00e1, Kaefar Rip, Sapore Foods, Loghis CGR, Associa\u00e7\u00e3o do Observat\u00f3rio Socioambiental, Coopprojirau, Instituto Federal de Rond\u00f4nia (IFRO), Pol\u00edcia Ambiental e Secretaria de Estado do Desenvolvimento Ambiental (Sedam).<\/p>","protected":false},"excerpt":{"rendered":"<p>Programa\u00e7\u00e3o contemplou empregados pr\u00f3prios e terceirizados da usina Jirau, al\u00e9m de alunos e moradores de Nova Mutum Paran\u00e1 e regi\u00e3o. A Semana de Meio Ambiente da Jirau Energia, realizada entre os dias 2 e 6 de junho, foi marcada por uma s\u00e9rie de atividades voltadas \u00e0 conscientiza\u00e7\u00e3o ambiental. A iniciativa integra o Programa de Educa\u00e7\u00e3o [&hellip;]<\/p>","protected":false},"author":85,"featured_media":0,"comment_status":"open","ping_status":"open","sticky":false,"template":"","format":"standard","meta":{"_acf_changed":false,"footnotes":""},"categories":[37],"tags":[],"tipo_de_noticias":[15],"tipos_de_inovacao":[],"categoria_episodios":[],"categorias_de_vaga":[],"categoria_de_programas":[],"alfabeto_glossario":[],"categorias_de_pdf":[],"projetos_pdi":[],"class_list":["post-19184","post","type-post","status-publish","format-standard","hentry","category-noticias","tipo_de_noticias-noticias"],"acf":[],"yoast_head":"<!-- This site is optimized with the Yoast SEO plugin v25.9 - https:\/\/yoast.com\/wordpress\/plugins\/seo\/ -->\n<title>JIRAU ENERGIA REALIZA SEMANA DO MEIO AMBIENTE COM A\u00c7\u00d5ES EDUCATIVAS E DE CONSCIENTIZA\u00c7\u00c3O SOCIOAMBIENTAL - Jirau Energia<\/title>\n<meta name=\"robots\" content=\"index, follow, max-snippet:-1, max-image-preview:large, max-video-preview:-1\" \/>\n<link rel=\"canonical\" href=\"https:\/\/www.jirauenergia.com.br\/en\/jirau-energia-realiza-semana-do-meio-ambiente-com-acoes-educativas-e-de-conscientizacao-socioambiental\/\" \/>\n<meta property=\"og:locale\" content=\"en_US\" \/>\n<meta property=\"og:type\" content=\"article\" \/>\n<meta property=\"og:title\" content=\"JIRAU ENERGIA REALIZA SEMANA DO MEIO AMBIENTE COM A\u00c7\u00d5ES EDUCATIVAS E DE CONSCIENTIZA\u00c7\u00c3O SOCIOAMBIENTAL - Jirau Energia\" \/>\n<meta property=\"og:description\" content=\"Programa\u00e7\u00e3o contemplou empregados pr\u00f3prios e terceirizados da usina Jirau, al\u00e9m de alunos e moradores de Nova Mutum Paran\u00e1 e regi\u00e3o. A Semana de Meio Ambiente da Jirau Energia, realizada entre os dias 2 e 6 de junho, foi marcada por uma s\u00e9rie de atividades voltadas \u00e0 conscientiza\u00e7\u00e3o ambiental. A iniciativa integra o Programa de Educa\u00e7\u00e3o [&hellip;]\" \/>\n<meta property=\"og:url\" content=\"https:\/\/www.jirauenergia.com.br\/en\/jirau-energia-realiza-semana-do-meio-ambiente-com-acoes-educativas-e-de-conscientizacao-socioambiental\/\" \/>\n<meta property=\"og:site_name\" content=\"Jirau Energia\" \/>\n<meta property=\"article:published_time\" content=\"2025-06-27T15:05:33+00:00\" \/>\n<meta property=\"article:modified_time\" content=\"2025-08-08T19:43:37+00:00\" \/>\n<meta name=\"author\" content=\"Luan Moura\" \/>\n<meta name=\"twitter:card\" content=\"summary_large_image\" \/>\n<meta name=\"twitter:label1\" content=\"Written by\" \/>\n\t<meta name=\"twitter:data1\" content=\"Luan Moura\" \/>\n\t<meta name=\"twitter:label2\" content=\"Est. reading time\" \/>\n\t<meta name=\"twitter:data2\" content=\"3 minutes\" \/>\n<script type=\"application\/ld+json\" class=\"yoast-schema-graph\">{\"@context\":\"https:\/\/schema.org\",\"@graph\":[{\"@type\":\"Article\",\"@id\":\"https:\/\/www.jirauenergia.com.br\/jirau-energia-realiza-semana-do-meio-ambiente-com-acoes-educativas-e-de-conscientizacao-socioambiental\/#article\",\"isPartOf\":{\"@id\":\"https:\/\/www.jirauenergia.com.br\/jirau-energia-realiza-semana-do-meio-ambiente-com-acoes-educativas-e-de-conscientizacao-socioambiental\/\"},\"author\":{\"name\":\"Luan Moura\",\"@id\":\"https:\/\/www.jirauenergia.com.br\/#\/schema\/person\/58029cf7ee8500cc847d8b5a0c3c026e\"},\"headline\":\"JIRAU ENERGIA REALIZA SEMANA DO MEIO AMBIENTE COM A\u00c7\u00d5ES EDUCATIVAS E DE CONSCIENTIZA\u00c7\u00c3O SOCIOAMBIENTAL\",\"datePublished\":\"2025-06-27T15:05:33+00:00\",\"dateModified\":\"2025-08-08T19:43:37+00:00\",\"mainEntityOfPage\":{\"@id\":\"https:\/\/www.jirauenergia.com.br\/jirau-energia-realiza-semana-do-meio-ambiente-com-acoes-educativas-e-de-conscientizacao-socioambiental\/\"},\"wordCount\":452,\"commentCount\":0,\"publisher\":{\"@id\":\"https:\/\/www.jirauenergia.com.br\/#organization\"},\"articleSection\":[\"Not\u00edcias\"],\"inLanguage\":\"en-US\",\"potentialAction\":[{\"@type\":\"CommentAction\",\"name\":\"Comment\",\"target\":[\"https:\/\/www.jirauenergia.com.br\/jirau-energia-realiza-semana-do-meio-ambiente-com-acoes-educativas-e-de-conscientizacao-socioambiental\/#respond\"]}]},{\"@type\":\"WebPage\",\"@id\":\"https:\/\/www.jirauenergia.com.br\/jirau-energia-realiza-semana-do-meio-ambiente-com-acoes-educativas-e-de-conscientizacao-socioambiental\/\",\"url\":\"https:\/\/www.jirauenergia.com.br\/jirau-energia-realiza-semana-do-meio-ambiente-com-acoes-educativas-e-de-conscientizacao-socioambiental\/\",\"name\":\"JIRAU ENERGIA REALIZA SEMANA DO MEIO AMBIENTE COM A\u00c7\u00d5ES EDUCATIVAS E DE CONSCIENTIZA\u00c7\u00c3O SOCIOAMBIENTAL - Jirau Energia\",\"isPartOf\":{\"@id\":\"https:\/\/www.jirauenergia.com.br\/#website\"},\"datePublished\":\"2025-06-27T15:05:33+00:00\",\"dateModified\":\"2025-08-08T19:43:37+00:00\",\"breadcrumb\":{\"@id\":\"https:\/\/www.jirauenergia.com.br\/jirau-energia-realiza-semana-do-meio-ambiente-com-acoes-educativas-e-de-conscientizacao-socioambiental\/#breadcrumb\"},\"inLanguage\":\"en-US\",\"potentialAction\":[{\"@type\":\"ReadAction\",\"target\":[\"https:\/\/www.jirauenergia.com.br\/jirau-energia-realiza-semana-do-meio-ambiente-com-acoes-educativas-e-de-conscientizacao-socioambiental\/\"]}]},{\"@type\":\"BreadcrumbList\",\"@id\":\"https:\/\/www.jirauenergia.com.br\/jirau-energia-realiza-semana-do-meio-ambiente-com-acoes-educativas-e-de-conscientizacao-socioambiental\/#breadcrumb\",\"itemListElement\":[{\"@type\":\"ListItem\",\"position\":1,\"name\":\"In\u00edcio\",\"item\":\"https:\/\/www.jirauenergia.com.br\/\"},{\"@type\":\"ListItem\",\"position\":2,\"name\":\"JIRAU ENERGIA REALIZA SEMANA DO MEIO AMBIENTE COM A\u00c7\u00d5ES EDUCATIVAS E DE CONSCIENTIZA\u00c7\u00c3O SOCIOAMBIENTAL\"}]},{\"@type\":\"WebSite\",\"@id\":\"https:\/\/www.jirauenergia.com.br\/#website\",\"url\":\"https:\/\/www.jirauenergia.com.br\/\",\"name\":\"Jirau Energia\",\"description\":\"\",\"publisher\":{\"@id\":\"https:\/\/www.jirauenergia.com.br\/#organization\"},\"potentialAction\":[{\"@type\":\"SearchAction\",\"target\":{\"@type\":\"EntryPoint\",\"urlTemplate\":\"https:\/\/www.jirauenergia.com.br\/?s={search_term_string}\"},\"query-input\":{\"@type\":\"PropertyValueSpecification\",\"valueRequired\":true,\"valueName\":\"search_term_string\"}}],\"inLanguage\":\"en-US\"},{\"@type\":\"Organization\",\"@id\":\"https:\/\/www.jirauenergia.com.br\/#organization\",\"name\":\"Jirau Energia\",\"url\":\"https:\/\/www.jirauenergia.com.br\/\",\"logo\":{\"@type\":\"ImageObject\",\"inLanguage\":\"en-US\",\"@id\":\"https:\/\/www.jirauenergia.com.br\/#\/schema\/logo\/image\/\",\"url\":\"https:\/\/www.jirauenergia.com.br\/wp-content\/uploads\/2021\/06\/cropped-logo-jirau-energia-1-1.png\",\"contentUrl\":\"https:\/\/www.jirauenergia.com.br\/wp-content\/uploads\/2021\/06\/cropped-logo-jirau-energia-1-1.png\",\"width\":300,\"height\":86,\"caption\":\"Jirau Energia\"},\"image\":{\"@id\":\"https:\/\/www.jirauenergia.com.br\/#\/schema\/logo\/image\/\"}},{\"@type\":\"Person\",\"@id\":\"https:\/\/www.jirauenergia.com.br\/#\/schema\/person\/58029cf7ee8500cc847d8b5a0c3c026e\",\"name\":\"Luan Moura\",\"image\":{\"@type\":\"ImageObject\",\"inLanguage\":\"en-US\",\"@id\":\"https:\/\/www.jirauenergia.com.br\/#\/schema\/person\/image\/\",\"url\":\"https:\/\/secure.gravatar.com\/avatar\/53829106ec1551655270f39e9e3a9f216a17c24a0966f011cda9a98b3a63b7be?s=96&d=mm&r=g\",\"contentUrl\":\"https:\/\/secure.gravatar.com\/avatar\/53829106ec1551655270f39e9e3a9f216a17c24a0966f011cda9a98b3a63b7be?s=96&d=mm&r=g\",\"caption\":\"Luan Moura\"},\"url\":\"https:\/\/www.jirauenergia.com.br\/en\/author\/luan\/\"}]}<\/script>\n<!-- \/ Yoast SEO plugin. -->","yoast_head_json":{"title":"JIRAU ENERGIA REALIZA SEMANA DO MEIO AMBIENTE COM A\u00c7\u00d5ES EDUCATIVAS E DE CONSCIENTIZA\u00c7\u00c3O SOCIOAMBIENTAL - Jirau Energia","robots":{"index":"index","follow":"follow","max-snippet":"max-snippet:-1","max-image-preview":"max-image-preview:large","max-video-preview":"max-video-preview:-1"},"canonical":"https:\/\/www.jirauenergia.com.br\/en\/jirau-energia-realiza-semana-do-meio-ambiente-com-acoes-educativas-e-de-conscientizacao-socioambiental\/","og_locale":"en_US","og_type":"article","og_title":"JIRAU ENERGIA REALIZA SEMANA DO MEIO AMBIENTE COM A\u00c7\u00d5ES EDUCATIVAS E DE CONSCIENTIZA\u00c7\u00c3O SOCIOAMBIENTAL - Jirau Energia","og_description":"Programa\u00e7\u00e3o contemplou empregados pr\u00f3prios e terceirizados da usina Jirau, al\u00e9m de alunos e moradores de Nova Mutum Paran\u00e1 e regi\u00e3o. A Semana de Meio Ambiente da Jirau Energia, realizada entre os dias 2 e 6 de junho, foi marcada por uma s\u00e9rie de atividades voltadas \u00e0 conscientiza\u00e7\u00e3o ambiental. A iniciativa integra o Programa de Educa\u00e7\u00e3o [&hellip;]","og_url":"https:\/\/www.jirauenergia.com.br\/en\/jirau-energia-realiza-semana-do-meio-ambiente-com-acoes-educativas-e-de-conscientizacao-socioambiental\/","og_site_name":"Jirau Energia","article_published_time":"2025-06-27T15:05:33+00:00","article_modified_time":"2025-08-08T19:43:37+00:00","author":"Luan Moura","twitter_card":"summary_large_image","twitter_misc":{"Written by":"Luan Moura","Est. reading time":"3 minutes"},"schema":{"@context":"https:\/\/schema.org","@graph":[{"@type":"Article","@id":"https:\/\/www.jirauenergia.com.br\/jirau-energia-realiza-semana-do-meio-ambiente-com-acoes-educativas-e-de-conscientizacao-socioambiental\/#article","isPartOf":{"@id":"https:\/\/www.jirauenergia.com.br\/jirau-energia-realiza-semana-do-meio-ambiente-com-acoes-educativas-e-de-conscientizacao-socioambiental\/"},"author":{"name":"Luan Moura","@id":"https:\/\/www.jirauenergia.com.br\/#\/schema\/person\/58029cf7ee8500cc847d8b5a0c3c026e"},"headline":"JIRAU ENERGIA REALIZA SEMANA DO MEIO AMBIENTE COM A\u00c7\u00d5ES EDUCATIVAS E DE CONSCIENTIZA\u00c7\u00c3O SOCIOAMBIENTAL","datePublished":"2025-06-27T15:05:33+00:00","dateModified":"2025-08-08T19:43:37+00:00","mainEntityOfPage":{"@id":"https:\/\/www.jirauenergia.com.br\/jirau-energia-realiza-semana-do-meio-ambiente-com-acoes-educativas-e-de-conscientizacao-socioambiental\/"},"wordCount":452,"commentCount":0,"publisher":{"@id":"https:\/\/www.jirauenergia.com.br\/#organization"},"articleSection":["Not\u00edcias"],"inLanguage":"en-US","potentialAction":[{"@type":"CommentAction","name":"Comment","target":["https:\/\/www.jirauenergia.com.br\/jirau-energia-realiza-semana-do-meio-ambiente-com-acoes-educativas-e-de-conscientizacao-socioambiental\/#respond"]}]},{"@type":"WebPage","@id":"https:\/\/www.jirauenergia.com.br\/jirau-energia-realiza-semana-do-meio-ambiente-com-acoes-educativas-e-de-conscientizacao-socioambiental\/","url":"https:\/\/www.jirauenergia.com.br\/jirau-energia-realiza-semana-do-meio-ambiente-com-acoes-educativas-e-de-conscientizacao-socioambiental\/","name":"JIRAU ENERGIA REALIZA SEMANA DO MEIO AMBIENTE COM A\u00c7\u00d5ES EDUCATIVAS E DE CONSCIENTIZA\u00c7\u00c3O SOCIOAMBIENTAL - Jirau Energia","isPartOf":{"@id":"https:\/\/www.jirauenergia.com.br\/#website"},"datePublished":"2025-06-27T15:05:33+00:00","dateModified":"2025-08-08T19:43:37+00:00","breadcrumb":{"@id":"https:\/\/www.jirauenergia.com.br\/jirau-energia-realiza-semana-do-meio-ambiente-com-acoes-educativas-e-de-conscientizacao-socioambiental\/#breadcrumb"},"inLanguage":"en-US","potentialAction":[{"@type":"ReadAction","target":["https:\/\/www.jirauenergia.com.br\/jirau-energia-realiza-semana-do-meio-ambiente-com-acoes-educativas-e-de-conscientizacao-socioambiental\/"]}]},{"@type":"BreadcrumbList","@id":"https:\/\/www.jirauenergia.com.br\/jirau-energia-realiza-semana-do-meio-ambiente-com-acoes-educativas-e-de-conscientizacao-socioambiental\/#breadcrumb","itemListElement":[{"@type":"ListItem","position":1,"name":"In\u00edcio","item":"https:\/\/www.jirauenergia.com.br\/"},{"@type":"ListItem","position":2,"name":"JIRAU ENERGIA REALIZA SEMANA DO MEIO AMBIENTE COM A\u00c7\u00d5ES EDUCATIVAS E DE CONSCIENTIZA\u00c7\u00c3O SOCIOAMBIENTAL"}]},{"@type":"WebSite","@id":"https:\/\/www.jirauenergia.com.br\/#website","url":"https:\/\/www.jirauenergia.com.br\/","name":"JIRAU ENERGY","description":"","publisher":{"@id":"https:\/\/www.jirauenergia.com.br\/#organization"},"potentialAction":[{"@type":"SearchAction","target":{"@type":"EntryPoint","urlTemplate":"https:\/\/www.jirauenergia.com.br\/?s={search_term_string}"},"query-input":{"@type":"PropertyValueSpecification","valueRequired":true,"valueName":"search_term_string"}}],"inLanguage":"en-US"},{"@type":"Organization","@id":"https:\/\/www.jirauenergia.com.br\/#organization","name":"JIRAU ENERGY","url":"https:\/\/www.jirauenergia.com.br\/","logo":{"@type":"ImageObject","inLanguage":"en-US","@id":"https:\/\/www.jirauenergia.com.br\/#\/schema\/logo\/image\/","url":"https:\/\/www.jirauenergia.com.br\/wp-content\/uploads\/2021\/06\/cropped-logo-jirau-energia-1-1.png","contentUrl":"https:\/\/www.jirauenergia.com.br\/wp-content\/uploads\/2021\/06\/cropped-logo-jirau-energia-1-1.png","width":300,"height":86,"caption":"Jirau Energia"},"image":{"@id":"https:\/\/www.jirauenergia.com.br\/#\/schema\/logo\/image\/"}},{"@type":"Person","@id":"https:\/\/www.jirauenergia.com.br\/#\/schema\/person\/58029cf7ee8500cc847d8b5a0c3c026e","name":"Luan Moura","image":{"@type":"ImageObject","inLanguage":"en-US","@id":"https:\/\/www.jirauenergia.com.br\/#\/schema\/person\/image\/","url":"https:\/\/secure.gravatar.com\/avatar\/53829106ec1551655270f39e9e3a9f216a17c24a0966f011cda9a98b3a63b7be?s=96&d=mm&r=g","contentUrl":"https:\/\/secure.gravatar.com\/avatar\/53829106ec1551655270f39e9e3a9f216a17c24a0966f011cda9a98b3a63b7be?s=96&d=mm&r=g","caption":"Luan Moura"},"url":"https:\/\/www.jirauenergia.com.br\/en\/author\/luan\/"}]}},"_links":{"self":[{"href":"https:\/\/www.jirauenergia.com.br\/en\/wp-json\/wp\/v2\/posts\/19184","targetHints":{"allow":["GET"]}}],"collection":[{"href":"https:\/\/www.jirauenergia.com.br\/en\/wp-json\/wp\/v2\/posts"}],"about":[{"href":"https:\/\/www.jirauenergia.com.br\/en\/wp-json\/wp\/v2\/types\/post"}],"author":[{"embeddable":true,"href":"https:\/\/www.jirauenergia.com.br\/en\/wp-json\/wp\/v2\/users\/85"}],"replies":[{"embeddable":true,"href":"https:\/\/www.jirauenergia.com.br\/en\/wp-json\/wp\/v2\/comments?post=19184"}],"version-history":[{"count":1,"href":"https:\/\/www.jirauenergia.com.br\/en\/wp-json\/wp\/v2\/posts\/19184\/revisions"}],"predecessor-version":[{"id":19214,"href":"https:\/\/www.jirauenergia.com.br\/en\/wp-json\/wp\/v2\/posts\/19184\/revisions\/19214"}],"wp:attachment":[{"href":"https:\/\/www.jirauenergia.com.br\/en\/wp-json\/wp\/v2\/media?parent=19184"}],"wp:term":[{"taxonomy":"category","embeddable":true,"href":"https:\/\/www.jirauenergia.com.br\/en\/wp-json\/wp\/v2\/categories?post=19184"},{"taxonomy":"post_tag","embeddable":true,"href":"https:\/\/www.jirauenergia.com.br\/en\/wp-json\/wp\/v2\/tags?post=19184"},{"taxonomy":"tipo_de_noticias","embeddable":true,"href":"https:\/\/www.jirauenergia.com.br\/en\/wp-json\/wp\/v2\/tipo_de_noticias?post=19184"},{"taxonomy":"tipos_de_inovacao","embeddable":true,"href":"https:\/\/www.jirauenergia.com.br\/en\/wp-json\/wp\/v2\/tipos_de_inovacao?post=19184"},{"taxonomy":"categoria_episodios","embeddable":true,"href":"https:\/\/www.jirauenergia.com.br\/en\/wp-json\/wp\/v2\/categoria_episodios?post=19184"},{"taxonomy":"categorias_de_vaga","embeddable":true,"href":"https:\/\/www.jirauenergia.com.br\/en\/wp-json\/wp\/v2\/categorias_de_vaga?post=19184"},{"taxonomy":"categoria_de_programas","embeddable":true,"href":"https:\/\/www.jirauenergia.com.br\/en\/wp-json\/wp\/v2\/categoria_de_programas?post=19184"},{"taxonomy":"alfabeto_glossario","embeddable":true,"href":"https:\/\/www.jirauenergia.com.br\/en\/wp-json\/wp\/v2\/alfabeto_glossario?post=19184"},{"taxonomy":"categorias_de_pdf","embeddable":true,"href":"https:\/\/www.jirauenergia.com.br\/en\/wp-json\/wp\/v2\/categorias_de_pdf?post=19184"},{"taxonomy":"projetos_pdi","embeddable":true,"href":"https:\/\/www.jirauenergia.com.br\/en\/wp-json\/wp\/v2\/projetos_pdi?post=19184"}],"curies":[{"name":"wp","href":"https:\/\/api.w.org\/{rel}","templated":true}]}}