{"id":19152,"date":"2025-05-16T09:18:55","date_gmt":"2025-05-16T12:18:55","guid":{"rendered":"https:\/\/www.jirauenergia.com.br\/?p=19152"},"modified":"2025-05-19T09:23:30","modified_gmt":"2025-05-19T12:23:30","slug":"educacao-e-desenvolvimento-jirau-energia-e-senai-inauguram-posto-avancado-em-nova-mutum-parana","status":"publish","type":"post","link":"https:\/\/www.jirauenergia.com.br\/en\/educacao-e-desenvolvimento-jirau-energia-e-senai-inauguram-posto-avancado-em-nova-mutum-parana\/","title":{"rendered":"EDUCA\u00c7\u00c3O E DESENVOLVIMENTO: JIRAU ENERGIA E SENAI INAUGURAM POSTO AVAN\u00c7ADO EM NOVA MUTUM PARAN\u00c1"},"content":{"rendered":"<p><em>Polo formativo atender\u00e1 mais de 100 alunos, distribu\u00eddos nos cursos t\u00e9cnicos em Eletrot\u00e9cnica, Eletromec\u00e2nica e no curso de qualifica\u00e7\u00e3o profissional em Operador de Computadores.<\/em><em><\/em><\/p>\n\n\n\n<p>O Servi\u00e7o Nacional de Aprendizagem Industrial (SENAI) e a Jirau Energia inauguraram nesta quinta-feira (15), um posto avan\u00e7ado de forma\u00e7\u00e3o profissional t\u00e9cnica em Nova Mutum Paran\u00e1. A solenidade de abertura aconteceu na antiga sede do Centro de Ci\u00eancia e Tecnologia, com a presen\u00e7a de autoridades estaduais e municipais, representantes de institui\u00e7\u00f5es locais, dos educadores e os alunos aprovados no recente processo seletivo.<\/p>\n\n\n\n<p>A iniciativa \u00e9 fruto de uma parceria entre o SENAI e a Jirau Energia, que tem investido na capacita\u00e7\u00e3o de jovens e adultos da comunidade local, promovendo a gera\u00e7\u00e3o de oportunidades, renda e mobilidade social. O polo formativo atender\u00e1 mais de 100 alunos, distribu\u00eddos nos cursos t\u00e9cnicos em Eletrot\u00e9cnica, Eletromec\u00e2nica e no curso de qualifica\u00e7\u00e3o profissional em Operador de Computadores, com foco em preparar profissionais qualificados para atender \u00e0s demandas do setor industrial e tecnol\u00f3gico da regi\u00e3o.<\/p>\n\n\n\n<p>Para Diego Collet, Diretor de Opera\u00e7\u00e3o da Jirau Energia, o polo representa um novo momento para o desenvolvimento da regi\u00e3o. \u201cEstamos comprometidos em criar condi\u00e7\u00f5es para que os jovens tenham acesso \u00e0 educa\u00e7\u00e3o de qualidade, e essa iniciativa \u00e9 o pontap\u00e9 inicial para atrairmos novos investimentos em educa\u00e7\u00e3o profissional de outras institui\u00e7\u00f5es e at\u00e9 mesmo do poder p\u00fablico. Acreditamos no poder transformador da educa\u00e7\u00e3o e no seu impacto positivo na vida das pessoas\u201d, destacou Diego, que tamb\u00e9m refor\u00e7ou o compromisso da empresa. \u201cInvestir em educa\u00e7\u00e3o profissional \u00e9 investir no crescimento das comunidades onde atuamos. Esta parceria com o SENAI simboliza nosso compromisso de longo prazo com Nova Mutum Paran\u00e1 e toda a regi\u00e3o\u201d, finalizou.<\/p>\n\n\n\n<p>Para atender demandas de qualifica\u00e7\u00e3o profissional dos moradores de Nova Mutum-Paran\u00e1 e regi\u00e3o, o Servi\u00e7o Nacional de Aprendizagem Industrial de Rond\u00f4nia (SENAI-RO) implantou um posto avan\u00e7ado da institui\u00e7\u00e3o, que ficar\u00e1 vinculado ao SENAI-CETEM de Porto Velho.<\/p>\n\n\n\n<p>Para estas primeiras turmas foram abertas 35 vagas para cada curso, e todas elas foram preenchidas, ap\u00f3s processo seletivo que contou com mais de 700 inscri\u00e7\u00f5es de candidatos de Nova Mutum, Jaci Paran\u00e1 e Uni\u00e3o Bandeirantes. O posto avan\u00e7ado do SENAI de Nova Mutum \u00e9 composto por salas de aula equipadas para as atividades te\u00f3ricas e espa\u00e7o para atividades pr\u00e1ticas com maquin\u00e1rios especializados.<\/p>\n\n\n\n<p>A solenidade contou com o diretor regional do SENAI-RO, Alex Santiago, do diretor de Opera\u00e7\u00e3o da Jirau Energia, Diogo Collet, presidente do Sindicato da Industria da Constru\u00e7\u00e3o Civil (SINDUSCON-RO), Ricardo Moreira, secret\u00e1rio municipal de Educa\u00e7\u00e3o, Leonardo Leoc\u00e1dio, da coordenadora do 3\u00ba Setor da Secretaria de Estado de Desenvolvimento Econ\u00f4mico, (SEDEC), Yahanna Almeida, instrutores e alunos.<\/p>\n\n\n\n<p>Alex Santiago disse que o evento tem um significado especial para institui\u00e7\u00e3o, cuja ess\u00eancia \u00e9 promover a qualifica\u00e7\u00e3o de pessoas para os desafios do mercado de trabalho. Ele tamb\u00e9m destacou a parceria com a Jirau Energia, que tem sido fundamental para ampliar as oportunidades de inser\u00e7\u00e3o profissional. \u201cEm Nova Mutum j\u00e1 atuamos na \u00e1rea de educa\u00e7\u00e3o por meio do SESI, e agora o SENAI chega para contribuir na forma\u00e7\u00e3o b\u00e1sica e profissional dos moradores da regi\u00e3o\u201d, enfatizou. Santiago tamb\u00e9m transmitiu, em nome do presidente da Federa\u00e7\u00e3o das Ind\u00fastrias do Estado de Rond\u00f4nia (FIERO), Marcelo Thom\u00e9, os votos de sucesso a todos os novos alunos do SENAI.<\/p>\n\n\n\n<p>Em breves palavras, Ricardo Moreira, do SINDUSCON fez um breve relato da sua trajet\u00f3ria profissional, que iniciou dos bancos do SENAI de Goi\u00e1s, at\u00e9 se tornar empres\u00e1rio no segmento da constru\u00e7\u00e3o civil. Leonardo Leoc\u00e1dio, da SEMED e Yahanna Almeida, da SEDEC, tamb\u00e9m enalteceram a parceria SENAI-JIRAU.<\/p>","protected":false},"excerpt":{"rendered":"<p>Polo formativo atender\u00e1 mais de 100 alunos, distribu\u00eddos nos cursos t\u00e9cnicos em Eletrot\u00e9cnica, Eletromec\u00e2nica e no curso de qualifica\u00e7\u00e3o profissional em Operador de Computadores. O Servi\u00e7o Nacional de Aprendizagem Industrial (SENAI) e a Jirau Energia inauguraram nesta quinta-feira (15), um posto avan\u00e7ado de forma\u00e7\u00e3o profissional t\u00e9cnica em Nova Mutum Paran\u00e1. A solenidade de abertura aconteceu [&hellip;]<\/p>","protected":false},"author":85,"featured_media":19153,"comment_status":"open","ping_status":"open","sticky":false,"template":"","format":"standard","meta":{"_acf_changed":false,"footnotes":""},"categories":[37],"tags":[],"tipo_de_noticias":[15],"tipos_de_inovacao":[],"categoria_episodios":[],"categorias_de_vaga":[],"categoria_de_programas":[],"alfabeto_glossario":[],"categorias_de_pdf":[],"projetos_pdi":[],"class_list":["post-19152","post","type-post","status-publish","format-standard","has-post-thumbnail","hentry","category-noticias","tipo_de_noticias-noticias"],"acf":[],"yoast_head":"<!-- This site is optimized with the Yoast SEO plugin v25.9 - https:\/\/yoast.com\/wordpress\/plugins\/seo\/ -->\n<title>EDUCA\u00c7\u00c3O E DESENVOLVIMENTO: JIRAU ENERGIA E SENAI INAUGURAM POSTO AVAN\u00c7ADO EM NOVA MUTUM PARAN\u00c1 - Jirau Energia<\/title>\n<meta name=\"robots\" content=\"index, follow, max-snippet:-1, max-image-preview:large, max-video-preview:-1\" \/>\n<link rel=\"canonical\" href=\"https:\/\/www.jirauenergia.com.br\/en\/educacao-e-desenvolvimento-jirau-energia-e-senai-inauguram-posto-avancado-em-nova-mutum-parana\/\" \/>\n<meta property=\"og:locale\" content=\"en_US\" \/>\n<meta property=\"og:type\" content=\"article\" \/>\n<meta property=\"og:title\" content=\"EDUCA\u00c7\u00c3O E DESENVOLVIMENTO: JIRAU ENERGIA E SENAI INAUGURAM POSTO AVAN\u00c7ADO EM NOVA MUTUM PARAN\u00c1 - Jirau Energia\" \/>\n<meta property=\"og:description\" content=\"Polo formativo atender\u00e1 mais de 100 alunos, distribu\u00eddos nos cursos t\u00e9cnicos em Eletrot\u00e9cnica, Eletromec\u00e2nica e no curso de qualifica\u00e7\u00e3o profissional em Operador de Computadores. O Servi\u00e7o Nacional de Aprendizagem Industrial (SENAI) e a Jirau Energia inauguraram nesta quinta-feira (15), um posto avan\u00e7ado de forma\u00e7\u00e3o profissional t\u00e9cnica em Nova Mutum Paran\u00e1. A solenidade de abertura aconteceu [&hellip;]\" \/>\n<meta property=\"og:url\" content=\"https:\/\/www.jirauenergia.com.br\/en\/educacao-e-desenvolvimento-jirau-energia-e-senai-inauguram-posto-avancado-em-nova-mutum-parana\/\" \/>\n<meta property=\"og:site_name\" content=\"Jirau Energia\" \/>\n<meta property=\"article:published_time\" content=\"2025-05-16T12:18:55+00:00\" \/>\n<meta property=\"article:modified_time\" content=\"2025-05-19T12:23:30+00:00\" \/>\n<meta property=\"og:image\" content=\"https:\/\/www.jirauenergia.com.br\/wp-content\/uploads\/2025\/05\/15.05.25-INAUGURACAO-SENAI-CETEM98.jpg\" \/>\n\t<meta property=\"og:image:width\" content=\"2000\" \/>\n\t<meta property=\"og:image:height\" content=\"1333\" \/>\n\t<meta property=\"og:image:type\" content=\"image\/jpeg\" \/>\n<meta name=\"author\" content=\"Luan Moura\" \/>\n<meta name=\"twitter:card\" content=\"summary_large_image\" \/>\n<meta name=\"twitter:label1\" content=\"Written by\" \/>\n\t<meta name=\"twitter:data1\" content=\"Luan Moura\" \/>\n\t<meta name=\"twitter:label2\" content=\"Est. reading time\" \/>\n\t<meta name=\"twitter:data2\" content=\"4 minutes\" \/>\n<script type=\"application\/ld+json\" class=\"yoast-schema-graph\">{\"@context\":\"https:\/\/schema.org\",\"@graph\":[{\"@type\":\"Article\",\"@id\":\"https:\/\/www.jirauenergia.com.br\/educacao-e-desenvolvimento-jirau-energia-e-senai-inauguram-posto-avancado-em-nova-mutum-parana\/#article\",\"isPartOf\":{\"@id\":\"https:\/\/www.jirauenergia.com.br\/educacao-e-desenvolvimento-jirau-energia-e-senai-inauguram-posto-avancado-em-nova-mutum-parana\/\"},\"author\":{\"name\":\"Luan Moura\",\"@id\":\"https:\/\/www.jirauenergia.com.br\/#\/schema\/person\/58029cf7ee8500cc847d8b5a0c3c026e\"},\"headline\":\"EDUCA\u00c7\u00c3O E DESENVOLVIMENTO: JIRAU ENERGIA E SENAI INAUGURAM POSTO AVAN\u00c7ADO EM NOVA MUTUM PARAN\u00c1\",\"datePublished\":\"2025-05-16T12:18:55+00:00\",\"dateModified\":\"2025-05-19T12:23:30+00:00\",\"mainEntityOfPage\":{\"@id\":\"https:\/\/www.jirauenergia.com.br\/educacao-e-desenvolvimento-jirau-energia-e-senai-inauguram-posto-avancado-em-nova-mutum-parana\/\"},\"wordCount\":659,\"commentCount\":0,\"publisher\":{\"@id\":\"https:\/\/www.jirauenergia.com.br\/#organization\"},\"image\":{\"@id\":\"https:\/\/www.jirauenergia.com.br\/educacao-e-desenvolvimento-jirau-energia-e-senai-inauguram-posto-avancado-em-nova-mutum-parana\/#primaryimage\"},\"thumbnailUrl\":\"https:\/\/www.jirauenergia.com.br\/wp-content\/uploads\/2025\/05\/15.05.25-INAUGURACAO-SENAI-CETEM98.jpg\",\"articleSection\":[\"Not\u00edcias\"],\"inLanguage\":\"en-US\",\"potentialAction\":[{\"@type\":\"CommentAction\",\"name\":\"Comment\",\"target\":[\"https:\/\/www.jirauenergia.com.br\/educacao-e-desenvolvimento-jirau-energia-e-senai-inauguram-posto-avancado-em-nova-mutum-parana\/#respond\"]}]},{\"@type\":\"WebPage\",\"@id\":\"https:\/\/www.jirauenergia.com.br\/educacao-e-desenvolvimento-jirau-energia-e-senai-inauguram-posto-avancado-em-nova-mutum-parana\/\",\"url\":\"https:\/\/www.jirauenergia.com.br\/educacao-e-desenvolvimento-jirau-energia-e-senai-inauguram-posto-avancado-em-nova-mutum-parana\/\",\"name\":\"EDUCA\u00c7\u00c3O E DESENVOLVIMENTO: JIRAU ENERGIA E SENAI INAUGURAM POSTO AVAN\u00c7ADO EM NOVA MUTUM PARAN\u00c1 - Jirau Energia\",\"isPartOf\":{\"@id\":\"https:\/\/www.jirauenergia.com.br\/#website\"},\"primaryImageOfPage\":{\"@id\":\"https:\/\/www.jirauenergia.com.br\/educacao-e-desenvolvimento-jirau-energia-e-senai-inauguram-posto-avancado-em-nova-mutum-parana\/#primaryimage\"},\"image\":{\"@id\":\"https:\/\/www.jirauenergia.com.br\/educacao-e-desenvolvimento-jirau-energia-e-senai-inauguram-posto-avancado-em-nova-mutum-parana\/#primaryimage\"},\"thumbnailUrl\":\"https:\/\/www.jirauenergia.com.br\/wp-content\/uploads\/2025\/05\/15.05.25-INAUGURACAO-SENAI-CETEM98.jpg\",\"datePublished\":\"2025-05-16T12:18:55+00:00\",\"dateModified\":\"2025-05-19T12:23:30+00:00\",\"breadcrumb\":{\"@id\":\"https:\/\/www.jirauenergia.com.br\/educacao-e-desenvolvimento-jirau-energia-e-senai-inauguram-posto-avancado-em-nova-mutum-parana\/#breadcrumb\"},\"inLanguage\":\"en-US\",\"potentialAction\":[{\"@type\":\"ReadAction\",\"target\":[\"https:\/\/www.jirauenergia.com.br\/educacao-e-desenvolvimento-jirau-energia-e-senai-inauguram-posto-avancado-em-nova-mutum-parana\/\"]}]},{\"@type\":\"ImageObject\",\"inLanguage\":\"en-US\",\"@id\":\"https:\/\/www.jirauenergia.com.br\/educacao-e-desenvolvimento-jirau-energia-e-senai-inauguram-posto-avancado-em-nova-mutum-parana\/#primaryimage\",\"url\":\"https:\/\/www.jirauenergia.com.br\/wp-content\/uploads\/2025\/05\/15.05.25-INAUGURACAO-SENAI-CETEM98.jpg\",\"contentUrl\":\"https:\/\/www.jirauenergia.com.br\/wp-content\/uploads\/2025\/05\/15.05.25-INAUGURACAO-SENAI-CETEM98.jpg\",\"width\":2000,\"height\":1333},{\"@type\":\"BreadcrumbList\",\"@id\":\"https:\/\/www.jirauenergia.com.br\/educacao-e-desenvolvimento-jirau-energia-e-senai-inauguram-posto-avancado-em-nova-mutum-parana\/#breadcrumb\",\"itemListElement\":[{\"@type\":\"ListItem\",\"position\":1,\"name\":\"In\u00edcio\",\"item\":\"https:\/\/www.jirauenergia.com.br\/\"},{\"@type\":\"ListItem\",\"position\":2,\"name\":\"EDUCA\u00c7\u00c3O E DESENVOLVIMENTO: JIRAU ENERGIA E SENAI INAUGURAM POSTO AVAN\u00c7ADO EM NOVA MUTUM PARAN\u00c1\"}]},{\"@type\":\"WebSite\",\"@id\":\"https:\/\/www.jirauenergia.com.br\/#website\",\"url\":\"https:\/\/www.jirauenergia.com.br\/\",\"name\":\"Jirau Energia\",\"description\":\"\",\"publisher\":{\"@id\":\"https:\/\/www.jirauenergia.com.br\/#organization\"},\"potentialAction\":[{\"@type\":\"SearchAction\",\"target\":{\"@type\":\"EntryPoint\",\"urlTemplate\":\"https:\/\/www.jirauenergia.com.br\/?s={search_term_string}\"},\"query-input\":{\"@type\":\"PropertyValueSpecification\",\"valueRequired\":true,\"valueName\":\"search_term_string\"}}],\"inLanguage\":\"en-US\"},{\"@type\":\"Organization\",\"@id\":\"https:\/\/www.jirauenergia.com.br\/#organization\",\"name\":\"Jirau Energia\",\"url\":\"https:\/\/www.jirauenergia.com.br\/\",\"logo\":{\"@type\":\"ImageObject\",\"inLanguage\":\"en-US\",\"@id\":\"https:\/\/www.jirauenergia.com.br\/#\/schema\/logo\/image\/\",\"url\":\"https:\/\/www.jirauenergia.com.br\/wp-content\/uploads\/2021\/06\/cropped-logo-jirau-energia-1-1.png\",\"contentUrl\":\"https:\/\/www.jirauenergia.com.br\/wp-content\/uploads\/2021\/06\/cropped-logo-jirau-energia-1-1.png\",\"width\":300,\"height\":86,\"caption\":\"Jirau Energia\"},\"image\":{\"@id\":\"https:\/\/www.jirauenergia.com.br\/#\/schema\/logo\/image\/\"}},{\"@type\":\"Person\",\"@id\":\"https:\/\/www.jirauenergia.com.br\/#\/schema\/person\/58029cf7ee8500cc847d8b5a0c3c026e\",\"name\":\"Luan Moura\",\"image\":{\"@type\":\"ImageObject\",\"inLanguage\":\"en-US\",\"@id\":\"https:\/\/www.jirauenergia.com.br\/#\/schema\/person\/image\/\",\"url\":\"https:\/\/secure.gravatar.com\/avatar\/53829106ec1551655270f39e9e3a9f216a17c24a0966f011cda9a98b3a63b7be?s=96&d=mm&r=g\",\"contentUrl\":\"https:\/\/secure.gravatar.com\/avatar\/53829106ec1551655270f39e9e3a9f216a17c24a0966f011cda9a98b3a63b7be?s=96&d=mm&r=g\",\"caption\":\"Luan Moura\"},\"url\":\"https:\/\/www.jirauenergia.com.br\/en\/author\/luan\/\"}]}<\/script>\n<!-- \/ Yoast SEO plugin. -->","yoast_head_json":{"title":"EDUCA\u00c7\u00c3O E DESENVOLVIMENTO: JIRAU ENERGIA E SENAI INAUGURAM POSTO AVAN\u00c7ADO EM NOVA MUTUM PARAN\u00c1 - Jirau Energia","robots":{"index":"index","follow":"follow","max-snippet":"max-snippet:-1","max-image-preview":"max-image-preview:large","max-video-preview":"max-video-preview:-1"},"canonical":"https:\/\/www.jirauenergia.com.br\/en\/educacao-e-desenvolvimento-jirau-energia-e-senai-inauguram-posto-avancado-em-nova-mutum-parana\/","og_locale":"en_US","og_type":"article","og_title":"EDUCA\u00c7\u00c3O E DESENVOLVIMENTO: JIRAU ENERGIA E SENAI INAUGURAM POSTO AVAN\u00c7ADO EM NOVA MUTUM PARAN\u00c1 - Jirau Energia","og_description":"Polo formativo atender\u00e1 mais de 100 alunos, distribu\u00eddos nos cursos t\u00e9cnicos em Eletrot\u00e9cnica, Eletromec\u00e2nica e no curso de qualifica\u00e7\u00e3o profissional em Operador de Computadores. O Servi\u00e7o Nacional de Aprendizagem Industrial (SENAI) e a Jirau Energia inauguraram nesta quinta-feira (15), um posto avan\u00e7ado de forma\u00e7\u00e3o profissional t\u00e9cnica em Nova Mutum Paran\u00e1. A solenidade de abertura aconteceu [&hellip;]","og_url":"https:\/\/www.jirauenergia.com.br\/en\/educacao-e-desenvolvimento-jirau-energia-e-senai-inauguram-posto-avancado-em-nova-mutum-parana\/","og_site_name":"Jirau Energia","article_published_time":"2025-05-16T12:18:55+00:00","article_modified_time":"2025-05-19T12:23:30+00:00","og_image":[{"width":2000,"height":1333,"url":"https:\/\/www.jirauenergia.com.br\/wp-content\/uploads\/2025\/05\/15.05.25-INAUGURACAO-SENAI-CETEM98.jpg","type":"image\/jpeg"}],"author":"Luan Moura","twitter_card":"summary_large_image","twitter_misc":{"Written by":"Luan Moura","Est. reading time":"4 minutes"},"schema":{"@context":"https:\/\/schema.org","@graph":[{"@type":"Article","@id":"https:\/\/www.jirauenergia.com.br\/educacao-e-desenvolvimento-jirau-energia-e-senai-inauguram-posto-avancado-em-nova-mutum-parana\/#article","isPartOf":{"@id":"https:\/\/www.jirauenergia.com.br\/educacao-e-desenvolvimento-jirau-energia-e-senai-inauguram-posto-avancado-em-nova-mutum-parana\/"},"author":{"name":"Luan Moura","@id":"https:\/\/www.jirauenergia.com.br\/#\/schema\/person\/58029cf7ee8500cc847d8b5a0c3c026e"},"headline":"EDUCA\u00c7\u00c3O E DESENVOLVIMENTO: JIRAU ENERGIA E SENAI INAUGURAM POSTO AVAN\u00c7ADO EM NOVA MUTUM PARAN\u00c1","datePublished":"2025-05-16T12:18:55+00:00","dateModified":"2025-05-19T12:23:30+00:00","mainEntityOfPage":{"@id":"https:\/\/www.jirauenergia.com.br\/educacao-e-desenvolvimento-jirau-energia-e-senai-inauguram-posto-avancado-em-nova-mutum-parana\/"},"wordCount":659,"commentCount":0,"publisher":{"@id":"https:\/\/www.jirauenergia.com.br\/#organization"},"image":{"@id":"https:\/\/www.jirauenergia.com.br\/educacao-e-desenvolvimento-jirau-energia-e-senai-inauguram-posto-avancado-em-nova-mutum-parana\/#primaryimage"},"thumbnailUrl":"https:\/\/www.jirauenergia.com.br\/wp-content\/uploads\/2025\/05\/15.05.25-INAUGURACAO-SENAI-CETEM98.jpg","articleSection":["Not\u00edcias"],"inLanguage":"en-US","potentialAction":[{"@type":"CommentAction","name":"Comment","target":["https:\/\/www.jirauenergia.com.br\/educacao-e-desenvolvimento-jirau-energia-e-senai-inauguram-posto-avancado-em-nova-mutum-parana\/#respond"]}]},{"@type":"WebPage","@id":"https:\/\/www.jirauenergia.com.br\/educacao-e-desenvolvimento-jirau-energia-e-senai-inauguram-posto-avancado-em-nova-mutum-parana\/","url":"https:\/\/www.jirauenergia.com.br\/educacao-e-desenvolvimento-jirau-energia-e-senai-inauguram-posto-avancado-em-nova-mutum-parana\/","name":"EDUCA\u00c7\u00c3O E DESENVOLVIMENTO: JIRAU ENERGIA E SENAI INAUGURAM POSTO AVAN\u00c7ADO EM NOVA MUTUM PARAN\u00c1 - Jirau Energia","isPartOf":{"@id":"https:\/\/www.jirauenergia.com.br\/#website"},"primaryImageOfPage":{"@id":"https:\/\/www.jirauenergia.com.br\/educacao-e-desenvolvimento-jirau-energia-e-senai-inauguram-posto-avancado-em-nova-mutum-parana\/#primaryimage"},"image":{"@id":"https:\/\/www.jirauenergia.com.br\/educacao-e-desenvolvimento-jirau-energia-e-senai-inauguram-posto-avancado-em-nova-mutum-parana\/#primaryimage"},"thumbnailUrl":"https:\/\/www.jirauenergia.com.br\/wp-content\/uploads\/2025\/05\/15.05.25-INAUGURACAO-SENAI-CETEM98.jpg","datePublished":"2025-05-16T12:18:55+00:00","dateModified":"2025-05-19T12:23:30+00:00","breadcrumb":{"@id":"https:\/\/www.jirauenergia.com.br\/educacao-e-desenvolvimento-jirau-energia-e-senai-inauguram-posto-avancado-em-nova-mutum-parana\/#breadcrumb"},"inLanguage":"en-US","potentialAction":[{"@type":"ReadAction","target":["https:\/\/www.jirauenergia.com.br\/educacao-e-desenvolvimento-jirau-energia-e-senai-inauguram-posto-avancado-em-nova-mutum-parana\/"]}]},{"@type":"ImageObject","inLanguage":"en-US","@id":"https:\/\/www.jirauenergia.com.br\/educacao-e-desenvolvimento-jirau-energia-e-senai-inauguram-posto-avancado-em-nova-mutum-parana\/#primaryimage","url":"https:\/\/www.jirauenergia.com.br\/wp-content\/uploads\/2025\/05\/15.05.25-INAUGURACAO-SENAI-CETEM98.jpg","contentUrl":"https:\/\/www.jirauenergia.com.br\/wp-content\/uploads\/2025\/05\/15.05.25-INAUGURACAO-SENAI-CETEM98.jpg","width":2000,"height":1333},{"@type":"BreadcrumbList","@id":"https:\/\/www.jirauenergia.com.br\/educacao-e-desenvolvimento-jirau-energia-e-senai-inauguram-posto-avancado-em-nova-mutum-parana\/#breadcrumb","itemListElement":[{"@type":"ListItem","position":1,"name":"In\u00edcio","item":"https:\/\/www.jirauenergia.com.br\/"},{"@type":"ListItem","position":2,"name":"EDUCA\u00c7\u00c3O E DESENVOLVIMENTO: JIRAU ENERGIA E SENAI INAUGURAM POSTO AVAN\u00c7ADO EM NOVA MUTUM PARAN\u00c1"}]},{"@type":"WebSite","@id":"https:\/\/www.jirauenergia.com.br\/#website","url":"https:\/\/www.jirauenergia.com.br\/","name":"JIRAU ENERGY","description":"","publisher":{"@id":"https:\/\/www.jirauenergia.com.br\/#organization"},"potentialAction":[{"@type":"SearchAction","target":{"@type":"EntryPoint","urlTemplate":"https:\/\/www.jirauenergia.com.br\/?s={search_term_string}"},"query-input":{"@type":"PropertyValueSpecification","valueRequired":true,"valueName":"search_term_string"}}],"inLanguage":"en-US"},{"@type":"Organization","@id":"https:\/\/www.jirauenergia.com.br\/#organization","name":"JIRAU ENERGY","url":"https:\/\/www.jirauenergia.com.br\/","logo":{"@type":"ImageObject","inLanguage":"en-US","@id":"https:\/\/www.jirauenergia.com.br\/#\/schema\/logo\/image\/","url":"https:\/\/www.jirauenergia.com.br\/wp-content\/uploads\/2021\/06\/cropped-logo-jirau-energia-1-1.png","contentUrl":"https:\/\/www.jirauenergia.com.br\/wp-content\/uploads\/2021\/06\/cropped-logo-jirau-energia-1-1.png","width":300,"height":86,"caption":"Jirau Energia"},"image":{"@id":"https:\/\/www.jirauenergia.com.br\/#\/schema\/logo\/image\/"}},{"@type":"Person","@id":"https:\/\/www.jirauenergia.com.br\/#\/schema\/person\/58029cf7ee8500cc847d8b5a0c3c026e","name":"Luan Moura","image":{"@type":"ImageObject","inLanguage":"en-US","@id":"https:\/\/www.jirauenergia.com.br\/#\/schema\/person\/image\/","url":"https:\/\/secure.gravatar.com\/avatar\/53829106ec1551655270f39e9e3a9f216a17c24a0966f011cda9a98b3a63b7be?s=96&d=mm&r=g","contentUrl":"https:\/\/secure.gravatar.com\/avatar\/53829106ec1551655270f39e9e3a9f216a17c24a0966f011cda9a98b3a63b7be?s=96&d=mm&r=g","caption":"Luan Moura"},"url":"https:\/\/www.jirauenergia.com.br\/en\/author\/luan\/"}]}},"_links":{"self":[{"href":"https:\/\/www.jirauenergia.com.br\/en\/wp-json\/wp\/v2\/posts\/19152","targetHints":{"allow":["GET"]}}],"collection":[{"href":"https:\/\/www.jirauenergia.com.br\/en\/wp-json\/wp\/v2\/posts"}],"about":[{"href":"https:\/\/www.jirauenergia.com.br\/en\/wp-json\/wp\/v2\/types\/post"}],"author":[{"embeddable":true,"href":"https:\/\/www.jirauenergia.com.br\/en\/wp-json\/wp\/v2\/users\/85"}],"replies":[{"embeddable":true,"href":"https:\/\/www.jirauenergia.com.br\/en\/wp-json\/wp\/v2\/comments?post=19152"}],"version-history":[{"count":1,"href":"https:\/\/www.jirauenergia.com.br\/en\/wp-json\/wp\/v2\/posts\/19152\/revisions"}],"predecessor-version":[{"id":19154,"href":"https:\/\/www.jirauenergia.com.br\/en\/wp-json\/wp\/v2\/posts\/19152\/revisions\/19154"}],"wp:featuredmedia":[{"embeddable":true,"href":"https:\/\/www.jirauenergia.com.br\/en\/wp-json\/wp\/v2\/media\/19153"}],"wp:attachment":[{"href":"https:\/\/www.jirauenergia.com.br\/en\/wp-json\/wp\/v2\/media?parent=19152"}],"wp:term":[{"taxonomy":"category","embeddable":true,"href":"https:\/\/www.jirauenergia.com.br\/en\/wp-json\/wp\/v2\/categories?post=19152"},{"taxonomy":"post_tag","embeddable":true,"href":"https:\/\/www.jirauenergia.com.br\/en\/wp-json\/wp\/v2\/tags?post=19152"},{"taxonomy":"tipo_de_noticias","embeddable":true,"href":"https:\/\/www.jirauenergia.com.br\/en\/wp-json\/wp\/v2\/tipo_de_noticias?post=19152"},{"taxonomy":"tipos_de_inovacao","embeddable":true,"href":"https:\/\/www.jirauenergia.com.br\/en\/wp-json\/wp\/v2\/tipos_de_inovacao?post=19152"},{"taxonomy":"categoria_episodios","embeddable":true,"href":"https:\/\/www.jirauenergia.com.br\/en\/wp-json\/wp\/v2\/categoria_episodios?post=19152"},{"taxonomy":"categorias_de_vaga","embeddable":true,"href":"https:\/\/www.jirauenergia.com.br\/en\/wp-json\/wp\/v2\/categorias_de_vaga?post=19152"},{"taxonomy":"categoria_de_programas","embeddable":true,"href":"https:\/\/www.jirauenergia.com.br\/en\/wp-json\/wp\/v2\/categoria_de_programas?post=19152"},{"taxonomy":"alfabeto_glossario","embeddable":true,"href":"https:\/\/www.jirauenergia.com.br\/en\/wp-json\/wp\/v2\/alfabeto_glossario?post=19152"},{"taxonomy":"categorias_de_pdf","embeddable":true,"href":"https:\/\/www.jirauenergia.com.br\/en\/wp-json\/wp\/v2\/categorias_de_pdf?post=19152"},{"taxonomy":"projetos_pdi","embeddable":true,"href":"https:\/\/www.jirauenergia.com.br\/en\/wp-json\/wp\/v2\/projetos_pdi?post=19152"}],"curies":[{"name":"wp","href":"https:\/\/api.w.org\/{rel}","templated":true}]}}