{"id":13908,"date":"2015-08-28T10:10:00","date_gmt":"2015-08-28T13:10:00","guid":{"rendered":"https:\/\/www.jirauenergia.com.br\/?p=13908"},"modified":"2021-11-04T10:16:19","modified_gmt":"2021-11-04T13:16:19","slug":"participacao-da-esbr-no-viii-citenel-aneel-reafirma-importancia-da-empresa-no-cenario-de-tecnologia-energetica","status":"publish","type":"post","link":"https:\/\/www.jirauenergia.com.br\/en\/participacao-da-esbr-no-viii-citenel-aneel-reafirma-importancia-da-empresa-no-cenario-de-tecnologia-energetica\/","title":{"rendered":"Participa\u00e7\u00e3o da ESBR no VIII CITENEL\/ANEEL reafirma import\u00e2ncia da empresa no cen\u00e1rio de tecnologia energ\u00e9tica"},"content":{"rendered":"<p>Durante os dias 17, 18 e 19 de agosto, a Energia Sustent\u00e1vel do Brasil (ESBR) fez parte de um dos maiores eventos de gera\u00e7\u00e3o, transmiss\u00e3o e distribui\u00e7\u00e3o de energia el\u00e9trica do Brasil, realizado no Complexo Costa do Sau\u00edpe, Bahia (BA). Organizado pela Coelba, empresa do Grupo Neoenergia e respons\u00e1vel pela distribui\u00e7\u00e3o de energia na BA, o VIII Congresso de Inova\u00e7\u00e3o Tecnol\u00f3gica e Energia El\u00e9trica \u2013 CITENEL foi organizado de forma simult\u00e2nea ao IV Semin\u00e1rio de Efici\u00eancia Energ\u00e9tica no Setor El\u00e9trico \u2013 SENEEL. Realizado e coordenado pela Ag\u00eancia Nacional de Energia El\u00e9trica (ANEEL), os dois eventos reuniram autoridades, especialistas, fabricantes, representantes de universidades, distribuidoras, geradoras e transmissoras de energia el\u00e9trica de todo o pa\u00eds.<br>Patrocinadora do evento, a ESBR demonstrou atrav\u00e9s dos seus projetos desenvolvidos pelo setor de Pesquisa &amp; Desenvolvimento (P&amp;D), avan\u00e7os tecnol\u00f3gicos e cient\u00edficos para solu\u00e7\u00f5es voltadas ao setor el\u00e9trico. Os visitantes do estande da empresa no local, puderam acompanhar em tela touchscreen, tour virtual pela Usina Hidrel\u00e9trica Jirau, al\u00e9m de v\u00eddeos institucionais, materiais impressos informativos e explica\u00e7\u00f5es dos profissionais presentes.<br>Representante da ESBR no evento, o gerente de Projetos Breno Bellinati, ressaltou a import\u00e2ncia da participa\u00e7\u00e3o, que foi uma oportunidade de aprendizado, troca de experi\u00eancias, avalia\u00e7\u00e3o de resultados e proje\u00e7\u00f5es de m\u00e9dio e longo prazo. Para Breno, \u201c\u00e9 importante perceber o que temos em comum com outras empresas geradoras de energia, tanto em rela\u00e7\u00e3o aos problemas, quanto em rela\u00e7\u00e3o \u00e0s poss\u00edveis solu\u00e7\u00f5es. A observa\u00e7\u00e3o do setor como um todo e a troca de experi\u00eancias, \u00e9 de extrema relev\u00e2ncia para otimiza\u00e7\u00e3o dos nossos pr\u00f3prios processos e procedimentos\u201d, completou. Ainda segundo Bellinati, \u201co objetivo da UHE Jirau \u00e9 fornecer disponibilidade m\u00e1xima ao Operador Nacional do Sistema e energia limpa e segura para toda a sociedade\u201d.<br>Empres\u00e1rios do setor de consultoria em efici\u00eancia energ\u00e9tica foram ao estande da ESBR para se informar a respeito das novas tecnologias e projetos de P&amp;D desenvolvidos na UHE Jirau. Segundo Ana Maria Mesniki, diretora da MKI Engenharia, \u201c\u00e9 muito interessante saber o que est\u00e1 acontecendo em outras regi\u00f5es do pa\u00eds em termos de inova\u00e7\u00f5es tecnol\u00f3gicas em gera\u00e7\u00e3o de energia. Alguns dos nossos clientes s\u00e3o empresas distribuidoras de energia el\u00e9trica e esse tipo de informa\u00e7\u00e3o faz toda a diferen\u00e7a no trabalho de consultoria. \u00c9 importante acompanhar como usinas de outras regi\u00f5es do pa\u00eds lidam com suas particularidades\u201d, ressaltou.<br><strong>Parcerias<\/strong><br>Alguns projetos de parceria puderam ser estabelecidos, como no caso dos Institutos Lactec, que estiveram representados atrav\u00e9s do gerente Comercial, Carlos Eduardo Ribas. Segundo Ribas, as inten\u00e7\u00f5es de parceria dos Institutos Lactec com a UHE Jirau s\u00f3 aumentaram e as impress\u00f5es a respeito da visita que fez \u00e0s instala\u00e7\u00f5es do empreendimento foram as melhores: \u201cTodo o cuidado e aten\u00e7\u00e3o com a seguran\u00e7a do visitante s\u00e3o not\u00e1veis em Jirau. A estrutura e a qualidade dos procedimentos que eles realizam fazem diferen\u00e7a e deixaram uma imagem positiva em nossos t\u00e9cnicos\u201d.<br>O Congresso ainda possibilitou o encontro dos representantes da ESBR com v\u00e1rias autoridades nacionais e internacionais. O superintendente de Pesquisa, Desenvolvimento e Efici\u00eancia Energ\u00e9tica da ANEEL, M\u00e1ximo Pompermayer, visitou o estande da ESBR e conversou com especialistas da empresa.<br>Para Gizele Silva, engenheira de P&amp;D da ESBR, a participa\u00e7\u00e3o da empresa em eventos como esse s\u00f3 melhora o relacionamento com outras companhias do mesmo segmento, al\u00e9m de proporcionar contato com futuros parceiros. \u201cEventos como esse possibilitam que n\u00f3s vejamos o que h\u00e1 de melhor em termos de tecnologia dispon\u00edvel no mercado, permitindo assim maior sinergia e avan\u00e7os inovadores nas nossas pesquisas e na pr\u00e1tica do nosso servi\u00e7o\u201d, concluiu.<\/p>","protected":false},"excerpt":{"rendered":"<p>Durante os dias 17, 18 e 19 de agosto, a Energia Sustent\u00e1vel do Brasil (ESBR) fez parte de um dos maiores eventos de gera\u00e7\u00e3o, transmiss\u00e3o e distribui\u00e7\u00e3o de energia el\u00e9trica do Brasil, realizado no Complexo Costa do Sau\u00edpe, Bahia (BA). Organizado pela Coelba, empresa do Grupo Neoenergia e respons\u00e1vel pela distribui\u00e7\u00e3o de energia na BA, [&hellip;]<\/p>","protected":false},"author":1,"featured_media":13909,"comment_status":"open","ping_status":"open","sticky":false,"template":"","format":"standard","meta":{"_acf_changed":false,"footnotes":""},"categories":[37],"tags":[],"tipo_de_noticias":[],"tipos_de_inovacao":[],"categoria_episodios":[],"categorias_de_vaga":[],"categoria_de_programas":[],"alfabeto_glossario":[],"categorias_de_pdf":[],"projetos_pdi":[],"class_list":["post-13908","post","type-post","status-publish","format-standard","has-post-thumbnail","hentry","category-noticias"],"acf":[],"yoast_head":"<!-- This site is optimized with the Yoast SEO plugin v25.9 - https:\/\/yoast.com\/wordpress\/plugins\/seo\/ -->\n<title>Participa\u00e7\u00e3o da ESBR no VIII CITENEL\/ANEEL reafirma import\u00e2ncia da empresa no cen\u00e1rio de tecnologia energ\u00e9tica - Jirau Energia<\/title>\n<meta name=\"robots\" content=\"index, follow, max-snippet:-1, max-image-preview:large, max-video-preview:-1\" \/>\n<link rel=\"canonical\" href=\"https:\/\/www.jirauenergia.com.br\/en\/participacao-da-esbr-no-viii-citenel-aneel-reafirma-importancia-da-empresa-no-cenario-de-tecnologia-energetica\/\" \/>\n<meta property=\"og:locale\" content=\"en_US\" \/>\n<meta property=\"og:type\" content=\"article\" \/>\n<meta property=\"og:title\" content=\"Participa\u00e7\u00e3o da ESBR no VIII CITENEL\/ANEEL reafirma import\u00e2ncia da empresa no cen\u00e1rio de tecnologia energ\u00e9tica - Jirau Energia\" \/>\n<meta property=\"og:description\" content=\"Durante os dias 17, 18 e 19 de agosto, a Energia Sustent\u00e1vel do Brasil (ESBR) fez parte de um dos maiores eventos de gera\u00e7\u00e3o, transmiss\u00e3o e distribui\u00e7\u00e3o de energia el\u00e9trica do Brasil, realizado no Complexo Costa do Sau\u00edpe, Bahia (BA). Organizado pela Coelba, empresa do Grupo Neoenergia e respons\u00e1vel pela distribui\u00e7\u00e3o de energia na BA, [&hellip;]\" \/>\n<meta property=\"og:url\" content=\"https:\/\/www.jirauenergia.com.br\/en\/participacao-da-esbr-no-viii-citenel-aneel-reafirma-importancia-da-empresa-no-cenario-de-tecnologia-energetica\/\" \/>\n<meta property=\"og:site_name\" content=\"Jirau Energia\" \/>\n<meta property=\"article:published_time\" content=\"2015-08-28T13:10:00+00:00\" \/>\n<meta property=\"article:modified_time\" content=\"2021-11-04T13:16:19+00:00\" \/>\n<meta property=\"og:image\" content=\"https:\/\/www.jirauenergia.com.br\/wp-content\/uploads\/2021\/11\/BA3Q8882.jpg\" \/>\n\t<meta property=\"og:image:width\" content=\"1225\" \/>\n\t<meta property=\"og:image:height\" content=\"816\" \/>\n\t<meta property=\"og:image:type\" content=\"image\/jpeg\" \/>\n<meta name=\"author\" content=\"jirauenergia\" \/>\n<meta name=\"twitter:card\" content=\"summary_large_image\" \/>\n<meta name=\"twitter:label1\" content=\"Written by\" \/>\n\t<meta name=\"twitter:data1\" content=\"jirauenergia\" \/>\n\t<meta name=\"twitter:label2\" content=\"Est. reading time\" \/>\n\t<meta name=\"twitter:data2\" content=\"3 minutes\" \/>\n<script type=\"application\/ld+json\" class=\"yoast-schema-graph\">{\"@context\":\"https:\/\/schema.org\",\"@graph\":[{\"@type\":\"Article\",\"@id\":\"https:\/\/www.jirauenergia.com.br\/participacao-da-esbr-no-viii-citenel-aneel-reafirma-importancia-da-empresa-no-cenario-de-tecnologia-energetica\/#article\",\"isPartOf\":{\"@id\":\"https:\/\/www.jirauenergia.com.br\/participacao-da-esbr-no-viii-citenel-aneel-reafirma-importancia-da-empresa-no-cenario-de-tecnologia-energetica\/\"},\"author\":{\"name\":\"jirauenergia\",\"@id\":\"https:\/\/www.jirauenergia.com.br\/#\/schema\/person\/8452dd861e3764906dd8aaa2cd653525\"},\"headline\":\"Participa\u00e7\u00e3o da ESBR no VIII CITENEL\/ANEEL reafirma import\u00e2ncia da empresa no cen\u00e1rio de tecnologia energ\u00e9tica\",\"datePublished\":\"2015-08-28T13:10:00+00:00\",\"dateModified\":\"2021-11-04T13:16:19+00:00\",\"mainEntityOfPage\":{\"@id\":\"https:\/\/www.jirauenergia.com.br\/participacao-da-esbr-no-viii-citenel-aneel-reafirma-importancia-da-empresa-no-cenario-de-tecnologia-energetica\/\"},\"wordCount\":676,\"commentCount\":0,\"publisher\":{\"@id\":\"https:\/\/www.jirauenergia.com.br\/#organization\"},\"image\":{\"@id\":\"https:\/\/www.jirauenergia.com.br\/participacao-da-esbr-no-viii-citenel-aneel-reafirma-importancia-da-empresa-no-cenario-de-tecnologia-energetica\/#primaryimage\"},\"thumbnailUrl\":\"https:\/\/www.jirauenergia.com.br\/wp-content\/uploads\/2021\/11\/BA3Q8882.jpg\",\"articleSection\":[\"Not\u00edcias\"],\"inLanguage\":\"en-US\",\"potentialAction\":[{\"@type\":\"CommentAction\",\"name\":\"Comment\",\"target\":[\"https:\/\/www.jirauenergia.com.br\/participacao-da-esbr-no-viii-citenel-aneel-reafirma-importancia-da-empresa-no-cenario-de-tecnologia-energetica\/#respond\"]}]},{\"@type\":\"WebPage\",\"@id\":\"https:\/\/www.jirauenergia.com.br\/participacao-da-esbr-no-viii-citenel-aneel-reafirma-importancia-da-empresa-no-cenario-de-tecnologia-energetica\/\",\"url\":\"https:\/\/www.jirauenergia.com.br\/participacao-da-esbr-no-viii-citenel-aneel-reafirma-importancia-da-empresa-no-cenario-de-tecnologia-energetica\/\",\"name\":\"Participa\u00e7\u00e3o da ESBR no VIII CITENEL\/ANEEL reafirma import\u00e2ncia da empresa no cen\u00e1rio de tecnologia energ\u00e9tica - Jirau Energia\",\"isPartOf\":{\"@id\":\"https:\/\/www.jirauenergia.com.br\/#website\"},\"primaryImageOfPage\":{\"@id\":\"https:\/\/www.jirauenergia.com.br\/participacao-da-esbr-no-viii-citenel-aneel-reafirma-importancia-da-empresa-no-cenario-de-tecnologia-energetica\/#primaryimage\"},\"image\":{\"@id\":\"https:\/\/www.jirauenergia.com.br\/participacao-da-esbr-no-viii-citenel-aneel-reafirma-importancia-da-empresa-no-cenario-de-tecnologia-energetica\/#primaryimage\"},\"thumbnailUrl\":\"https:\/\/www.jirauenergia.com.br\/wp-content\/uploads\/2021\/11\/BA3Q8882.jpg\",\"datePublished\":\"2015-08-28T13:10:00+00:00\",\"dateModified\":\"2021-11-04T13:16:19+00:00\",\"breadcrumb\":{\"@id\":\"https:\/\/www.jirauenergia.com.br\/participacao-da-esbr-no-viii-citenel-aneel-reafirma-importancia-da-empresa-no-cenario-de-tecnologia-energetica\/#breadcrumb\"},\"inLanguage\":\"en-US\",\"potentialAction\":[{\"@type\":\"ReadAction\",\"target\":[\"https:\/\/www.jirauenergia.com.br\/participacao-da-esbr-no-viii-citenel-aneel-reafirma-importancia-da-empresa-no-cenario-de-tecnologia-energetica\/\"]}]},{\"@type\":\"ImageObject\",\"inLanguage\":\"en-US\",\"@id\":\"https:\/\/www.jirauenergia.com.br\/participacao-da-esbr-no-viii-citenel-aneel-reafirma-importancia-da-empresa-no-cenario-de-tecnologia-energetica\/#primaryimage\",\"url\":\"https:\/\/www.jirauenergia.com.br\/wp-content\/uploads\/2021\/11\/BA3Q8882.jpg\",\"contentUrl\":\"https:\/\/www.jirauenergia.com.br\/wp-content\/uploads\/2021\/11\/BA3Q8882.jpg\",\"width\":1225,\"height\":816},{\"@type\":\"BreadcrumbList\",\"@id\":\"https:\/\/www.jirauenergia.com.br\/participacao-da-esbr-no-viii-citenel-aneel-reafirma-importancia-da-empresa-no-cenario-de-tecnologia-energetica\/#breadcrumb\",\"itemListElement\":[{\"@type\":\"ListItem\",\"position\":1,\"name\":\"In\u00edcio\",\"item\":\"https:\/\/www.jirauenergia.com.br\/\"},{\"@type\":\"ListItem\",\"position\":2,\"name\":\"Participa\u00e7\u00e3o da ESBR no VIII CITENEL\/ANEEL reafirma import\u00e2ncia da empresa no cen\u00e1rio de tecnologia energ\u00e9tica\"}]},{\"@type\":\"WebSite\",\"@id\":\"https:\/\/www.jirauenergia.com.br\/#website\",\"url\":\"https:\/\/www.jirauenergia.com.br\/\",\"name\":\"Jirau Energia\",\"description\":\"\",\"publisher\":{\"@id\":\"https:\/\/www.jirauenergia.com.br\/#organization\"},\"potentialAction\":[{\"@type\":\"SearchAction\",\"target\":{\"@type\":\"EntryPoint\",\"urlTemplate\":\"https:\/\/www.jirauenergia.com.br\/?s={search_term_string}\"},\"query-input\":{\"@type\":\"PropertyValueSpecification\",\"valueRequired\":true,\"valueName\":\"search_term_string\"}}],\"inLanguage\":\"en-US\"},{\"@type\":\"Organization\",\"@id\":\"https:\/\/www.jirauenergia.com.br\/#organization\",\"name\":\"Jirau Energia\",\"url\":\"https:\/\/www.jirauenergia.com.br\/\",\"logo\":{\"@type\":\"ImageObject\",\"inLanguage\":\"en-US\",\"@id\":\"https:\/\/www.jirauenergia.com.br\/#\/schema\/logo\/image\/\",\"url\":\"https:\/\/www.jirauenergia.com.br\/wp-content\/uploads\/2021\/06\/cropped-logo-jirau-energia-1-1.png\",\"contentUrl\":\"https:\/\/www.jirauenergia.com.br\/wp-content\/uploads\/2021\/06\/cropped-logo-jirau-energia-1-1.png\",\"width\":300,\"height\":86,\"caption\":\"Jirau Energia\"},\"image\":{\"@id\":\"https:\/\/www.jirauenergia.com.br\/#\/schema\/logo\/image\/\"}},{\"@type\":\"Person\",\"@id\":\"https:\/\/www.jirauenergia.com.br\/#\/schema\/person\/8452dd861e3764906dd8aaa2cd653525\",\"name\":\"jirauenergia\",\"image\":{\"@type\":\"ImageObject\",\"inLanguage\":\"en-US\",\"@id\":\"https:\/\/www.jirauenergia.com.br\/#\/schema\/person\/image\/\",\"url\":\"https:\/\/secure.gravatar.com\/avatar\/5aedeb352cd31eb2b3d0be18147849090117adb8c7f2b8420d2aed5457179913?s=96&d=mm&r=g\",\"contentUrl\":\"https:\/\/secure.gravatar.com\/avatar\/5aedeb352cd31eb2b3d0be18147849090117adb8c7f2b8420d2aed5457179913?s=96&d=mm&r=g\",\"caption\":\"jirauenergia\"},\"sameAs\":[\"http:\/\/34.95.145.5\"],\"url\":\"https:\/\/www.jirauenergia.com.br\/en\/author\/jirauenergia\/\"}]}<\/script>\n<!-- \/ Yoast SEO plugin. -->","yoast_head_json":{"title":"Participa\u00e7\u00e3o da ESBR no VIII CITENEL\/ANEEL reafirma import\u00e2ncia da empresa no cen\u00e1rio de tecnologia energ\u00e9tica - Jirau Energia","robots":{"index":"index","follow":"follow","max-snippet":"max-snippet:-1","max-image-preview":"max-image-preview:large","max-video-preview":"max-video-preview:-1"},"canonical":"https:\/\/www.jirauenergia.com.br\/en\/participacao-da-esbr-no-viii-citenel-aneel-reafirma-importancia-da-empresa-no-cenario-de-tecnologia-energetica\/","og_locale":"en_US","og_type":"article","og_title":"Participa\u00e7\u00e3o da ESBR no VIII CITENEL\/ANEEL reafirma import\u00e2ncia da empresa no cen\u00e1rio de tecnologia energ\u00e9tica - Jirau Energia","og_description":"Durante os dias 17, 18 e 19 de agosto, a Energia Sustent\u00e1vel do Brasil (ESBR) fez parte de um dos maiores eventos de gera\u00e7\u00e3o, transmiss\u00e3o e distribui\u00e7\u00e3o de energia el\u00e9trica do Brasil, realizado no Complexo Costa do Sau\u00edpe, Bahia (BA). Organizado pela Coelba, empresa do Grupo Neoenergia e respons\u00e1vel pela distribui\u00e7\u00e3o de energia na BA, [&hellip;]","og_url":"https:\/\/www.jirauenergia.com.br\/en\/participacao-da-esbr-no-viii-citenel-aneel-reafirma-importancia-da-empresa-no-cenario-de-tecnologia-energetica\/","og_site_name":"Jirau Energia","article_published_time":"2015-08-28T13:10:00+00:00","article_modified_time":"2021-11-04T13:16:19+00:00","og_image":[{"width":1225,"height":816,"url":"https:\/\/www.jirauenergia.com.br\/wp-content\/uploads\/2021\/11\/BA3Q8882.jpg","type":"image\/jpeg"}],"author":"jirauenergia","twitter_card":"summary_large_image","twitter_misc":{"Written by":"jirauenergia","Est. reading time":"3 minutes"},"schema":{"@context":"https:\/\/schema.org","@graph":[{"@type":"Article","@id":"https:\/\/www.jirauenergia.com.br\/participacao-da-esbr-no-viii-citenel-aneel-reafirma-importancia-da-empresa-no-cenario-de-tecnologia-energetica\/#article","isPartOf":{"@id":"https:\/\/www.jirauenergia.com.br\/participacao-da-esbr-no-viii-citenel-aneel-reafirma-importancia-da-empresa-no-cenario-de-tecnologia-energetica\/"},"author":{"name":"jirauenergia","@id":"https:\/\/www.jirauenergia.com.br\/#\/schema\/person\/8452dd861e3764906dd8aaa2cd653525"},"headline":"Participa\u00e7\u00e3o da ESBR no VIII CITENEL\/ANEEL reafirma import\u00e2ncia da empresa no cen\u00e1rio de tecnologia energ\u00e9tica","datePublished":"2015-08-28T13:10:00+00:00","dateModified":"2021-11-04T13:16:19+00:00","mainEntityOfPage":{"@id":"https:\/\/www.jirauenergia.com.br\/participacao-da-esbr-no-viii-citenel-aneel-reafirma-importancia-da-empresa-no-cenario-de-tecnologia-energetica\/"},"wordCount":676,"commentCount":0,"publisher":{"@id":"https:\/\/www.jirauenergia.com.br\/#organization"},"image":{"@id":"https:\/\/www.jirauenergia.com.br\/participacao-da-esbr-no-viii-citenel-aneel-reafirma-importancia-da-empresa-no-cenario-de-tecnologia-energetica\/#primaryimage"},"thumbnailUrl":"https:\/\/www.jirauenergia.com.br\/wp-content\/uploads\/2021\/11\/BA3Q8882.jpg","articleSection":["Not\u00edcias"],"inLanguage":"en-US","potentialAction":[{"@type":"CommentAction","name":"Comment","target":["https:\/\/www.jirauenergia.com.br\/participacao-da-esbr-no-viii-citenel-aneel-reafirma-importancia-da-empresa-no-cenario-de-tecnologia-energetica\/#respond"]}]},{"@type":"WebPage","@id":"https:\/\/www.jirauenergia.com.br\/participacao-da-esbr-no-viii-citenel-aneel-reafirma-importancia-da-empresa-no-cenario-de-tecnologia-energetica\/","url":"https:\/\/www.jirauenergia.com.br\/participacao-da-esbr-no-viii-citenel-aneel-reafirma-importancia-da-empresa-no-cenario-de-tecnologia-energetica\/","name":"Participa\u00e7\u00e3o da ESBR no VIII CITENEL\/ANEEL reafirma import\u00e2ncia da empresa no cen\u00e1rio de tecnologia energ\u00e9tica - Jirau Energia","isPartOf":{"@id":"https:\/\/www.jirauenergia.com.br\/#website"},"primaryImageOfPage":{"@id":"https:\/\/www.jirauenergia.com.br\/participacao-da-esbr-no-viii-citenel-aneel-reafirma-importancia-da-empresa-no-cenario-de-tecnologia-energetica\/#primaryimage"},"image":{"@id":"https:\/\/www.jirauenergia.com.br\/participacao-da-esbr-no-viii-citenel-aneel-reafirma-importancia-da-empresa-no-cenario-de-tecnologia-energetica\/#primaryimage"},"thumbnailUrl":"https:\/\/www.jirauenergia.com.br\/wp-content\/uploads\/2021\/11\/BA3Q8882.jpg","datePublished":"2015-08-28T13:10:00+00:00","dateModified":"2021-11-04T13:16:19+00:00","breadcrumb":{"@id":"https:\/\/www.jirauenergia.com.br\/participacao-da-esbr-no-viii-citenel-aneel-reafirma-importancia-da-empresa-no-cenario-de-tecnologia-energetica\/#breadcrumb"},"inLanguage":"en-US","potentialAction":[{"@type":"ReadAction","target":["https:\/\/www.jirauenergia.com.br\/participacao-da-esbr-no-viii-citenel-aneel-reafirma-importancia-da-empresa-no-cenario-de-tecnologia-energetica\/"]}]},{"@type":"ImageObject","inLanguage":"en-US","@id":"https:\/\/www.jirauenergia.com.br\/participacao-da-esbr-no-viii-citenel-aneel-reafirma-importancia-da-empresa-no-cenario-de-tecnologia-energetica\/#primaryimage","url":"https:\/\/www.jirauenergia.com.br\/wp-content\/uploads\/2021\/11\/BA3Q8882.jpg","contentUrl":"https:\/\/www.jirauenergia.com.br\/wp-content\/uploads\/2021\/11\/BA3Q8882.jpg","width":1225,"height":816},{"@type":"BreadcrumbList","@id":"https:\/\/www.jirauenergia.com.br\/participacao-da-esbr-no-viii-citenel-aneel-reafirma-importancia-da-empresa-no-cenario-de-tecnologia-energetica\/#breadcrumb","itemListElement":[{"@type":"ListItem","position":1,"name":"In\u00edcio","item":"https:\/\/www.jirauenergia.com.br\/"},{"@type":"ListItem","position":2,"name":"Participa\u00e7\u00e3o da ESBR no VIII CITENEL\/ANEEL reafirma import\u00e2ncia da empresa no cen\u00e1rio de tecnologia energ\u00e9tica"}]},{"@type":"WebSite","@id":"https:\/\/www.jirauenergia.com.br\/#website","url":"https:\/\/www.jirauenergia.com.br\/","name":"JIRAU ENERGY","description":"","publisher":{"@id":"https:\/\/www.jirauenergia.com.br\/#organization"},"potentialAction":[{"@type":"SearchAction","target":{"@type":"EntryPoint","urlTemplate":"https:\/\/www.jirauenergia.com.br\/?s={search_term_string}"},"query-input":{"@type":"PropertyValueSpecification","valueRequired":true,"valueName":"search_term_string"}}],"inLanguage":"en-US"},{"@type":"Organization","@id":"https:\/\/www.jirauenergia.com.br\/#organization","name":"JIRAU ENERGY","url":"https:\/\/www.jirauenergia.com.br\/","logo":{"@type":"ImageObject","inLanguage":"en-US","@id":"https:\/\/www.jirauenergia.com.br\/#\/schema\/logo\/image\/","url":"https:\/\/www.jirauenergia.com.br\/wp-content\/uploads\/2021\/06\/cropped-logo-jirau-energia-1-1.png","contentUrl":"https:\/\/www.jirauenergia.com.br\/wp-content\/uploads\/2021\/06\/cropped-logo-jirau-energia-1-1.png","width":300,"height":86,"caption":"Jirau Energia"},"image":{"@id":"https:\/\/www.jirauenergia.com.br\/#\/schema\/logo\/image\/"}},{"@type":"Person","@id":"https:\/\/www.jirauenergia.com.br\/#\/schema\/person\/8452dd861e3764906dd8aaa2cd653525","name":"jirauenergia","image":{"@type":"ImageObject","inLanguage":"en-US","@id":"https:\/\/www.jirauenergia.com.br\/#\/schema\/person\/image\/","url":"https:\/\/secure.gravatar.com\/avatar\/5aedeb352cd31eb2b3d0be18147849090117adb8c7f2b8420d2aed5457179913?s=96&d=mm&r=g","contentUrl":"https:\/\/secure.gravatar.com\/avatar\/5aedeb352cd31eb2b3d0be18147849090117adb8c7f2b8420d2aed5457179913?s=96&d=mm&r=g","caption":"jirauenergia"},"sameAs":["http:\/\/34.95.145.5"],"url":"https:\/\/www.jirauenergia.com.br\/en\/author\/jirauenergia\/"}]}},"_links":{"self":[{"href":"https:\/\/www.jirauenergia.com.br\/en\/wp-json\/wp\/v2\/posts\/13908","targetHints":{"allow":["GET"]}}],"collection":[{"href":"https:\/\/www.jirauenergia.com.br\/en\/wp-json\/wp\/v2\/posts"}],"about":[{"href":"https:\/\/www.jirauenergia.com.br\/en\/wp-json\/wp\/v2\/types\/post"}],"author":[{"embeddable":true,"href":"https:\/\/www.jirauenergia.com.br\/en\/wp-json\/wp\/v2\/users\/1"}],"replies":[{"embeddable":true,"href":"https:\/\/www.jirauenergia.com.br\/en\/wp-json\/wp\/v2\/comments?post=13908"}],"version-history":[{"count":1,"href":"https:\/\/www.jirauenergia.com.br\/en\/wp-json\/wp\/v2\/posts\/13908\/revisions"}],"predecessor-version":[{"id":13910,"href":"https:\/\/www.jirauenergia.com.br\/en\/wp-json\/wp\/v2\/posts\/13908\/revisions\/13910"}],"wp:featuredmedia":[{"embeddable":true,"href":"https:\/\/www.jirauenergia.com.br\/en\/wp-json\/wp\/v2\/media\/13909"}],"wp:attachment":[{"href":"https:\/\/www.jirauenergia.com.br\/en\/wp-json\/wp\/v2\/media?parent=13908"}],"wp:term":[{"taxonomy":"category","embeddable":true,"href":"https:\/\/www.jirauenergia.com.br\/en\/wp-json\/wp\/v2\/categories?post=13908"},{"taxonomy":"post_tag","embeddable":true,"href":"https:\/\/www.jirauenergia.com.br\/en\/wp-json\/wp\/v2\/tags?post=13908"},{"taxonomy":"tipo_de_noticias","embeddable":true,"href":"https:\/\/www.jirauenergia.com.br\/en\/wp-json\/wp\/v2\/tipo_de_noticias?post=13908"},{"taxonomy":"tipos_de_inovacao","embeddable":true,"href":"https:\/\/www.jirauenergia.com.br\/en\/wp-json\/wp\/v2\/tipos_de_inovacao?post=13908"},{"taxonomy":"categoria_episodios","embeddable":true,"href":"https:\/\/www.jirauenergia.com.br\/en\/wp-json\/wp\/v2\/categoria_episodios?post=13908"},{"taxonomy":"categorias_de_vaga","embeddable":true,"href":"https:\/\/www.jirauenergia.com.br\/en\/wp-json\/wp\/v2\/categorias_de_vaga?post=13908"},{"taxonomy":"categoria_de_programas","embeddable":true,"href":"https:\/\/www.jirauenergia.com.br\/en\/wp-json\/wp\/v2\/categoria_de_programas?post=13908"},{"taxonomy":"alfabeto_glossario","embeddable":true,"href":"https:\/\/www.jirauenergia.com.br\/en\/wp-json\/wp\/v2\/alfabeto_glossario?post=13908"},{"taxonomy":"categorias_de_pdf","embeddable":true,"href":"https:\/\/www.jirauenergia.com.br\/en\/wp-json\/wp\/v2\/categorias_de_pdf?post=13908"},{"taxonomy":"projetos_pdi","embeddable":true,"href":"https:\/\/www.jirauenergia.com.br\/en\/wp-json\/wp\/v2\/projetos_pdi?post=13908"}],"curies":[{"name":"wp","href":"https:\/\/api.w.org\/{rel}","templated":true}]}}