{"id":13807,"date":"2015-12-30T14:40:00","date_gmt":"2015-12-30T17:40:00","guid":{"rendered":"https:\/\/www.jirauenergia.com.br\/?p=13807"},"modified":"2021-11-03T14:45:16","modified_gmt":"2021-11-03T17:45:16","slug":"uhe-jirau-comemora-cobertura-total-da-casa-de-forca-da-margem-esquerda","status":"publish","type":"post","link":"https:\/\/www.jirauenergia.com.br\/en\/uhe-jirau-comemora-cobertura-total-da-casa-de-forca-da-margem-esquerda\/","title":{"rendered":"UHE Jirau comemora cobertura total da Casa de For\u00e7a da Margem Esquerda"},"content":{"rendered":"<p>Com o cronograma das constru\u00e7\u00f5es civis adiantado em pelo menos seis meses, a Usina Hidrel\u00e9trica Jirau comemora em dezembro mais uma etapa importante, a cobertura total da Casa de For\u00e7a da Margem Esquerda. Agora, a montagem das turbinas e demais m\u00e1quinas e equipamentos no interior da estrutura, poder\u00e1 ser otimizada independente das mudan\u00e7as clim\u00e1ticas, principalmente devido \u00e0 chegada do per\u00edodo de chuvas, caracter\u00edstico do inverno amaz\u00f4nico.<br>A Usina Jirau conta hoje com 41 turbinas em opera\u00e7\u00e3o e os trabalhos est\u00e3o concentrados na montagem e instala\u00e7\u00e3o das \u00faltimas nove m\u00e1quinas, que faltam para concluir as 50 unidades geradoras. A cobertura da Casa de For\u00e7a permitir\u00e1 que as atividades sigam conforme \u00e9 esperado, por isso, a conclus\u00e3o dessa etapa foi bastante esperada e festejada por profissionais e empresas que participam do projeto.<br>O presidente da Energia Sustent\u00e1vel do Brasil (ESBR &#8211; concession\u00e1ria da UHE Jirau), Victor Paranhos, disse que tal resultado s\u00f3 foi poss\u00edvel devido ao empenho dos profissionais envolvidos nessa etapa do empreendimento. \u201cAgrade\u00e7o a todos os profissionais que contribu\u00edram para este resultado. Esse grupo sempre buscou fazer a diferen\u00e7a em um projeto que, apesar das dificuldades, conseguimos chegar a 41 m\u00e1quinas em opera\u00e7\u00e3o. Ver aquele painel na sala de controle com 50 l\u00e2mpadas acesas em 2016, ser\u00e1 uma grande conquista\u201d, comemorou Paranhos.<\/p>","protected":false},"excerpt":{"rendered":"<p>Com o cronograma das constru\u00e7\u00f5es civis adiantado em pelo menos seis meses, a Usina Hidrel\u00e9trica Jirau comemora em dezembro mais uma etapa importante, a cobertura total da Casa de For\u00e7a da Margem Esquerda. Agora, a montagem das turbinas e demais m\u00e1quinas e equipamentos no interior da estrutura, poder\u00e1 ser otimizada independente das mudan\u00e7as clim\u00e1ticas, principalmente [&hellip;]<\/p>","protected":false},"author":1,"featured_media":13808,"comment_status":"open","ping_status":"open","sticky":false,"template":"","format":"standard","meta":{"_acf_changed":false,"footnotes":""},"categories":[37],"tags":[],"tipo_de_noticias":[],"tipos_de_inovacao":[],"categoria_episodios":[],"categorias_de_vaga":[],"categoria_de_programas":[],"alfabeto_glossario":[],"categorias_de_pdf":[],"projetos_pdi":[],"class_list":["post-13807","post","type-post","status-publish","format-standard","has-post-thumbnail","hentry","category-noticias"],"acf":[],"yoast_head":"<!-- This site is optimized with the Yoast SEO plugin v25.9 - https:\/\/yoast.com\/wordpress\/plugins\/seo\/ -->\n<title>UHE Jirau comemora cobertura total da Casa de For\u00e7a da Margem Esquerda - Jirau Energia<\/title>\n<meta name=\"robots\" content=\"index, follow, max-snippet:-1, max-image-preview:large, max-video-preview:-1\" \/>\n<link rel=\"canonical\" href=\"https:\/\/www.jirauenergia.com.br\/en\/uhe-jirau-comemora-cobertura-total-da-casa-de-forca-da-margem-esquerda\/\" \/>\n<meta property=\"og:locale\" content=\"en_US\" \/>\n<meta property=\"og:type\" content=\"article\" \/>\n<meta property=\"og:title\" content=\"UHE Jirau comemora cobertura total da Casa de For\u00e7a da Margem Esquerda - Jirau Energia\" \/>\n<meta property=\"og:description\" content=\"Com o cronograma das constru\u00e7\u00f5es civis adiantado em pelo menos seis meses, a Usina Hidrel\u00e9trica Jirau comemora em dezembro mais uma etapa importante, a cobertura total da Casa de For\u00e7a da Margem Esquerda. Agora, a montagem das turbinas e demais m\u00e1quinas e equipamentos no interior da estrutura, poder\u00e1 ser otimizada independente das mudan\u00e7as clim\u00e1ticas, principalmente [&hellip;]\" \/>\n<meta property=\"og:url\" content=\"https:\/\/www.jirauenergia.com.br\/en\/uhe-jirau-comemora-cobertura-total-da-casa-de-forca-da-margem-esquerda\/\" \/>\n<meta property=\"og:site_name\" content=\"Jirau Energia\" \/>\n<meta property=\"article:published_time\" content=\"2015-12-30T17:40:00+00:00\" \/>\n<meta property=\"article:modified_time\" content=\"2021-11-03T17:45:16+00:00\" \/>\n<meta property=\"og:image\" content=\"https:\/\/www.jirauenergia.com.br\/wp-content\/uploads\/2021\/11\/CoberturaTotaldaCasadeFor_C3_A7a_ME.jpg\" \/>\n\t<meta property=\"og:image:width\" content=\"2304\" \/>\n\t<meta property=\"og:image:height\" content=\"1536\" \/>\n\t<meta property=\"og:image:type\" content=\"image\/jpeg\" \/>\n<meta name=\"author\" content=\"jirauenergia\" \/>\n<meta name=\"twitter:card\" content=\"summary_large_image\" \/>\n<meta name=\"twitter:label1\" content=\"Written by\" \/>\n\t<meta name=\"twitter:data1\" content=\"jirauenergia\" \/>\n\t<meta name=\"twitter:label2\" content=\"Est. reading time\" \/>\n\t<meta name=\"twitter:data2\" content=\"1 minute\" \/>\n<script type=\"application\/ld+json\" class=\"yoast-schema-graph\">{\"@context\":\"https:\/\/schema.org\",\"@graph\":[{\"@type\":\"Article\",\"@id\":\"https:\/\/www.jirauenergia.com.br\/uhe-jirau-comemora-cobertura-total-da-casa-de-forca-da-margem-esquerda\/#article\",\"isPartOf\":{\"@id\":\"https:\/\/www.jirauenergia.com.br\/uhe-jirau-comemora-cobertura-total-da-casa-de-forca-da-margem-esquerda\/\"},\"author\":{\"name\":\"jirauenergia\",\"@id\":\"https:\/\/www.jirauenergia.com.br\/#\/schema\/person\/8452dd861e3764906dd8aaa2cd653525\"},\"headline\":\"UHE Jirau comemora cobertura total da Casa de For\u00e7a da Margem Esquerda\",\"datePublished\":\"2015-12-30T17:40:00+00:00\",\"dateModified\":\"2021-11-03T17:45:16+00:00\",\"mainEntityOfPage\":{\"@id\":\"https:\/\/www.jirauenergia.com.br\/uhe-jirau-comemora-cobertura-total-da-casa-de-forca-da-margem-esquerda\/\"},\"wordCount\":242,\"commentCount\":0,\"publisher\":{\"@id\":\"https:\/\/www.jirauenergia.com.br\/#organization\"},\"image\":{\"@id\":\"https:\/\/www.jirauenergia.com.br\/uhe-jirau-comemora-cobertura-total-da-casa-de-forca-da-margem-esquerda\/#primaryimage\"},\"thumbnailUrl\":\"https:\/\/www.jirauenergia.com.br\/wp-content\/uploads\/2021\/11\/CoberturaTotaldaCasadeFor_C3_A7a_ME.jpg\",\"articleSection\":[\"Not\u00edcias\"],\"inLanguage\":\"en-US\",\"potentialAction\":[{\"@type\":\"CommentAction\",\"name\":\"Comment\",\"target\":[\"https:\/\/www.jirauenergia.com.br\/uhe-jirau-comemora-cobertura-total-da-casa-de-forca-da-margem-esquerda\/#respond\"]}]},{\"@type\":\"WebPage\",\"@id\":\"https:\/\/www.jirauenergia.com.br\/uhe-jirau-comemora-cobertura-total-da-casa-de-forca-da-margem-esquerda\/\",\"url\":\"https:\/\/www.jirauenergia.com.br\/uhe-jirau-comemora-cobertura-total-da-casa-de-forca-da-margem-esquerda\/\",\"name\":\"UHE Jirau comemora cobertura total da Casa de For\u00e7a da Margem Esquerda - Jirau Energia\",\"isPartOf\":{\"@id\":\"https:\/\/www.jirauenergia.com.br\/#website\"},\"primaryImageOfPage\":{\"@id\":\"https:\/\/www.jirauenergia.com.br\/uhe-jirau-comemora-cobertura-total-da-casa-de-forca-da-margem-esquerda\/#primaryimage\"},\"image\":{\"@id\":\"https:\/\/www.jirauenergia.com.br\/uhe-jirau-comemora-cobertura-total-da-casa-de-forca-da-margem-esquerda\/#primaryimage\"},\"thumbnailUrl\":\"https:\/\/www.jirauenergia.com.br\/wp-content\/uploads\/2021\/11\/CoberturaTotaldaCasadeFor_C3_A7a_ME.jpg\",\"datePublished\":\"2015-12-30T17:40:00+00:00\",\"dateModified\":\"2021-11-03T17:45:16+00:00\",\"breadcrumb\":{\"@id\":\"https:\/\/www.jirauenergia.com.br\/uhe-jirau-comemora-cobertura-total-da-casa-de-forca-da-margem-esquerda\/#breadcrumb\"},\"inLanguage\":\"en-US\",\"potentialAction\":[{\"@type\":\"ReadAction\",\"target\":[\"https:\/\/www.jirauenergia.com.br\/uhe-jirau-comemora-cobertura-total-da-casa-de-forca-da-margem-esquerda\/\"]}]},{\"@type\":\"ImageObject\",\"inLanguage\":\"en-US\",\"@id\":\"https:\/\/www.jirauenergia.com.br\/uhe-jirau-comemora-cobertura-total-da-casa-de-forca-da-margem-esquerda\/#primaryimage\",\"url\":\"https:\/\/www.jirauenergia.com.br\/wp-content\/uploads\/2021\/11\/CoberturaTotaldaCasadeFor_C3_A7a_ME.jpg\",\"contentUrl\":\"https:\/\/www.jirauenergia.com.br\/wp-content\/uploads\/2021\/11\/CoberturaTotaldaCasadeFor_C3_A7a_ME.jpg\",\"width\":2304,\"height\":1536},{\"@type\":\"BreadcrumbList\",\"@id\":\"https:\/\/www.jirauenergia.com.br\/uhe-jirau-comemora-cobertura-total-da-casa-de-forca-da-margem-esquerda\/#breadcrumb\",\"itemListElement\":[{\"@type\":\"ListItem\",\"position\":1,\"name\":\"In\u00edcio\",\"item\":\"https:\/\/www.jirauenergia.com.br\/\"},{\"@type\":\"ListItem\",\"position\":2,\"name\":\"UHE Jirau comemora cobertura total da Casa de For\u00e7a da Margem Esquerda\"}]},{\"@type\":\"WebSite\",\"@id\":\"https:\/\/www.jirauenergia.com.br\/#website\",\"url\":\"https:\/\/www.jirauenergia.com.br\/\",\"name\":\"Jirau Energia\",\"description\":\"\",\"publisher\":{\"@id\":\"https:\/\/www.jirauenergia.com.br\/#organization\"},\"potentialAction\":[{\"@type\":\"SearchAction\",\"target\":{\"@type\":\"EntryPoint\",\"urlTemplate\":\"https:\/\/www.jirauenergia.com.br\/?s={search_term_string}\"},\"query-input\":{\"@type\":\"PropertyValueSpecification\",\"valueRequired\":true,\"valueName\":\"search_term_string\"}}],\"inLanguage\":\"en-US\"},{\"@type\":\"Organization\",\"@id\":\"https:\/\/www.jirauenergia.com.br\/#organization\",\"name\":\"Jirau Energia\",\"url\":\"https:\/\/www.jirauenergia.com.br\/\",\"logo\":{\"@type\":\"ImageObject\",\"inLanguage\":\"en-US\",\"@id\":\"https:\/\/www.jirauenergia.com.br\/#\/schema\/logo\/image\/\",\"url\":\"https:\/\/www.jirauenergia.com.br\/wp-content\/uploads\/2021\/06\/cropped-logo-jirau-energia-1-1.png\",\"contentUrl\":\"https:\/\/www.jirauenergia.com.br\/wp-content\/uploads\/2021\/06\/cropped-logo-jirau-energia-1-1.png\",\"width\":300,\"height\":86,\"caption\":\"Jirau Energia\"},\"image\":{\"@id\":\"https:\/\/www.jirauenergia.com.br\/#\/schema\/logo\/image\/\"}},{\"@type\":\"Person\",\"@id\":\"https:\/\/www.jirauenergia.com.br\/#\/schema\/person\/8452dd861e3764906dd8aaa2cd653525\",\"name\":\"jirauenergia\",\"image\":{\"@type\":\"ImageObject\",\"inLanguage\":\"en-US\",\"@id\":\"https:\/\/www.jirauenergia.com.br\/#\/schema\/person\/image\/\",\"url\":\"https:\/\/secure.gravatar.com\/avatar\/5aedeb352cd31eb2b3d0be18147849090117adb8c7f2b8420d2aed5457179913?s=96&d=mm&r=g\",\"contentUrl\":\"https:\/\/secure.gravatar.com\/avatar\/5aedeb352cd31eb2b3d0be18147849090117adb8c7f2b8420d2aed5457179913?s=96&d=mm&r=g\",\"caption\":\"jirauenergia\"},\"sameAs\":[\"http:\/\/34.95.145.5\"],\"url\":\"https:\/\/www.jirauenergia.com.br\/en\/author\/jirauenergia\/\"}]}<\/script>\n<!-- \/ Yoast SEO plugin. -->","yoast_head_json":{"title":"UHE Jirau comemora cobertura total da Casa de For\u00e7a da Margem Esquerda - Jirau Energia","robots":{"index":"index","follow":"follow","max-snippet":"max-snippet:-1","max-image-preview":"max-image-preview:large","max-video-preview":"max-video-preview:-1"},"canonical":"https:\/\/www.jirauenergia.com.br\/en\/uhe-jirau-comemora-cobertura-total-da-casa-de-forca-da-margem-esquerda\/","og_locale":"en_US","og_type":"article","og_title":"UHE Jirau comemora cobertura total da Casa de For\u00e7a da Margem Esquerda - Jirau Energia","og_description":"Com o cronograma das constru\u00e7\u00f5es civis adiantado em pelo menos seis meses, a Usina Hidrel\u00e9trica Jirau comemora em dezembro mais uma etapa importante, a cobertura total da Casa de For\u00e7a da Margem Esquerda. Agora, a montagem das turbinas e demais m\u00e1quinas e equipamentos no interior da estrutura, poder\u00e1 ser otimizada independente das mudan\u00e7as clim\u00e1ticas, principalmente [&hellip;]","og_url":"https:\/\/www.jirauenergia.com.br\/en\/uhe-jirau-comemora-cobertura-total-da-casa-de-forca-da-margem-esquerda\/","og_site_name":"Jirau Energia","article_published_time":"2015-12-30T17:40:00+00:00","article_modified_time":"2021-11-03T17:45:16+00:00","og_image":[{"width":2304,"height":1536,"url":"https:\/\/www.jirauenergia.com.br\/wp-content\/uploads\/2021\/11\/CoberturaTotaldaCasadeFor_C3_A7a_ME.jpg","type":"image\/jpeg"}],"author":"jirauenergia","twitter_card":"summary_large_image","twitter_misc":{"Written by":"jirauenergia","Est. reading time":"1 minute"},"schema":{"@context":"https:\/\/schema.org","@graph":[{"@type":"Article","@id":"https:\/\/www.jirauenergia.com.br\/uhe-jirau-comemora-cobertura-total-da-casa-de-forca-da-margem-esquerda\/#article","isPartOf":{"@id":"https:\/\/www.jirauenergia.com.br\/uhe-jirau-comemora-cobertura-total-da-casa-de-forca-da-margem-esquerda\/"},"author":{"name":"jirauenergia","@id":"https:\/\/www.jirauenergia.com.br\/#\/schema\/person\/8452dd861e3764906dd8aaa2cd653525"},"headline":"UHE Jirau comemora cobertura total da Casa de For\u00e7a da Margem Esquerda","datePublished":"2015-12-30T17:40:00+00:00","dateModified":"2021-11-03T17:45:16+00:00","mainEntityOfPage":{"@id":"https:\/\/www.jirauenergia.com.br\/uhe-jirau-comemora-cobertura-total-da-casa-de-forca-da-margem-esquerda\/"},"wordCount":242,"commentCount":0,"publisher":{"@id":"https:\/\/www.jirauenergia.com.br\/#organization"},"image":{"@id":"https:\/\/www.jirauenergia.com.br\/uhe-jirau-comemora-cobertura-total-da-casa-de-forca-da-margem-esquerda\/#primaryimage"},"thumbnailUrl":"https:\/\/www.jirauenergia.com.br\/wp-content\/uploads\/2021\/11\/CoberturaTotaldaCasadeFor_C3_A7a_ME.jpg","articleSection":["Not\u00edcias"],"inLanguage":"en-US","potentialAction":[{"@type":"CommentAction","name":"Comment","target":["https:\/\/www.jirauenergia.com.br\/uhe-jirau-comemora-cobertura-total-da-casa-de-forca-da-margem-esquerda\/#respond"]}]},{"@type":"WebPage","@id":"https:\/\/www.jirauenergia.com.br\/uhe-jirau-comemora-cobertura-total-da-casa-de-forca-da-margem-esquerda\/","url":"https:\/\/www.jirauenergia.com.br\/uhe-jirau-comemora-cobertura-total-da-casa-de-forca-da-margem-esquerda\/","name":"UHE Jirau comemora cobertura total da Casa de For\u00e7a da Margem Esquerda - Jirau Energia","isPartOf":{"@id":"https:\/\/www.jirauenergia.com.br\/#website"},"primaryImageOfPage":{"@id":"https:\/\/www.jirauenergia.com.br\/uhe-jirau-comemora-cobertura-total-da-casa-de-forca-da-margem-esquerda\/#primaryimage"},"image":{"@id":"https:\/\/www.jirauenergia.com.br\/uhe-jirau-comemora-cobertura-total-da-casa-de-forca-da-margem-esquerda\/#primaryimage"},"thumbnailUrl":"https:\/\/www.jirauenergia.com.br\/wp-content\/uploads\/2021\/11\/CoberturaTotaldaCasadeFor_C3_A7a_ME.jpg","datePublished":"2015-12-30T17:40:00+00:00","dateModified":"2021-11-03T17:45:16+00:00","breadcrumb":{"@id":"https:\/\/www.jirauenergia.com.br\/uhe-jirau-comemora-cobertura-total-da-casa-de-forca-da-margem-esquerda\/#breadcrumb"},"inLanguage":"en-US","potentialAction":[{"@type":"ReadAction","target":["https:\/\/www.jirauenergia.com.br\/uhe-jirau-comemora-cobertura-total-da-casa-de-forca-da-margem-esquerda\/"]}]},{"@type":"ImageObject","inLanguage":"en-US","@id":"https:\/\/www.jirauenergia.com.br\/uhe-jirau-comemora-cobertura-total-da-casa-de-forca-da-margem-esquerda\/#primaryimage","url":"https:\/\/www.jirauenergia.com.br\/wp-content\/uploads\/2021\/11\/CoberturaTotaldaCasadeFor_C3_A7a_ME.jpg","contentUrl":"https:\/\/www.jirauenergia.com.br\/wp-content\/uploads\/2021\/11\/CoberturaTotaldaCasadeFor_C3_A7a_ME.jpg","width":2304,"height":1536},{"@type":"BreadcrumbList","@id":"https:\/\/www.jirauenergia.com.br\/uhe-jirau-comemora-cobertura-total-da-casa-de-forca-da-margem-esquerda\/#breadcrumb","itemListElement":[{"@type":"ListItem","position":1,"name":"In\u00edcio","item":"https:\/\/www.jirauenergia.com.br\/"},{"@type":"ListItem","position":2,"name":"UHE Jirau comemora cobertura total da Casa de For\u00e7a da Margem Esquerda"}]},{"@type":"WebSite","@id":"https:\/\/www.jirauenergia.com.br\/#website","url":"https:\/\/www.jirauenergia.com.br\/","name":"JIRAU ENERGY","description":"","publisher":{"@id":"https:\/\/www.jirauenergia.com.br\/#organization"},"potentialAction":[{"@type":"SearchAction","target":{"@type":"EntryPoint","urlTemplate":"https:\/\/www.jirauenergia.com.br\/?s={search_term_string}"},"query-input":{"@type":"PropertyValueSpecification","valueRequired":true,"valueName":"search_term_string"}}],"inLanguage":"en-US"},{"@type":"Organization","@id":"https:\/\/www.jirauenergia.com.br\/#organization","name":"JIRAU ENERGY","url":"https:\/\/www.jirauenergia.com.br\/","logo":{"@type":"ImageObject","inLanguage":"en-US","@id":"https:\/\/www.jirauenergia.com.br\/#\/schema\/logo\/image\/","url":"https:\/\/www.jirauenergia.com.br\/wp-content\/uploads\/2021\/06\/cropped-logo-jirau-energia-1-1.png","contentUrl":"https:\/\/www.jirauenergia.com.br\/wp-content\/uploads\/2021\/06\/cropped-logo-jirau-energia-1-1.png","width":300,"height":86,"caption":"Jirau Energia"},"image":{"@id":"https:\/\/www.jirauenergia.com.br\/#\/schema\/logo\/image\/"}},{"@type":"Person","@id":"https:\/\/www.jirauenergia.com.br\/#\/schema\/person\/8452dd861e3764906dd8aaa2cd653525","name":"jirauenergia","image":{"@type":"ImageObject","inLanguage":"en-US","@id":"https:\/\/www.jirauenergia.com.br\/#\/schema\/person\/image\/","url":"https:\/\/secure.gravatar.com\/avatar\/5aedeb352cd31eb2b3d0be18147849090117adb8c7f2b8420d2aed5457179913?s=96&d=mm&r=g","contentUrl":"https:\/\/secure.gravatar.com\/avatar\/5aedeb352cd31eb2b3d0be18147849090117adb8c7f2b8420d2aed5457179913?s=96&d=mm&r=g","caption":"jirauenergia"},"sameAs":["http:\/\/34.95.145.5"],"url":"https:\/\/www.jirauenergia.com.br\/en\/author\/jirauenergia\/"}]}},"_links":{"self":[{"href":"https:\/\/www.jirauenergia.com.br\/en\/wp-json\/wp\/v2\/posts\/13807","targetHints":{"allow":["GET"]}}],"collection":[{"href":"https:\/\/www.jirauenergia.com.br\/en\/wp-json\/wp\/v2\/posts"}],"about":[{"href":"https:\/\/www.jirauenergia.com.br\/en\/wp-json\/wp\/v2\/types\/post"}],"author":[{"embeddable":true,"href":"https:\/\/www.jirauenergia.com.br\/en\/wp-json\/wp\/v2\/users\/1"}],"replies":[{"embeddable":true,"href":"https:\/\/www.jirauenergia.com.br\/en\/wp-json\/wp\/v2\/comments?post=13807"}],"version-history":[{"count":1,"href":"https:\/\/www.jirauenergia.com.br\/en\/wp-json\/wp\/v2\/posts\/13807\/revisions"}],"predecessor-version":[{"id":13809,"href":"https:\/\/www.jirauenergia.com.br\/en\/wp-json\/wp\/v2\/posts\/13807\/revisions\/13809"}],"wp:featuredmedia":[{"embeddable":true,"href":"https:\/\/www.jirauenergia.com.br\/en\/wp-json\/wp\/v2\/media\/13808"}],"wp:attachment":[{"href":"https:\/\/www.jirauenergia.com.br\/en\/wp-json\/wp\/v2\/media?parent=13807"}],"wp:term":[{"taxonomy":"category","embeddable":true,"href":"https:\/\/www.jirauenergia.com.br\/en\/wp-json\/wp\/v2\/categories?post=13807"},{"taxonomy":"post_tag","embeddable":true,"href":"https:\/\/www.jirauenergia.com.br\/en\/wp-json\/wp\/v2\/tags?post=13807"},{"taxonomy":"tipo_de_noticias","embeddable":true,"href":"https:\/\/www.jirauenergia.com.br\/en\/wp-json\/wp\/v2\/tipo_de_noticias?post=13807"},{"taxonomy":"tipos_de_inovacao","embeddable":true,"href":"https:\/\/www.jirauenergia.com.br\/en\/wp-json\/wp\/v2\/tipos_de_inovacao?post=13807"},{"taxonomy":"categoria_episodios","embeddable":true,"href":"https:\/\/www.jirauenergia.com.br\/en\/wp-json\/wp\/v2\/categoria_episodios?post=13807"},{"taxonomy":"categorias_de_vaga","embeddable":true,"href":"https:\/\/www.jirauenergia.com.br\/en\/wp-json\/wp\/v2\/categorias_de_vaga?post=13807"},{"taxonomy":"categoria_de_programas","embeddable":true,"href":"https:\/\/www.jirauenergia.com.br\/en\/wp-json\/wp\/v2\/categoria_de_programas?post=13807"},{"taxonomy":"alfabeto_glossario","embeddable":true,"href":"https:\/\/www.jirauenergia.com.br\/en\/wp-json\/wp\/v2\/alfabeto_glossario?post=13807"},{"taxonomy":"categorias_de_pdf","embeddable":true,"href":"https:\/\/www.jirauenergia.com.br\/en\/wp-json\/wp\/v2\/categorias_de_pdf?post=13807"},{"taxonomy":"projetos_pdi","embeddable":true,"href":"https:\/\/www.jirauenergia.com.br\/en\/wp-json\/wp\/v2\/projetos_pdi?post=13807"}],"curies":[{"name":"wp","href":"https:\/\/api.w.org\/{rel}","templated":true}]}}