{"id":12173,"date":"2009-07-15T17:04:00","date_gmt":"2009-07-15T20:04:00","guid":{"rendered":"https:\/\/www.jirauenergia.com.br\/?p=12173"},"modified":"2021-10-07T17:04:33","modified_gmt":"2021-10-07T20:04:33","slug":"energia-sustentavel-capacita-micro-e-pequenos-empresarios","status":"publish","type":"post","link":"https:\/\/www.jirauenergia.com.br\/en\/energia-sustentavel-capacita-micro-e-pequenos-empresarios\/","title":{"rendered":"Energia Sustent\u00e1vel capacita micro e pequenos empres\u00e1rios"},"content":{"rendered":"<p>Em meio ao cen\u00e1rio de desenvolvimento que \u00e9 estimulado com a implanta\u00e7\u00e3o da Usina Hidrel\u00e9trica Jirau, em Rond\u00f4nia, surgem novas demandas por produtos e servi\u00e7os, que podem ser explorados por comerciantes e empres\u00e1rios da regi\u00e3o. Na procura de colaborar neste processo, a Energia Sustent\u00e1vel do Brasil, concession\u00e1ria da Usina Jirau, lan\u00e7a o Programa de Qualifica\u00e7\u00e3o de Micro e Pequenos Empres\u00e1rios locais.<\/p>\n\n\n\n<p>O objetivo do programa \u00e9 capacitar empres\u00e1rios de micro e pequenas empresas da regi\u00e3o em temas relacionados ao empreendedorismo. A a\u00e7\u00e3o faz parte da parceria firmada com o Servi\u00e7o Brasileiro de Apoio \u00e0s Micro e Pequenas Empresas (Sebrae), entidade de refer\u00eancia contratada para ministrar os cursos.<\/p>\n\n\n\n<p>As aulas ser\u00e3o ministradas, no per\u00edodo de julho a outubro deste ano. O programa beneficiar\u00e1 diretamente os comerciantes dos distritos de Jaci-Paran\u00e1, Mutum-Paran\u00e1, Abun\u00e3 e Fortaleza do Abun\u00e3. Inicialmente s\u00e3o oferecidas 120 vagas, distribu\u00eddas nos quatro distritos.<\/p>\n\n\n\n<p>O primeiro curso, Aprender a Empreender, iniciou nesta segunda-feira, \u00e0s 19h, na escola Municipal Nossa Senhora de Nazar\u00e9, em Mutum-Paran\u00e1, e encerra na pr\u00f3xima sexta-feira, 18. A id\u00e9ia \u00e9 proporcionar aos empres\u00e1rios das localidades um diferencial. Al\u00e9m disso, os cursos ampliam as oportunidades neste setor e favorecem na melhoria dos servi\u00e7os prestados.<\/p>\n\n\n\n<p>Ao todo, ser\u00e3o cinco m\u00f3dulos com os temas Aprender a Empreender, Gest\u00e3o Empreendedora, Boas Vendas, Forma\u00e7\u00e3o de Pre\u00e7o de Venda e Controles Financeiros, que ser\u00e3o desenvolvidos em sala de aula, pela equipe de instrutores do Sebrae, com expertise em desenvolvimento empresarial e comercial, sem nenhum custo para a comunidade. Ao passar por todos os m\u00f3dulos o participante ter\u00e1 no curr\u00edculo uma carga hor\u00e1ria de 105 horas\/aula.<\/p>\n\n\n\n<p>Segundo o empres\u00e1rio Claudenir Oliveira, que atua no ramo de panifica\u00e7\u00e3o em Mutum-Paran\u00e1, apesar de estar na \u00e1rea h\u00e1 cinco anos, ainda se considera leigo no assunto. \u201cAgora com os cursos oferecidos pela Energia Sustent\u00e1vel iremos ter uma outra vis\u00e3o do nosso estabelecimento, em propor\u00e7\u00e3o bem maior\u201d, declarou.<\/p>\n\n\n\n<p>Claudenir disse ainda que vai acompanhar o ritmo do crescimento na regi\u00e3o e est\u00e1 ansioso para estudar o modulo \u201cControle Financeiro\u201d. \u201cN\u00e3o adianta eu ganhar dinheiro e n\u00e3o saber o que fazer com ele. O nosso objetivo \u00e9 tamb\u00e9m enriquecer o nosso conhecimento. Com isso melhorar os servi\u00e7os, praticidade, ganhar tempo e saber administrar o nosso dinheiro\u201d, finalizou.<\/p>\n\n\n\n<p>Para o diretor Institucional da Energia Sustent\u00e1vel do Brasil, Jos\u00e9 L\u00facio de Arruda Gomes, os cursos oferecidos s\u00e3o de extrema import\u00e2ncia para os participantes e representam uma oportunidade de empreendimento e gera\u00e7\u00e3o de renda acompanhando as mudan\u00e7as ocorridas no local. \u201cA capacita\u00e7\u00e3o, al\u00e9m de ampliar o conhecimento do empres\u00e1rio contribui para a melhoria dos servi\u00e7os oferecidos\u201d, diz. \u201cA a\u00e7\u00e3o sedimenta o caminho do desenvolvimento sustent\u00e1vel em Rond\u00f4nia\u201d, completa.<\/p>\n\n\n\n<p>No per\u00edodo de 20 a 25 de julho, o curso ser\u00e1 ministrado em Fortaleza do Abun\u00e3. Em seguida, de 27 de julho a 01 de agosto, ser\u00e1 a vez de Abun\u00e3. E Jaci Paran\u00e1 finaliza a primeira rodada deste m\u00eas.<\/p>","protected":false},"excerpt":{"rendered":"<p>Em meio ao cen\u00e1rio de desenvolvimento que \u00e9 estimulado com a implanta\u00e7\u00e3o da Usina Hidrel\u00e9trica Jirau, em Rond\u00f4nia, surgem novas demandas por produtos e servi\u00e7os, que podem ser explorados por comerciantes e empres\u00e1rios da regi\u00e3o. Na procura de colaborar neste processo, a Energia Sustent\u00e1vel do Brasil, concession\u00e1ria da Usina Jirau, lan\u00e7a o Programa de Qualifica\u00e7\u00e3o [&hellip;]<\/p>","protected":false},"author":1,"featured_media":0,"comment_status":"open","ping_status":"open","sticky":false,"template":"","format":"standard","meta":{"_acf_changed":false,"footnotes":""},"categories":[37],"tags":[],"tipo_de_noticias":[],"tipos_de_inovacao":[],"categoria_episodios":[],"categorias_de_vaga":[],"categoria_de_programas":[],"alfabeto_glossario":[],"categorias_de_pdf":[],"projetos_pdi":[],"class_list":["post-12173","post","type-post","status-publish","format-standard","hentry","category-noticias"],"acf":[],"yoast_head":"<!-- This site is optimized with the Yoast SEO plugin v25.9 - https:\/\/yoast.com\/wordpress\/plugins\/seo\/ -->\n<title>Energia Sustent\u00e1vel capacita micro e pequenos empres\u00e1rios - Jirau Energia<\/title>\n<meta name=\"robots\" content=\"index, follow, max-snippet:-1, max-image-preview:large, max-video-preview:-1\" \/>\n<link rel=\"canonical\" href=\"https:\/\/www.jirauenergia.com.br\/en\/energia-sustentavel-capacita-micro-e-pequenos-empresarios\/\" \/>\n<meta property=\"og:locale\" content=\"en_US\" \/>\n<meta property=\"og:type\" content=\"article\" \/>\n<meta property=\"og:title\" content=\"Energia Sustent\u00e1vel capacita micro e pequenos empres\u00e1rios - Jirau Energia\" \/>\n<meta property=\"og:description\" content=\"Em meio ao cen\u00e1rio de desenvolvimento que \u00e9 estimulado com a implanta\u00e7\u00e3o da Usina Hidrel\u00e9trica Jirau, em Rond\u00f4nia, surgem novas demandas por produtos e servi\u00e7os, que podem ser explorados por comerciantes e empres\u00e1rios da regi\u00e3o. Na procura de colaborar neste processo, a Energia Sustent\u00e1vel do Brasil, concession\u00e1ria da Usina Jirau, lan\u00e7a o Programa de Qualifica\u00e7\u00e3o [&hellip;]\" \/>\n<meta property=\"og:url\" content=\"https:\/\/www.jirauenergia.com.br\/en\/energia-sustentavel-capacita-micro-e-pequenos-empresarios\/\" \/>\n<meta property=\"og:site_name\" content=\"Jirau Energia\" \/>\n<meta property=\"article:published_time\" content=\"2009-07-15T20:04:00+00:00\" \/>\n<meta property=\"article:modified_time\" content=\"2021-10-07T20:04:33+00:00\" \/>\n<meta name=\"author\" content=\"jirauenergia\" \/>\n<meta name=\"twitter:card\" content=\"summary_large_image\" \/>\n<meta name=\"twitter:label1\" content=\"Written by\" \/>\n\t<meta name=\"twitter:data1\" content=\"jirauenergia\" \/>\n\t<meta name=\"twitter:label2\" content=\"Est. reading time\" \/>\n\t<meta name=\"twitter:data2\" content=\"3 minutes\" \/>\n<script type=\"application\/ld+json\" class=\"yoast-schema-graph\">{\"@context\":\"https:\/\/schema.org\",\"@graph\":[{\"@type\":\"Article\",\"@id\":\"https:\/\/www.jirauenergia.com.br\/energia-sustentavel-capacita-micro-e-pequenos-empresarios\/#article\",\"isPartOf\":{\"@id\":\"https:\/\/www.jirauenergia.com.br\/energia-sustentavel-capacita-micro-e-pequenos-empresarios\/\"},\"author\":{\"name\":\"jirauenergia\",\"@id\":\"https:\/\/www.jirauenergia.com.br\/#\/schema\/person\/8452dd861e3764906dd8aaa2cd653525\"},\"headline\":\"Energia Sustent\u00e1vel capacita micro e pequenos empres\u00e1rios\",\"datePublished\":\"2009-07-15T20:04:00+00:00\",\"dateModified\":\"2021-10-07T20:04:33+00:00\",\"mainEntityOfPage\":{\"@id\":\"https:\/\/www.jirauenergia.com.br\/energia-sustentavel-capacita-micro-e-pequenos-empresarios\/\"},\"wordCount\":535,\"commentCount\":0,\"publisher\":{\"@id\":\"https:\/\/www.jirauenergia.com.br\/#organization\"},\"articleSection\":[\"Not\u00edcias\"],\"inLanguage\":\"en-US\",\"potentialAction\":[{\"@type\":\"CommentAction\",\"name\":\"Comment\",\"target\":[\"https:\/\/www.jirauenergia.com.br\/energia-sustentavel-capacita-micro-e-pequenos-empresarios\/#respond\"]}]},{\"@type\":\"WebPage\",\"@id\":\"https:\/\/www.jirauenergia.com.br\/energia-sustentavel-capacita-micro-e-pequenos-empresarios\/\",\"url\":\"https:\/\/www.jirauenergia.com.br\/energia-sustentavel-capacita-micro-e-pequenos-empresarios\/\",\"name\":\"Energia Sustent\u00e1vel capacita micro e pequenos empres\u00e1rios - Jirau Energia\",\"isPartOf\":{\"@id\":\"https:\/\/www.jirauenergia.com.br\/#website\"},\"datePublished\":\"2009-07-15T20:04:00+00:00\",\"dateModified\":\"2021-10-07T20:04:33+00:00\",\"breadcrumb\":{\"@id\":\"https:\/\/www.jirauenergia.com.br\/energia-sustentavel-capacita-micro-e-pequenos-empresarios\/#breadcrumb\"},\"inLanguage\":\"en-US\",\"potentialAction\":[{\"@type\":\"ReadAction\",\"target\":[\"https:\/\/www.jirauenergia.com.br\/energia-sustentavel-capacita-micro-e-pequenos-empresarios\/\"]}]},{\"@type\":\"BreadcrumbList\",\"@id\":\"https:\/\/www.jirauenergia.com.br\/energia-sustentavel-capacita-micro-e-pequenos-empresarios\/#breadcrumb\",\"itemListElement\":[{\"@type\":\"ListItem\",\"position\":1,\"name\":\"In\u00edcio\",\"item\":\"https:\/\/www.jirauenergia.com.br\/\"},{\"@type\":\"ListItem\",\"position\":2,\"name\":\"Energia Sustent\u00e1vel capacita micro e pequenos empres\u00e1rios\"}]},{\"@type\":\"WebSite\",\"@id\":\"https:\/\/www.jirauenergia.com.br\/#website\",\"url\":\"https:\/\/www.jirauenergia.com.br\/\",\"name\":\"Jirau Energia\",\"description\":\"\",\"publisher\":{\"@id\":\"https:\/\/www.jirauenergia.com.br\/#organization\"},\"potentialAction\":[{\"@type\":\"SearchAction\",\"target\":{\"@type\":\"EntryPoint\",\"urlTemplate\":\"https:\/\/www.jirauenergia.com.br\/?s={search_term_string}\"},\"query-input\":{\"@type\":\"PropertyValueSpecification\",\"valueRequired\":true,\"valueName\":\"search_term_string\"}}],\"inLanguage\":\"en-US\"},{\"@type\":\"Organization\",\"@id\":\"https:\/\/www.jirauenergia.com.br\/#organization\",\"name\":\"Jirau Energia\",\"url\":\"https:\/\/www.jirauenergia.com.br\/\",\"logo\":{\"@type\":\"ImageObject\",\"inLanguage\":\"en-US\",\"@id\":\"https:\/\/www.jirauenergia.com.br\/#\/schema\/logo\/image\/\",\"url\":\"https:\/\/www.jirauenergia.com.br\/wp-content\/uploads\/2021\/06\/cropped-logo-jirau-energia-1-1.png\",\"contentUrl\":\"https:\/\/www.jirauenergia.com.br\/wp-content\/uploads\/2021\/06\/cropped-logo-jirau-energia-1-1.png\",\"width\":300,\"height\":86,\"caption\":\"Jirau Energia\"},\"image\":{\"@id\":\"https:\/\/www.jirauenergia.com.br\/#\/schema\/logo\/image\/\"}},{\"@type\":\"Person\",\"@id\":\"https:\/\/www.jirauenergia.com.br\/#\/schema\/person\/8452dd861e3764906dd8aaa2cd653525\",\"name\":\"jirauenergia\",\"image\":{\"@type\":\"ImageObject\",\"inLanguage\":\"en-US\",\"@id\":\"https:\/\/www.jirauenergia.com.br\/#\/schema\/person\/image\/\",\"url\":\"https:\/\/secure.gravatar.com\/avatar\/5aedeb352cd31eb2b3d0be18147849090117adb8c7f2b8420d2aed5457179913?s=96&d=mm&r=g\",\"contentUrl\":\"https:\/\/secure.gravatar.com\/avatar\/5aedeb352cd31eb2b3d0be18147849090117adb8c7f2b8420d2aed5457179913?s=96&d=mm&r=g\",\"caption\":\"jirauenergia\"},\"sameAs\":[\"http:\/\/34.95.145.5\"],\"url\":\"https:\/\/www.jirauenergia.com.br\/en\/author\/jirauenergia\/\"}]}<\/script>\n<!-- \/ Yoast SEO plugin. -->","yoast_head_json":{"title":"Energia Sustent\u00e1vel capacita micro e pequenos empres\u00e1rios - Jirau Energia","robots":{"index":"index","follow":"follow","max-snippet":"max-snippet:-1","max-image-preview":"max-image-preview:large","max-video-preview":"max-video-preview:-1"},"canonical":"https:\/\/www.jirauenergia.com.br\/en\/energia-sustentavel-capacita-micro-e-pequenos-empresarios\/","og_locale":"en_US","og_type":"article","og_title":"Energia Sustent\u00e1vel capacita micro e pequenos empres\u00e1rios - Jirau Energia","og_description":"Em meio ao cen\u00e1rio de desenvolvimento que \u00e9 estimulado com a implanta\u00e7\u00e3o da Usina Hidrel\u00e9trica Jirau, em Rond\u00f4nia, surgem novas demandas por produtos e servi\u00e7os, que podem ser explorados por comerciantes e empres\u00e1rios da regi\u00e3o. Na procura de colaborar neste processo, a Energia Sustent\u00e1vel do Brasil, concession\u00e1ria da Usina Jirau, lan\u00e7a o Programa de Qualifica\u00e7\u00e3o [&hellip;]","og_url":"https:\/\/www.jirauenergia.com.br\/en\/energia-sustentavel-capacita-micro-e-pequenos-empresarios\/","og_site_name":"Jirau Energia","article_published_time":"2009-07-15T20:04:00+00:00","article_modified_time":"2021-10-07T20:04:33+00:00","author":"jirauenergia","twitter_card":"summary_large_image","twitter_misc":{"Written by":"jirauenergia","Est. reading time":"3 minutes"},"schema":{"@context":"https:\/\/schema.org","@graph":[{"@type":"Article","@id":"https:\/\/www.jirauenergia.com.br\/energia-sustentavel-capacita-micro-e-pequenos-empresarios\/#article","isPartOf":{"@id":"https:\/\/www.jirauenergia.com.br\/energia-sustentavel-capacita-micro-e-pequenos-empresarios\/"},"author":{"name":"jirauenergia","@id":"https:\/\/www.jirauenergia.com.br\/#\/schema\/person\/8452dd861e3764906dd8aaa2cd653525"},"headline":"Energia Sustent\u00e1vel capacita micro e pequenos empres\u00e1rios","datePublished":"2009-07-15T20:04:00+00:00","dateModified":"2021-10-07T20:04:33+00:00","mainEntityOfPage":{"@id":"https:\/\/www.jirauenergia.com.br\/energia-sustentavel-capacita-micro-e-pequenos-empresarios\/"},"wordCount":535,"commentCount":0,"publisher":{"@id":"https:\/\/www.jirauenergia.com.br\/#organization"},"articleSection":["Not\u00edcias"],"inLanguage":"en-US","potentialAction":[{"@type":"CommentAction","name":"Comment","target":["https:\/\/www.jirauenergia.com.br\/energia-sustentavel-capacita-micro-e-pequenos-empresarios\/#respond"]}]},{"@type":"WebPage","@id":"https:\/\/www.jirauenergia.com.br\/energia-sustentavel-capacita-micro-e-pequenos-empresarios\/","url":"https:\/\/www.jirauenergia.com.br\/energia-sustentavel-capacita-micro-e-pequenos-empresarios\/","name":"Energia Sustent\u00e1vel capacita micro e pequenos empres\u00e1rios - Jirau Energia","isPartOf":{"@id":"https:\/\/www.jirauenergia.com.br\/#website"},"datePublished":"2009-07-15T20:04:00+00:00","dateModified":"2021-10-07T20:04:33+00:00","breadcrumb":{"@id":"https:\/\/www.jirauenergia.com.br\/energia-sustentavel-capacita-micro-e-pequenos-empresarios\/#breadcrumb"},"inLanguage":"en-US","potentialAction":[{"@type":"ReadAction","target":["https:\/\/www.jirauenergia.com.br\/energia-sustentavel-capacita-micro-e-pequenos-empresarios\/"]}]},{"@type":"BreadcrumbList","@id":"https:\/\/www.jirauenergia.com.br\/energia-sustentavel-capacita-micro-e-pequenos-empresarios\/#breadcrumb","itemListElement":[{"@type":"ListItem","position":1,"name":"In\u00edcio","item":"https:\/\/www.jirauenergia.com.br\/"},{"@type":"ListItem","position":2,"name":"Energia Sustent\u00e1vel capacita micro e pequenos empres\u00e1rios"}]},{"@type":"WebSite","@id":"https:\/\/www.jirauenergia.com.br\/#website","url":"https:\/\/www.jirauenergia.com.br\/","name":"JIRAU ENERGY","description":"","publisher":{"@id":"https:\/\/www.jirauenergia.com.br\/#organization"},"potentialAction":[{"@type":"SearchAction","target":{"@type":"EntryPoint","urlTemplate":"https:\/\/www.jirauenergia.com.br\/?s={search_term_string}"},"query-input":{"@type":"PropertyValueSpecification","valueRequired":true,"valueName":"search_term_string"}}],"inLanguage":"en-US"},{"@type":"Organization","@id":"https:\/\/www.jirauenergia.com.br\/#organization","name":"JIRAU ENERGY","url":"https:\/\/www.jirauenergia.com.br\/","logo":{"@type":"ImageObject","inLanguage":"en-US","@id":"https:\/\/www.jirauenergia.com.br\/#\/schema\/logo\/image\/","url":"https:\/\/www.jirauenergia.com.br\/wp-content\/uploads\/2021\/06\/cropped-logo-jirau-energia-1-1.png","contentUrl":"https:\/\/www.jirauenergia.com.br\/wp-content\/uploads\/2021\/06\/cropped-logo-jirau-energia-1-1.png","width":300,"height":86,"caption":"Jirau Energia"},"image":{"@id":"https:\/\/www.jirauenergia.com.br\/#\/schema\/logo\/image\/"}},{"@type":"Person","@id":"https:\/\/www.jirauenergia.com.br\/#\/schema\/person\/8452dd861e3764906dd8aaa2cd653525","name":"jirauenergia","image":{"@type":"ImageObject","inLanguage":"en-US","@id":"https:\/\/www.jirauenergia.com.br\/#\/schema\/person\/image\/","url":"https:\/\/secure.gravatar.com\/avatar\/5aedeb352cd31eb2b3d0be18147849090117adb8c7f2b8420d2aed5457179913?s=96&d=mm&r=g","contentUrl":"https:\/\/secure.gravatar.com\/avatar\/5aedeb352cd31eb2b3d0be18147849090117adb8c7f2b8420d2aed5457179913?s=96&d=mm&r=g","caption":"jirauenergia"},"sameAs":["http:\/\/34.95.145.5"],"url":"https:\/\/www.jirauenergia.com.br\/en\/author\/jirauenergia\/"}]}},"_links":{"self":[{"href":"https:\/\/www.jirauenergia.com.br\/en\/wp-json\/wp\/v2\/posts\/12173","targetHints":{"allow":["GET"]}}],"collection":[{"href":"https:\/\/www.jirauenergia.com.br\/en\/wp-json\/wp\/v2\/posts"}],"about":[{"href":"https:\/\/www.jirauenergia.com.br\/en\/wp-json\/wp\/v2\/types\/post"}],"author":[{"embeddable":true,"href":"https:\/\/www.jirauenergia.com.br\/en\/wp-json\/wp\/v2\/users\/1"}],"replies":[{"embeddable":true,"href":"https:\/\/www.jirauenergia.com.br\/en\/wp-json\/wp\/v2\/comments?post=12173"}],"version-history":[{"count":1,"href":"https:\/\/www.jirauenergia.com.br\/en\/wp-json\/wp\/v2\/posts\/12173\/revisions"}],"predecessor-version":[{"id":12174,"href":"https:\/\/www.jirauenergia.com.br\/en\/wp-json\/wp\/v2\/posts\/12173\/revisions\/12174"}],"wp:attachment":[{"href":"https:\/\/www.jirauenergia.com.br\/en\/wp-json\/wp\/v2\/media?parent=12173"}],"wp:term":[{"taxonomy":"category","embeddable":true,"href":"https:\/\/www.jirauenergia.com.br\/en\/wp-json\/wp\/v2\/categories?post=12173"},{"taxonomy":"post_tag","embeddable":true,"href":"https:\/\/www.jirauenergia.com.br\/en\/wp-json\/wp\/v2\/tags?post=12173"},{"taxonomy":"tipo_de_noticias","embeddable":true,"href":"https:\/\/www.jirauenergia.com.br\/en\/wp-json\/wp\/v2\/tipo_de_noticias?post=12173"},{"taxonomy":"tipos_de_inovacao","embeddable":true,"href":"https:\/\/www.jirauenergia.com.br\/en\/wp-json\/wp\/v2\/tipos_de_inovacao?post=12173"},{"taxonomy":"categoria_episodios","embeddable":true,"href":"https:\/\/www.jirauenergia.com.br\/en\/wp-json\/wp\/v2\/categoria_episodios?post=12173"},{"taxonomy":"categorias_de_vaga","embeddable":true,"href":"https:\/\/www.jirauenergia.com.br\/en\/wp-json\/wp\/v2\/categorias_de_vaga?post=12173"},{"taxonomy":"categoria_de_programas","embeddable":true,"href":"https:\/\/www.jirauenergia.com.br\/en\/wp-json\/wp\/v2\/categoria_de_programas?post=12173"},{"taxonomy":"alfabeto_glossario","embeddable":true,"href":"https:\/\/www.jirauenergia.com.br\/en\/wp-json\/wp\/v2\/alfabeto_glossario?post=12173"},{"taxonomy":"categorias_de_pdf","embeddable":true,"href":"https:\/\/www.jirauenergia.com.br\/en\/wp-json\/wp\/v2\/categorias_de_pdf?post=12173"},{"taxonomy":"projetos_pdi","embeddable":true,"href":"https:\/\/www.jirauenergia.com.br\/en\/wp-json\/wp\/v2\/projetos_pdi?post=12173"}],"curies":[{"name":"wp","href":"https:\/\/api.w.org\/{rel}","templated":true}]}}