{"id":12107,"date":"2009-06-09T18:03:00","date_gmt":"2009-06-09T21:03:00","guid":{"rendered":"https:\/\/www.jirauenergia.com.br\/?p=12107"},"modified":"2021-10-06T18:04:45","modified_gmt":"2021-10-06T21:04:45","slug":"energia-sustentavel-participa-do-dia-mundial-do-meio-ambiente-em-mutum-parana","status":"publish","type":"post","link":"https:\/\/www.jirauenergia.com.br\/en\/energia-sustentavel-participa-do-dia-mundial-do-meio-ambiente-em-mutum-parana\/","title":{"rendered":"Energia Sustent\u00e1vel participa do Dia Mundial do Meio Ambiente em Mutum-Paran\u00e1"},"content":{"rendered":"<p>Representantes da Energia Sustent\u00e1vel do Brasil realizaram palestra nesta sexta-feira, na Escola Municipal Nossa Senhora de Nazar\u00e9, em Mutum-Paran\u00e1, durante a comemora\u00e7\u00e3o do Dia Mundial do Meio Ambiente. Alunos e professores prepararam o primeiro evento voltado para este tema.<\/p>\n\n\n\n<p>Foi apresentado o v\u00eddeo institucional da Energia Sustent\u00e1vel e logo ap\u00f3s, teve in\u00edcio a palestra sobre meio ambiente e conserva\u00e7\u00e3o, com o coordenador de Meio Ambiente da Energia Sustent\u00e1vel, Gabriel Mendes. Na oportunidade foram apresentados os Programas de Conserva\u00e7\u00e3o da Flora; Resgate da Fauna e do Resgate da Ictiofauna. Al\u00e9m destes programas, foi abordado tamb\u00e9m o tratamento de res\u00edduos gerados no canteiro de obras da usina. Segundo Gabriel, a palestra foi bastante proveitosa e os alunos se mostraram interessados com o assunto.<\/p>\n\n\n\n<p>Envolvidos pela tem\u00e1tica, os estudantes usaram de muita criatividade com trabalhos alusivos a tem\u00e1tica, expostos na \u00e1rea central da escola. O professor de ingl\u00eas, Joventino dos Santos apresentou jogral, no qual foram&nbsp; recitadas poesias com apelo ambiental. Logo ap\u00f3s houve din\u00e2micas e distribui\u00e7\u00e3o de brindes.<\/p>\n\n\n\n<p>Para finalizar o evento, a analista de Socioeconomia da Energia Sustent\u00e1vel, Cirlene Furini, em nome da empresa, doou \u00e0 diretora da escola, Joelma de Freitas Oliveira, lixeiras de coleta seletiva e vasos para plantas. \u201cN\u00f3s vimos a necessidade de trabalhar o tema Meio Ambiente e gerar nos alunos a consci\u00eancia de preservar o meio em que vivem. Foi o primeiro evento de muitos que pretendemos realizar\u201d, finalizou a diretora.<\/p>","protected":false},"excerpt":{"rendered":"<p>Representantes da Energia Sustent\u00e1vel do Brasil realizaram palestra nesta sexta-feira, na Escola Municipal Nossa Senhora de Nazar\u00e9, em Mutum-Paran\u00e1, durante a comemora\u00e7\u00e3o do Dia Mundial do Meio Ambiente. Alunos e professores prepararam o primeiro evento voltado para este tema. Foi apresentado o v\u00eddeo institucional da Energia Sustent\u00e1vel e logo ap\u00f3s, teve in\u00edcio a palestra sobre [&hellip;]<\/p>","protected":false},"author":1,"featured_media":0,"comment_status":"open","ping_status":"open","sticky":false,"template":"","format":"standard","meta":{"_acf_changed":false,"footnotes":""},"categories":[37],"tags":[],"tipo_de_noticias":[],"tipos_de_inovacao":[],"categoria_episodios":[],"categorias_de_vaga":[],"categoria_de_programas":[],"alfabeto_glossario":[],"categorias_de_pdf":[],"projetos_pdi":[],"class_list":["post-12107","post","type-post","status-publish","format-standard","hentry","category-noticias"],"acf":[],"yoast_head":"<!-- This site is optimized with the Yoast SEO plugin v25.9 - https:\/\/yoast.com\/wordpress\/plugins\/seo\/ -->\n<title>Energia Sustent\u00e1vel participa do Dia Mundial do Meio Ambiente em Mutum-Paran\u00e1 - Jirau Energia<\/title>\n<meta name=\"robots\" content=\"index, follow, max-snippet:-1, max-image-preview:large, max-video-preview:-1\" \/>\n<link rel=\"canonical\" href=\"https:\/\/www.jirauenergia.com.br\/en\/energia-sustentavel-participa-do-dia-mundial-do-meio-ambiente-em-mutum-parana\/\" \/>\n<meta property=\"og:locale\" content=\"en_US\" \/>\n<meta property=\"og:type\" content=\"article\" \/>\n<meta property=\"og:title\" content=\"Energia Sustent\u00e1vel participa do Dia Mundial do Meio Ambiente em Mutum-Paran\u00e1 - Jirau Energia\" \/>\n<meta property=\"og:description\" content=\"Representantes da Energia Sustent\u00e1vel do Brasil realizaram palestra nesta sexta-feira, na Escola Municipal Nossa Senhora de Nazar\u00e9, em Mutum-Paran\u00e1, durante a comemora\u00e7\u00e3o do Dia Mundial do Meio Ambiente. Alunos e professores prepararam o primeiro evento voltado para este tema. Foi apresentado o v\u00eddeo institucional da Energia Sustent\u00e1vel e logo ap\u00f3s, teve in\u00edcio a palestra sobre [&hellip;]\" \/>\n<meta property=\"og:url\" content=\"https:\/\/www.jirauenergia.com.br\/en\/energia-sustentavel-participa-do-dia-mundial-do-meio-ambiente-em-mutum-parana\/\" \/>\n<meta property=\"og:site_name\" content=\"Jirau Energia\" \/>\n<meta property=\"article:published_time\" content=\"2009-06-09T21:03:00+00:00\" \/>\n<meta property=\"article:modified_time\" content=\"2021-10-06T21:04:45+00:00\" \/>\n<meta name=\"author\" content=\"jirauenergia\" \/>\n<meta name=\"twitter:card\" content=\"summary_large_image\" \/>\n<meta name=\"twitter:label1\" content=\"Written by\" \/>\n\t<meta name=\"twitter:data1\" content=\"jirauenergia\" \/>\n\t<meta name=\"twitter:label2\" content=\"Est. reading time\" \/>\n\t<meta name=\"twitter:data2\" content=\"2 minutes\" \/>\n<script type=\"application\/ld+json\" class=\"yoast-schema-graph\">{\"@context\":\"https:\/\/schema.org\",\"@graph\":[{\"@type\":\"Article\",\"@id\":\"https:\/\/www.jirauenergia.com.br\/energia-sustentavel-participa-do-dia-mundial-do-meio-ambiente-em-mutum-parana\/#article\",\"isPartOf\":{\"@id\":\"https:\/\/www.jirauenergia.com.br\/energia-sustentavel-participa-do-dia-mundial-do-meio-ambiente-em-mutum-parana\/\"},\"author\":{\"name\":\"jirauenergia\",\"@id\":\"https:\/\/www.jirauenergia.com.br\/#\/schema\/person\/8452dd861e3764906dd8aaa2cd653525\"},\"headline\":\"Energia Sustent\u00e1vel participa do Dia Mundial do Meio Ambiente em Mutum-Paran\u00e1\",\"datePublished\":\"2009-06-09T21:03:00+00:00\",\"dateModified\":\"2021-10-06T21:04:45+00:00\",\"mainEntityOfPage\":{\"@id\":\"https:\/\/www.jirauenergia.com.br\/energia-sustentavel-participa-do-dia-mundial-do-meio-ambiente-em-mutum-parana\/\"},\"wordCount\":268,\"commentCount\":0,\"publisher\":{\"@id\":\"https:\/\/www.jirauenergia.com.br\/#organization\"},\"articleSection\":[\"Not\u00edcias\"],\"inLanguage\":\"en-US\",\"potentialAction\":[{\"@type\":\"CommentAction\",\"name\":\"Comment\",\"target\":[\"https:\/\/www.jirauenergia.com.br\/energia-sustentavel-participa-do-dia-mundial-do-meio-ambiente-em-mutum-parana\/#respond\"]}]},{\"@type\":\"WebPage\",\"@id\":\"https:\/\/www.jirauenergia.com.br\/energia-sustentavel-participa-do-dia-mundial-do-meio-ambiente-em-mutum-parana\/\",\"url\":\"https:\/\/www.jirauenergia.com.br\/energia-sustentavel-participa-do-dia-mundial-do-meio-ambiente-em-mutum-parana\/\",\"name\":\"Energia Sustent\u00e1vel participa do Dia Mundial do Meio Ambiente em Mutum-Paran\u00e1 - Jirau Energia\",\"isPartOf\":{\"@id\":\"https:\/\/www.jirauenergia.com.br\/#website\"},\"datePublished\":\"2009-06-09T21:03:00+00:00\",\"dateModified\":\"2021-10-06T21:04:45+00:00\",\"breadcrumb\":{\"@id\":\"https:\/\/www.jirauenergia.com.br\/energia-sustentavel-participa-do-dia-mundial-do-meio-ambiente-em-mutum-parana\/#breadcrumb\"},\"inLanguage\":\"en-US\",\"potentialAction\":[{\"@type\":\"ReadAction\",\"target\":[\"https:\/\/www.jirauenergia.com.br\/energia-sustentavel-participa-do-dia-mundial-do-meio-ambiente-em-mutum-parana\/\"]}]},{\"@type\":\"BreadcrumbList\",\"@id\":\"https:\/\/www.jirauenergia.com.br\/energia-sustentavel-participa-do-dia-mundial-do-meio-ambiente-em-mutum-parana\/#breadcrumb\",\"itemListElement\":[{\"@type\":\"ListItem\",\"position\":1,\"name\":\"In\u00edcio\",\"item\":\"https:\/\/www.jirauenergia.com.br\/\"},{\"@type\":\"ListItem\",\"position\":2,\"name\":\"Energia Sustent\u00e1vel participa do Dia Mundial do Meio Ambiente em Mutum-Paran\u00e1\"}]},{\"@type\":\"WebSite\",\"@id\":\"https:\/\/www.jirauenergia.com.br\/#website\",\"url\":\"https:\/\/www.jirauenergia.com.br\/\",\"name\":\"Jirau Energia\",\"description\":\"\",\"publisher\":{\"@id\":\"https:\/\/www.jirauenergia.com.br\/#organization\"},\"potentialAction\":[{\"@type\":\"SearchAction\",\"target\":{\"@type\":\"EntryPoint\",\"urlTemplate\":\"https:\/\/www.jirauenergia.com.br\/?s={search_term_string}\"},\"query-input\":{\"@type\":\"PropertyValueSpecification\",\"valueRequired\":true,\"valueName\":\"search_term_string\"}}],\"inLanguage\":\"en-US\"},{\"@type\":\"Organization\",\"@id\":\"https:\/\/www.jirauenergia.com.br\/#organization\",\"name\":\"Jirau Energia\",\"url\":\"https:\/\/www.jirauenergia.com.br\/\",\"logo\":{\"@type\":\"ImageObject\",\"inLanguage\":\"en-US\",\"@id\":\"https:\/\/www.jirauenergia.com.br\/#\/schema\/logo\/image\/\",\"url\":\"https:\/\/www.jirauenergia.com.br\/wp-content\/uploads\/2021\/06\/cropped-logo-jirau-energia-1-1.png\",\"contentUrl\":\"https:\/\/www.jirauenergia.com.br\/wp-content\/uploads\/2021\/06\/cropped-logo-jirau-energia-1-1.png\",\"width\":300,\"height\":86,\"caption\":\"Jirau Energia\"},\"image\":{\"@id\":\"https:\/\/www.jirauenergia.com.br\/#\/schema\/logo\/image\/\"}},{\"@type\":\"Person\",\"@id\":\"https:\/\/www.jirauenergia.com.br\/#\/schema\/person\/8452dd861e3764906dd8aaa2cd653525\",\"name\":\"jirauenergia\",\"image\":{\"@type\":\"ImageObject\",\"inLanguage\":\"en-US\",\"@id\":\"https:\/\/www.jirauenergia.com.br\/#\/schema\/person\/image\/\",\"url\":\"https:\/\/secure.gravatar.com\/avatar\/5aedeb352cd31eb2b3d0be18147849090117adb8c7f2b8420d2aed5457179913?s=96&d=mm&r=g\",\"contentUrl\":\"https:\/\/secure.gravatar.com\/avatar\/5aedeb352cd31eb2b3d0be18147849090117adb8c7f2b8420d2aed5457179913?s=96&d=mm&r=g\",\"caption\":\"jirauenergia\"},\"sameAs\":[\"http:\/\/34.95.145.5\"],\"url\":\"https:\/\/www.jirauenergia.com.br\/en\/author\/jirauenergia\/\"}]}<\/script>\n<!-- \/ Yoast SEO plugin. -->","yoast_head_json":{"title":"Energia Sustent\u00e1vel participa do Dia Mundial do Meio Ambiente em Mutum-Paran\u00e1 - Jirau Energia","robots":{"index":"index","follow":"follow","max-snippet":"max-snippet:-1","max-image-preview":"max-image-preview:large","max-video-preview":"max-video-preview:-1"},"canonical":"https:\/\/www.jirauenergia.com.br\/en\/energia-sustentavel-participa-do-dia-mundial-do-meio-ambiente-em-mutum-parana\/","og_locale":"en_US","og_type":"article","og_title":"Energia Sustent\u00e1vel participa do Dia Mundial do Meio Ambiente em Mutum-Paran\u00e1 - Jirau Energia","og_description":"Representantes da Energia Sustent\u00e1vel do Brasil realizaram palestra nesta sexta-feira, na Escola Municipal Nossa Senhora de Nazar\u00e9, em Mutum-Paran\u00e1, durante a comemora\u00e7\u00e3o do Dia Mundial do Meio Ambiente. Alunos e professores prepararam o primeiro evento voltado para este tema. Foi apresentado o v\u00eddeo institucional da Energia Sustent\u00e1vel e logo ap\u00f3s, teve in\u00edcio a palestra sobre [&hellip;]","og_url":"https:\/\/www.jirauenergia.com.br\/en\/energia-sustentavel-participa-do-dia-mundial-do-meio-ambiente-em-mutum-parana\/","og_site_name":"Jirau Energia","article_published_time":"2009-06-09T21:03:00+00:00","article_modified_time":"2021-10-06T21:04:45+00:00","author":"jirauenergia","twitter_card":"summary_large_image","twitter_misc":{"Written by":"jirauenergia","Est. reading time":"2 minutes"},"schema":{"@context":"https:\/\/schema.org","@graph":[{"@type":"Article","@id":"https:\/\/www.jirauenergia.com.br\/energia-sustentavel-participa-do-dia-mundial-do-meio-ambiente-em-mutum-parana\/#article","isPartOf":{"@id":"https:\/\/www.jirauenergia.com.br\/energia-sustentavel-participa-do-dia-mundial-do-meio-ambiente-em-mutum-parana\/"},"author":{"name":"jirauenergia","@id":"https:\/\/www.jirauenergia.com.br\/#\/schema\/person\/8452dd861e3764906dd8aaa2cd653525"},"headline":"Energia Sustent\u00e1vel participa do Dia Mundial do Meio Ambiente em Mutum-Paran\u00e1","datePublished":"2009-06-09T21:03:00+00:00","dateModified":"2021-10-06T21:04:45+00:00","mainEntityOfPage":{"@id":"https:\/\/www.jirauenergia.com.br\/energia-sustentavel-participa-do-dia-mundial-do-meio-ambiente-em-mutum-parana\/"},"wordCount":268,"commentCount":0,"publisher":{"@id":"https:\/\/www.jirauenergia.com.br\/#organization"},"articleSection":["Not\u00edcias"],"inLanguage":"en-US","potentialAction":[{"@type":"CommentAction","name":"Comment","target":["https:\/\/www.jirauenergia.com.br\/energia-sustentavel-participa-do-dia-mundial-do-meio-ambiente-em-mutum-parana\/#respond"]}]},{"@type":"WebPage","@id":"https:\/\/www.jirauenergia.com.br\/energia-sustentavel-participa-do-dia-mundial-do-meio-ambiente-em-mutum-parana\/","url":"https:\/\/www.jirauenergia.com.br\/energia-sustentavel-participa-do-dia-mundial-do-meio-ambiente-em-mutum-parana\/","name":"Energia Sustent\u00e1vel participa do Dia Mundial do Meio Ambiente em Mutum-Paran\u00e1 - Jirau Energia","isPartOf":{"@id":"https:\/\/www.jirauenergia.com.br\/#website"},"datePublished":"2009-06-09T21:03:00+00:00","dateModified":"2021-10-06T21:04:45+00:00","breadcrumb":{"@id":"https:\/\/www.jirauenergia.com.br\/energia-sustentavel-participa-do-dia-mundial-do-meio-ambiente-em-mutum-parana\/#breadcrumb"},"inLanguage":"en-US","potentialAction":[{"@type":"ReadAction","target":["https:\/\/www.jirauenergia.com.br\/energia-sustentavel-participa-do-dia-mundial-do-meio-ambiente-em-mutum-parana\/"]}]},{"@type":"BreadcrumbList","@id":"https:\/\/www.jirauenergia.com.br\/energia-sustentavel-participa-do-dia-mundial-do-meio-ambiente-em-mutum-parana\/#breadcrumb","itemListElement":[{"@type":"ListItem","position":1,"name":"In\u00edcio","item":"https:\/\/www.jirauenergia.com.br\/"},{"@type":"ListItem","position":2,"name":"Energia Sustent\u00e1vel participa do Dia Mundial do Meio Ambiente em Mutum-Paran\u00e1"}]},{"@type":"WebSite","@id":"https:\/\/www.jirauenergia.com.br\/#website","url":"https:\/\/www.jirauenergia.com.br\/","name":"JIRAU ENERGY","description":"","publisher":{"@id":"https:\/\/www.jirauenergia.com.br\/#organization"},"potentialAction":[{"@type":"SearchAction","target":{"@type":"EntryPoint","urlTemplate":"https:\/\/www.jirauenergia.com.br\/?s={search_term_string}"},"query-input":{"@type":"PropertyValueSpecification","valueRequired":true,"valueName":"search_term_string"}}],"inLanguage":"en-US"},{"@type":"Organization","@id":"https:\/\/www.jirauenergia.com.br\/#organization","name":"JIRAU ENERGY","url":"https:\/\/www.jirauenergia.com.br\/","logo":{"@type":"ImageObject","inLanguage":"en-US","@id":"https:\/\/www.jirauenergia.com.br\/#\/schema\/logo\/image\/","url":"https:\/\/www.jirauenergia.com.br\/wp-content\/uploads\/2021\/06\/cropped-logo-jirau-energia-1-1.png","contentUrl":"https:\/\/www.jirauenergia.com.br\/wp-content\/uploads\/2021\/06\/cropped-logo-jirau-energia-1-1.png","width":300,"height":86,"caption":"Jirau Energia"},"image":{"@id":"https:\/\/www.jirauenergia.com.br\/#\/schema\/logo\/image\/"}},{"@type":"Person","@id":"https:\/\/www.jirauenergia.com.br\/#\/schema\/person\/8452dd861e3764906dd8aaa2cd653525","name":"jirauenergia","image":{"@type":"ImageObject","inLanguage":"en-US","@id":"https:\/\/www.jirauenergia.com.br\/#\/schema\/person\/image\/","url":"https:\/\/secure.gravatar.com\/avatar\/5aedeb352cd31eb2b3d0be18147849090117adb8c7f2b8420d2aed5457179913?s=96&d=mm&r=g","contentUrl":"https:\/\/secure.gravatar.com\/avatar\/5aedeb352cd31eb2b3d0be18147849090117adb8c7f2b8420d2aed5457179913?s=96&d=mm&r=g","caption":"jirauenergia"},"sameAs":["http:\/\/34.95.145.5"],"url":"https:\/\/www.jirauenergia.com.br\/en\/author\/jirauenergia\/"}]}},"_links":{"self":[{"href":"https:\/\/www.jirauenergia.com.br\/en\/wp-json\/wp\/v2\/posts\/12107","targetHints":{"allow":["GET"]}}],"collection":[{"href":"https:\/\/www.jirauenergia.com.br\/en\/wp-json\/wp\/v2\/posts"}],"about":[{"href":"https:\/\/www.jirauenergia.com.br\/en\/wp-json\/wp\/v2\/types\/post"}],"author":[{"embeddable":true,"href":"https:\/\/www.jirauenergia.com.br\/en\/wp-json\/wp\/v2\/users\/1"}],"replies":[{"embeddable":true,"href":"https:\/\/www.jirauenergia.com.br\/en\/wp-json\/wp\/v2\/comments?post=12107"}],"version-history":[{"count":1,"href":"https:\/\/www.jirauenergia.com.br\/en\/wp-json\/wp\/v2\/posts\/12107\/revisions"}],"predecessor-version":[{"id":12108,"href":"https:\/\/www.jirauenergia.com.br\/en\/wp-json\/wp\/v2\/posts\/12107\/revisions\/12108"}],"wp:attachment":[{"href":"https:\/\/www.jirauenergia.com.br\/en\/wp-json\/wp\/v2\/media?parent=12107"}],"wp:term":[{"taxonomy":"category","embeddable":true,"href":"https:\/\/www.jirauenergia.com.br\/en\/wp-json\/wp\/v2\/categories?post=12107"},{"taxonomy":"post_tag","embeddable":true,"href":"https:\/\/www.jirauenergia.com.br\/en\/wp-json\/wp\/v2\/tags?post=12107"},{"taxonomy":"tipo_de_noticias","embeddable":true,"href":"https:\/\/www.jirauenergia.com.br\/en\/wp-json\/wp\/v2\/tipo_de_noticias?post=12107"},{"taxonomy":"tipos_de_inovacao","embeddable":true,"href":"https:\/\/www.jirauenergia.com.br\/en\/wp-json\/wp\/v2\/tipos_de_inovacao?post=12107"},{"taxonomy":"categoria_episodios","embeddable":true,"href":"https:\/\/www.jirauenergia.com.br\/en\/wp-json\/wp\/v2\/categoria_episodios?post=12107"},{"taxonomy":"categorias_de_vaga","embeddable":true,"href":"https:\/\/www.jirauenergia.com.br\/en\/wp-json\/wp\/v2\/categorias_de_vaga?post=12107"},{"taxonomy":"categoria_de_programas","embeddable":true,"href":"https:\/\/www.jirauenergia.com.br\/en\/wp-json\/wp\/v2\/categoria_de_programas?post=12107"},{"taxonomy":"alfabeto_glossario","embeddable":true,"href":"https:\/\/www.jirauenergia.com.br\/en\/wp-json\/wp\/v2\/alfabeto_glossario?post=12107"},{"taxonomy":"categorias_de_pdf","embeddable":true,"href":"https:\/\/www.jirauenergia.com.br\/en\/wp-json\/wp\/v2\/categorias_de_pdf?post=12107"},{"taxonomy":"projetos_pdi","embeddable":true,"href":"https:\/\/www.jirauenergia.com.br\/en\/wp-json\/wp\/v2\/projetos_pdi?post=12107"}],"curies":[{"name":"wp","href":"https:\/\/api.w.org\/{rel}","templated":true}]}}